{"id":48363,"date":"2023-04-10T11:01:00","date_gmt":"2023-04-10T14:01:00","guid":{"rendered":"https:\/\/www.portalalerta.com.br\/?p=48363"},"modified":"2023-04-10T00:17:29","modified_gmt":"2023-04-10T03:17:29","slug":"nova-lista-de-trabalho-analogo-a-escravidao-contem-289-nomes","status":"publish","type":"post","link":"https:\/\/www.portalalerta.com.br\/index.php\/2023\/04\/10\/nova-lista-de-trabalho-analogo-a-escravidao-contem-289-nomes\/","title":{"rendered":"Nova lista de trabalho an\u00e1logo \u00e0 escravid\u00e3o cont\u00e9m 289 nomes"},"content":{"rendered":"\n<p><em>Minas Gerais lidera ranking com 35 empregadores<\/em><\/p>\n\n\n\n<!--more-->\n\n\n\n<p>A mais recente lista de trabalho an\u00e1logo \u00e0 escravid\u00e3o incluiu 132 empregadores e excluiu outros 17, entre pessoas f\u00edsicas e jur\u00eddicas. Na rela\u00e7\u00e3o atualizada pelo Minist\u00e9rio do Trabalho e Emprego, na \u00faltima quarta-feira (5), constam 289 nomes, envolvidos em processos encerrados, isto \u00e9, em que n\u00e3o cabem mais recursos para as partes.<\/p>\n\n\n\n<p>A inclus\u00e3o de empregadores flagrados em situa\u00e7\u00e3o ilegal \u00e9 prevista na&nbsp;<a href=\"https:\/\/www.in.gov.br\/materia\/-\/asset_publisher\/Kujrw0TZC2Mb\/content\/id\/22805466\/do1-2016-05-12-portaria-interministerial-n-4-de-11-de-maio-de-2016-22805411\" target=\"_blank\" rel=\"noreferrer noopener\"><strong>Portaria Interministerial n\u00ba 4<\/strong><\/a>, de 11 de maio de 2016, e feita desde 2003, sendo atualizada todo semestre. Os nomes permanecem no cadastro do governo federal por dois anos.<\/p>\n\n\n<div class=\"wp-block-image\">\n<figure class=\"alignleft size-full is-resized\"><img fetchpriority=\"high\" decoding=\"async\" src=\"https:\/\/www.portalalerta.com.br\/wp-content\/uploads\/2022\/03\/Cred-Real.1.jpg\" alt=\"\" class=\"wp-image-41523\" width=\"363\" height=\"290\" srcset=\"https:\/\/www.portalalerta.com.br\/wp-content\/uploads\/2022\/03\/Cred-Real.1.jpg 500w, https:\/\/www.portalalerta.com.br\/wp-content\/uploads\/2022\/03\/Cred-Real.1-300x240.jpg 300w, https:\/\/www.portalalerta.com.br\/wp-content\/uploads\/2022\/03\/Cred-Real.1-183x146.jpg 183w, https:\/\/www.portalalerta.com.br\/wp-content\/uploads\/2022\/03\/Cred-Real.1-50x40.jpg 50w, https:\/\/www.portalalerta.com.br\/wp-content\/uploads\/2022\/03\/Cred-Real.1-94x75.jpg 94w\" sizes=\"(max-width: 363px) 100vw, 363px\" \/><\/figure><\/div>\n\n\n<p>Os casos acrescentados \u00e0 lista s\u00e3o dos per\u00edodos de 2018 a 2022. A maioria deles \u00e9 do estado de Minas Gerais (35). Em segundo, terceiro e quarto lugares, aparecem Goi\u00e1s (15), Piau\u00ed (13) e Par\u00e1 (11). Tamb\u00e9m foram inseridos na lista oito casos do Maranh\u00e3o, oito do Paran\u00e1, sete de Santa Catarina, sete da Bahia, seis do Mato Grosso do Sul, seis do Rio Grande do Sul, cinco do Mato Grosso, dois de Pernambuco, dois do Distrito Federal, dois de S\u00e3o Paulo, um do Cear\u00e1, um de Rond\u00f4nia, um de Roraima, um do Rio Grande do Norte e um de Tocantins.<\/p>\n\n\n\n<p>Pela atualiza\u00e7\u00e3o, observa-se, portanto, que em 18 estados e no Distrito Federal as equipes de fiscaliza\u00e7\u00e3o identificaram esse tipo de viola\u00e7\u00e3o de direitos humanos. Conforme destacou o ministro da pasta, Luiz Marinho, no dia da divulga\u00e7\u00e3o da nova lista, somente neste in\u00edcio de ano, j\u00e1 foram realizados mais de 1 mil resgates de trabalhadores nessa condi\u00e7\u00e3o.<\/p>\n\n\n\n<p><strong>O que \u00e9 trabalho an\u00e1logo \u00e0 escravid\u00e3o?<\/strong><\/p>\n\n\n\n<p>A legisla\u00e7\u00e3o brasileira atual classifica como trabalho an\u00e1logo \u00e0 escravid\u00e3o toda atividade for\u00e7ada \u2013 quando a pessoa \u00e9 impedida de deixar seu local de trabalho \u2013 desenvolvida sob condi\u00e7\u00f5es degradantes ou em jornadas exaustivas. Tamb\u00e9m \u00e9 pass\u00edvel de den\u00fancia qualquer caso em que o funcion\u00e1rio seja vigiado constantemente, de forma ostensiva, por seu patr\u00e3o.<\/p>\n\n\n\n<p>De acordo com a Coordenadoria Nacional de Erradica\u00e7\u00e3o do Trabalho Escravo (Conaete), jornada exaustiva \u00e9 todo expediente que, por circunst\u00e2ncias de intensidade, frequ\u00eancia ou desgaste, cause preju\u00edzos \u00e0 sa\u00fade f\u00edsica ou mental do trabalhador, que, vulner\u00e1vel, tem sua vontade anulada e sua dignidade atingida.<\/p>\n\n\n\n<p>J\u00e1 as condi\u00e7\u00f5es degradantes de trabalho s\u00e3o aquelas em que o desprezo \u00e0 dignidade da pessoa humana se instaura pela viola\u00e7\u00e3o de direitos fundamentais do trabalhador, em especial os referentes \u00e0 higiene, sa\u00fade, seguran\u00e7a, moradia, alimenta\u00e7\u00e3o, a repouso ou outros relacionados a direitos da personalidade.<\/p>\n\n\n\n<p>Outra forma de escravid\u00e3o contempor\u00e2nea reconhecida no Brasil \u00e9 a servid\u00e3o por d\u00edvida, que ocorre quando o funcion\u00e1rio tem seu deslocamento restrito pelo empregador, sob alega\u00e7\u00e3o de que deve liquidar uma d\u00edvida em dinheiro.<\/p>\n\n\n\n<p>Um relat\u00f3rio da Organiza\u00e7\u00e3o Internacional do Trabalho (OIT), da Walk Free e Organiza\u00e7\u00e3o Internacional para as Migra\u00e7\u00f5es, divulgado em setembro de 2022, destaca que, no mundo todo, cerca de 28 milh\u00f5es de pessoas foram v\u00edtimas de trabalhos for\u00e7ados, em 2021. A maioria dos casos (86%) ocorre no setor privado, e quase uma em cada oito pessoas que eram submetidas a esse tipo de viola\u00e7\u00e3o \u00e9 crian\u00e7a (3,3 milh\u00f5es).<\/p>\n\n\n\n<p>O Minist\u00e9rio P\u00fablico do Trabalho disponibiliza, em seu&nbsp;<em>site<\/em>, um&nbsp;<a href=\"https:\/\/mpt.mp.br\/pgt\/servicos\/servico-denuncie\" target=\"_blank\" rel=\"noreferrer noopener\"><strong>canal para registro de den\u00fancias<\/strong><\/a>&nbsp;de crimes que atentem contra os direitos dos trabalhadores. A notifica\u00e7\u00e3o pode ser feita de forma an\u00f4nima.<\/p>\n\n\n\n<p><em>Fonte: Ag\u00eancia Brasil<\/em><\/p>\n","protected":false},"excerpt":{"rendered":"<p>Minas Gerais lidera ranking com 35 empregadores<\/p>\n","protected":false},"author":2,"featured_media":47548,"comment_status":"open","ping_status":"open","sticky":false,"template":"","format":"standard","meta":{"om_disable_all_campaigns":false,"_monsterinsights_skip_tracking":false,"_monsterinsights_sitenote_active":false,"_monsterinsights_sitenote_note":"","_monsterinsights_sitenote_category":0,"footnotes":""},"categories":[34,70,69,22],"tags":[100,71,48,93,75,4178,4180,129,107,4181,132,230,314,106,203,120,51,109,88,47,111,883,190],"class_list":["post-48363","post","type-post","status-publish","format-standard","has-post-thumbnail","hentry","category-brasil","category-destaques","category-noticias2","category-seguranca","tag-adustina","tag-antas","tag-araci","tag-brasil","tag-cicero-dantas","tag-cipo-2","tag-crisopolis-2","tag-euclides-da-cunha","tag-fatima","tag-heliopolis-2","tag-itapicuru","tag-jeremoabo","tag-ministerio-do-trabalho","tag-nova-soure","tag-novo-triunfo","tag-olindina","tag-paripiranga","tag-quijingue","tag-ribeira-do-amparo","tag-ribeira-do-pombal","tag-sitio-do-quinto","tag-trabalho-escravo","tag-tucano"],"aioseo_notices":[],"_links":{"self":[{"href":"https:\/\/www.portalalerta.com.br\/index.php\/wp-json\/wp\/v2\/posts\/48363","targetHints":{"allow":["GET"]}}],"collection":[{"href":"https:\/\/www.portalalerta.com.br\/index.php\/wp-json\/wp\/v2\/posts"}],"about":[{"href":"https:\/\/www.portalalerta.com.br\/index.php\/wp-json\/wp\/v2\/types\/post"}],"author":[{"embeddable":true,"href":"https:\/\/www.portalalerta.com.br\/index.php\/wp-json\/wp\/v2\/users\/2"}],"replies":[{"embeddable":true,"href":"https:\/\/www.portalalerta.com.br\/index.php\/wp-json\/wp\/v2\/comments?post=48363"}],"version-history":[{"count":1,"href":"https:\/\/www.portalalerta.com.br\/index.php\/wp-json\/wp\/v2\/posts\/48363\/revisions"}],"predecessor-version":[{"id":48364,"href":"https:\/\/www.portalalerta.com.br\/index.php\/wp-json\/wp\/v2\/posts\/48363\/revisions\/48364"}],"wp:featuredmedia":[{"embeddable":true,"href":"https:\/\/www.portalalerta.com.br\/index.php\/wp-json\/wp\/v2\/media\/47548"}],"wp:attachment":[{"href":"https:\/\/www.portalalerta.com.br\/index.php\/wp-json\/wp\/v2\/media?parent=48363"}],"wp:term":[{"taxonomy":"category","embeddable":true,"href":"https:\/\/www.portalalerta.com.br\/index.php\/wp-json\/wp\/v2\/categories?post=48363"},{"taxonomy":"post_tag","embeddable":true,"href":"https:\/\/www.portalalerta.com.br\/index.php\/wp-json\/wp\/v2\/tags?post=48363"}],"curies":[{"name":"wp","href":"https:\/\/api.w.org\/{rel}","templated":true}]}}