{"id":48365,"date":"2023-04-10T11:02:00","date_gmt":"2023-04-10T14:02:00","guid":{"rendered":"https:\/\/www.portalalerta.com.br\/?p=48365"},"modified":"2023-04-10T00:30:00","modified_gmt":"2023-04-10T03:30:00","slug":"homem-e-preso-com-armas-de-fogo-em-olindina-ba","status":"publish","type":"post","link":"https:\/\/www.portalalerta.com.br\/index.php\/2023\/04\/10\/homem-e-preso-com-armas-de-fogo-em-olindina-ba\/","title":{"rendered":"Homem \u00e9 preso com armas de fogo, em Olindina-BA"},"content":{"rendered":"\n<p>Na \u00faltima sexta-feira (07), policiais militares de Olindina-BA, foram at\u00e9 o Distrito de Dona Maria, no referido munic\u00edpio, com a finalidade de apurarem uma den\u00fancia, de que um homem estaria exibindo uma arma de fogo, em frente a pr\u00f3pria resid\u00eancia.<\/p>\n\n\n\n<!--more-->\n\n\n\n<p>No local, os militares encontraram o rapaz, com quem foram encontradas duas armas de fogo de fabrica\u00e7\u00e3o artesanal.<\/p>\n\n\n\n<p>Tanto o material, quanto o rapaz, foram conduzidos e apresentados na Central de Flagrantes, em Alagoinhas-BA, para a ado\u00e7\u00e3o das medidas cab\u00edveis.<\/p>\n\n\n\n<p><em>Reda\u00e7\u00e3o: Portal Alerta<\/em><\/p>\n","protected":false},"excerpt":{"rendered":"<p>Na \u00faltima sexta-feira (07), policiais militares de Olindina-BA, foram at\u00e9 o Distrito de Dona Maria, no referido munic\u00edpio, com a finalidade de apurarem uma den\u00fancia, de que um homem estaria exibindo uma arma de fogo, em frente a pr\u00f3pria resid\u00eancia.<\/p>\n","protected":false},"author":2,"featured_media":48366,"comment_status":"open","ping_status":"open","sticky":false,"template":"","format":"standard","meta":{"om_disable_all_campaigns":false,"_monsterinsights_skip_tracking":false,"_monsterinsights_sitenote_active":false,"_monsterinsights_sitenote_note":"","_monsterinsights_sitenote_category":0,"footnotes":""},"categories":[70,69,15,32,22],"tags":[100,71,48,75,4178,4180,129,107,4181,132,230,106,203,120,51,79,1769,77,109,88,47,111,190],"class_list":["post-48365","post","type-post","status-publish","format-standard","has-post-thumbnail","hentry","category-destaques","category-noticias2","category-olindina","category-regiao","category-seguranca","tag-adustina","tag-antas","tag-araci","tag-cicero-dantas","tag-cipo-2","tag-crisopolis-2","tag-euclides-da-cunha","tag-fatima","tag-heliopolis-2","tag-itapicuru","tag-jeremoabo","tag-nova-soure","tag-novo-triunfo","tag-olindina","tag-paripiranga","tag-policia-militar","tag-posse-de-arma-de-fogo","tag-preso","tag-quijingue","tag-ribeira-do-amparo","tag-ribeira-do-pombal","tag-sitio-do-quinto","tag-tucano"],"aioseo_notices":[],"_links":{"self":[{"href":"https:\/\/www.portalalerta.com.br\/index.php\/wp-json\/wp\/v2\/posts\/48365","targetHints":{"allow":["GET"]}}],"collection":[{"href":"https:\/\/www.portalalerta.com.br\/index.php\/wp-json\/wp\/v2\/posts"}],"about":[{"href":"https:\/\/www.portalalerta.com.br\/index.php\/wp-json\/wp\/v2\/types\/post"}],"author":[{"embeddable":true,"href":"https:\/\/www.portalalerta.com.br\/index.php\/wp-json\/wp\/v2\/users\/2"}],"replies":[{"embeddable":true,"href":"https:\/\/www.portalalerta.com.br\/index.php\/wp-json\/wp\/v2\/comments?post=48365"}],"version-history":[{"count":1,"href":"https:\/\/www.portalalerta.com.br\/index.php\/wp-json\/wp\/v2\/posts\/48365\/revisions"}],"predecessor-version":[{"id":48367,"href":"https:\/\/www.portalalerta.com.br\/index.php\/wp-json\/wp\/v2\/posts\/48365\/revisions\/48367"}],"wp:featuredmedia":[{"embeddable":true,"href":"https:\/\/www.portalalerta.com.br\/index.php\/wp-json\/wp\/v2\/media\/48366"}],"wp:attachment":[{"href":"https:\/\/www.portalalerta.com.br\/index.php\/wp-json\/wp\/v2\/media?parent=48365"}],"wp:term":[{"taxonomy":"category","embeddable":true,"href":"https:\/\/www.portalalerta.com.br\/index.php\/wp-json\/wp\/v2\/categories?post=48365"},{"taxonomy":"post_tag","embeddable":true,"href":"https:\/\/www.portalalerta.com.br\/index.php\/wp-json\/wp\/v2\/tags?post=48365"}],"curies":[{"name":"wp","href":"https:\/\/api.w.org\/{rel}","templated":true}]}}