{"id":48368,"date":"2023-04-10T11:03:00","date_gmt":"2023-04-10T14:03:00","guid":{"rendered":"https:\/\/www.portalalerta.com.br\/?p=48368"},"modified":"2023-04-10T00:38:51","modified_gmt":"2023-04-10T03:38:51","slug":"rui-costa-e-nomeado-a-conselheiro-de-itaipu-e-recebera-mais-r-27-mil","status":"publish","type":"post","link":"https:\/\/www.portalalerta.com.br\/index.php\/2023\/04\/10\/rui-costa-e-nomeado-a-conselheiro-de-itaipu-e-recebera-mais-r-27-mil\/","title":{"rendered":"Rui Costa \u00e9 nomeado a conselheiro de Itaipu, e receber\u00e1 mais R$ 27 mil"},"content":{"rendered":"\n<p>O ministro da Casa Civil Rui Costa foi nomeado pelo presidente Lu\u00eds In\u00e1cio Lula da Silva (PT) para ocupar o cargo de conselheiro de Itaipu.&nbsp;O mandato dele no colegiado vai at\u00e9 maio de 2024 e d\u00e1 direito a uma remunera\u00e7\u00e3o mensal de R$ 27 mil. A nomea\u00e7\u00e3o foi publicada no Di\u00e1rio Oficial da Uni\u00e3o na quinta-feira (6).<\/p>\n\n\n\n<!--more-->\n\n\n\n<p>A verba do conselho n\u00e3o \u00e9 calculada dentro do teto constitucional de R$ 39,2 mil. Assim, ele poder\u00e1 acumular o sal\u00e1rio de ministro de Estado, que \u00e9 de R$ 41.650, e o de conselheiro.&nbsp;O abate-teto \u00e9 a regra que limita os sal\u00e1rios do servi\u00e7o p\u00fablico \u00e0 remunera\u00e7\u00e3o de um ministro do Supremo Tribunal Federal.<\/p>\n\n\n<div class=\"wp-block-image\">\n<figure class=\"alignleft size-full is-resized\"><img fetchpriority=\"high\" decoding=\"async\" src=\"https:\/\/www.portalalerta.com.br\/wp-content\/uploads\/2021\/04\/ELAB.jpg\" alt=\"\" class=\"wp-image-34795\" width=\"439\" height=\"350\" srcset=\"https:\/\/www.portalalerta.com.br\/wp-content\/uploads\/2021\/04\/ELAB.jpg 1000w, https:\/\/www.portalalerta.com.br\/wp-content\/uploads\/2021\/04\/ELAB-300x240.jpg 300w, https:\/\/www.portalalerta.com.br\/wp-content\/uploads\/2021\/04\/ELAB-768x614.jpg 768w, https:\/\/www.portalalerta.com.br\/wp-content\/uploads\/2021\/04\/ELAB-183x146.jpg 183w, https:\/\/www.portalalerta.com.br\/wp-content\/uploads\/2021\/04\/ELAB-50x40.jpg 50w, https:\/\/www.portalalerta.com.br\/wp-content\/uploads\/2021\/04\/ELAB-94x75.jpg 94w\" sizes=\"(max-width: 439px) 100vw, 439px\" \/><\/figure><\/div>\n\n\n<p>O \u00f3rg\u00e3o costuma se reunir uma vez a cada dois meses, fora convoca\u00e7\u00f5es extraordin\u00e1rias. Al\u00e9m do ex-governador da Bahia, tamb\u00e9m foram nomeados&nbsp;os ministros Alexandre Silveira de Oliveira (Minas e Energia), Fernando Haddad (Fazenda), Esther Dweck (Gest\u00e3o e da Inova\u00e7\u00e3o em Servi\u00e7os P\u00fablicos) e o pol\u00edtico e farmac\u00eautico Michele Caputo Neto.&nbsp;Ainda h\u00e1 uma vaga a ser preenchida no conselho.<\/p>\n\n\n\n<p>O abate-teto&nbsp;foi alterado em janeiro deste ano, quando o&nbsp;presidente da Rep\u00fablica, Luiz In\u00e1cio Lula da Silva, sancionou, sem vetos, as leis aprovadas pelo Congresso&nbsp;que reajustaram as remunera\u00e7\u00f5es de servidores p\u00fablicos do Legislativo, do Judici\u00e1rio, do Minist\u00e9rio P\u00fablico e da Defensoria P\u00fablica da Uni\u00e3o e, tamb\u00e9m, os subs\u00eddios dos ministros do Supremo Tribunal Federal (STF), da Procuradoria-Geral da Rep\u00fablica (PGR) e da Defensoria P\u00fablica-Geral Federal.<\/p>\n\n\n\n<p>O subs\u00eddio anterior era&nbsp;de R$ 39.293,32 e passou para R$ 41.650,92 a partir de 1\u00ba de abril de 2023. Passar\u00e1 ainda para&nbsp;R$ 44.008,52 a partir de 1\u00ba de fevereiro de 2024: e para R$ 46.366,19 a partir de 1\u00ba de fevereiro de 2025.<\/p>\n\n\n\n<p>O ministro Mauro Vieira (Rela\u00e7\u00f5es Exteriores) tamb\u00e9m foi nomeado para a fun\u00e7\u00e3o de representante do Minist\u00e9rio das Rela\u00e7\u00f5es Exteriores junto \u00e0 empresa.<\/p>\n\n\n\n<p>Al\u00e9m das nomea\u00e7\u00f5es, a publica\u00e7\u00e3o do DOU trouxe a exonera\u00e7\u00e3o de antigos conselheiros da Itaipu Binacional, como os ex-ministros de Minas e Energia, Adolfo Sachsida e Bento Albuquerque, e o ex-ministro das Rela\u00e7\u00f5es Exteriores, Carlos Fran\u00e7a.<\/p>\n\n\n\n<p><em>Fonte: Correio<\/em><\/p>\n","protected":false},"excerpt":{"rendered":"<p>O ministro da Casa Civil Rui Costa foi nomeado pelo presidente Lu\u00eds In\u00e1cio Lula da Silva (PT) para ocupar o cargo de conselheiro de Itaipu.&nbsp;O mandato dele no colegiado vai at\u00e9 maio de 2024 e d\u00e1 direito a uma remunera\u00e7\u00e3o mensal de R$ 27 mil. A nomea\u00e7\u00e3o foi publicada no Di\u00e1rio Oficial da Uni\u00e3o na &hellip;<\/p>\n","protected":false},"author":2,"featured_media":42262,"comment_status":"open","ping_status":"open","sticky":false,"template":"","format":"standard","meta":{"om_disable_all_campaigns":false,"_monsterinsights_skip_tracking":false,"_monsterinsights_sitenote_active":false,"_monsterinsights_sitenote_note":"","_monsterinsights_sitenote_category":0,"footnotes":""},"categories":[34,70,69,21],"tags":[100,71,48,93,75,4178,4180,129,107,4181,6026,132,230,2164,1860,106,203,120,51,109,88,47,282,111,190],"class_list":["post-48368","post","type-post","status-publish","format-standard","has-post-thumbnail","hentry","category-brasil","category-destaques","category-noticias2","category-politica","tag-adustina","tag-antas","tag-araci","tag-brasil","tag-cicero-dantas","tag-cipo-2","tag-crisopolis-2","tag-euclides-da-cunha","tag-fatima","tag-heliopolis-2","tag-itaipu","tag-itapicuru","tag-jeremoabo","tag-ministerio-da-casa-civil","tag-ministro-da-casa-civil","tag-nova-soure","tag-novo-triunfo","tag-olindina","tag-paripiranga","tag-quijingue","tag-ribeira-do-amparo","tag-ribeira-do-pombal","tag-rui-costa","tag-sitio-do-quinto","tag-tucano"],"aioseo_notices":[],"_links":{"self":[{"href":"https:\/\/www.portalalerta.com.br\/index.php\/wp-json\/wp\/v2\/posts\/48368","targetHints":{"allow":["GET"]}}],"collection":[{"href":"https:\/\/www.portalalerta.com.br\/index.php\/wp-json\/wp\/v2\/posts"}],"about":[{"href":"https:\/\/www.portalalerta.com.br\/index.php\/wp-json\/wp\/v2\/types\/post"}],"author":[{"embeddable":true,"href":"https:\/\/www.portalalerta.com.br\/index.php\/wp-json\/wp\/v2\/users\/2"}],"replies":[{"embeddable":true,"href":"https:\/\/www.portalalerta.com.br\/index.php\/wp-json\/wp\/v2\/comments?post=48368"}],"version-history":[{"count":1,"href":"https:\/\/www.portalalerta.com.br\/index.php\/wp-json\/wp\/v2\/posts\/48368\/revisions"}],"predecessor-version":[{"id":48369,"href":"https:\/\/www.portalalerta.com.br\/index.php\/wp-json\/wp\/v2\/posts\/48368\/revisions\/48369"}],"wp:featuredmedia":[{"embeddable":true,"href":"https:\/\/www.portalalerta.com.br\/index.php\/wp-json\/wp\/v2\/media\/42262"}],"wp:attachment":[{"href":"https:\/\/www.portalalerta.com.br\/index.php\/wp-json\/wp\/v2\/media?parent=48368"}],"wp:term":[{"taxonomy":"category","embeddable":true,"href":"https:\/\/www.portalalerta.com.br\/index.php\/wp-json\/wp\/v2\/categories?post=48368"},{"taxonomy":"post_tag","embeddable":true,"href":"https:\/\/www.portalalerta.com.br\/index.php\/wp-json\/wp\/v2\/tags?post=48368"}],"curies":[{"name":"wp","href":"https:\/\/api.w.org\/{rel}","templated":true}]}}