{"id":48372,"date":"2023-04-10T17:26:30","date_gmt":"2023-04-10T20:26:30","guid":{"rendered":"https:\/\/www.portalalerta.com.br\/?p=48372"},"modified":"2023-04-10T17:56:55","modified_gmt":"2023-04-10T20:56:55","slug":"agricultura-tem-novo-secretario-em-ribeira-do-pombal-ba","status":"publish","type":"post","link":"https:\/\/www.portalalerta.com.br\/index.php\/2023\/04\/10\/agricultura-tem-novo-secretario-em-ribeira-do-pombal-ba\/","title":{"rendered":"Agricultura tem novo secret\u00e1rio, em Ribeira do Pombal-BA"},"content":{"rendered":"\n<p>O vereador Jo\u00e3o Miranda de Jesus, 56, assumiu pela terceira vez a Pasta da Agricultura Municipal. A posse foi realizada em cerim\u00f4nia presidida pelo Prefeito Eriksson Silva na pr\u00f3pria sede da Secretaria e foi oportunidade para popula\u00e7\u00e3o, lideran\u00e7as pol\u00edticas e servidores conhecerem os novos planos para a Secretaria que cuida de coordenar, fomentar e articular os programas de desenvolvimento rural de Ribeira do Pombal.<\/p>\n\n\n\n<!--more-->\n\n\n<div class=\"wp-block-image\">\n<figure class=\"alignleft size-full is-resized\"><img fetchpriority=\"high\" decoding=\"async\" src=\"https:\/\/www.portalalerta.com.br\/wp-content\/uploads\/2022\/03\/Cred-Real.1.jpg\" alt=\"\" class=\"wp-image-41523\" width=\"399\" height=\"319\" srcset=\"https:\/\/www.portalalerta.com.br\/wp-content\/uploads\/2022\/03\/Cred-Real.1.jpg 500w, https:\/\/www.portalalerta.com.br\/wp-content\/uploads\/2022\/03\/Cred-Real.1-300x240.jpg 300w, https:\/\/www.portalalerta.com.br\/wp-content\/uploads\/2022\/03\/Cred-Real.1-183x146.jpg 183w, https:\/\/www.portalalerta.com.br\/wp-content\/uploads\/2022\/03\/Cred-Real.1-50x40.jpg 50w, https:\/\/www.portalalerta.com.br\/wp-content\/uploads\/2022\/03\/Cred-Real.1-94x75.jpg 94w\" sizes=\"(max-width: 399px) 100vw, 399px\" \/><\/figure><\/div>\n\n\n<p>Com a mudan\u00e7a na Pasta vieram tamb\u00e9m novos planos e estrat\u00e9gias pensadas para, nas palavras do Prefeito, <strong><em>\u201caproveitar o bom inverno que vem pela frente\u201d<\/em><\/strong>. Ainda de acordo com o Prefeito essa \u00e9 uma Secretaria estrat\u00e9gica para a gera\u00e7\u00e3o de emprego e renda para nosso povo.<\/p>\n\n\n\n<p><em>Fonte: SECOM\/ Ribeira do Pombal<\/em><\/p>\n","protected":false},"excerpt":{"rendered":"<p>O vereador Jo\u00e3o Miranda de Jesus, 56, assumiu pela terceira vez a Pasta da Agricultura Municipal. A posse foi realizada em cerim\u00f4nia presidida pelo Prefeito Eriksson Silva na pr\u00f3pria sede da Secretaria e foi oportunidade para popula\u00e7\u00e3o, lideran\u00e7as pol\u00edticas e servidores conhecerem os novos planos para a Secretaria que cuida de coordenar, fomentar e articular &hellip;<\/p>\n","protected":false},"author":2,"featured_media":48380,"comment_status":"open","ping_status":"open","sticky":false,"template":"","format":"standard","meta":{"om_disable_all_campaigns":false,"_monsterinsights_skip_tracking":false,"_monsterinsights_sitenote_active":false,"_monsterinsights_sitenote_note":"","_monsterinsights_sitenote_category":0,"footnotes":""},"categories":[70,69,21,32,3],"tags":[100,71,48,75,4178,4180,129,107,4181,132,230,3251,106,203,120,51,109,88,47,948,2898,111],"class_list":["post-48372","post","type-post","status-publish","format-standard","has-post-thumbnail","hentry","category-destaques","category-noticias2","category-politica","category-regiao","category-ribeira-do-pombal","tag-adustina","tag-antas","tag-araci","tag-cicero-dantas","tag-cipo-2","tag-crisopolis-2","tag-euclides-da-cunha","tag-fatima","tag-heliopolis-2","tag-itapicuru","tag-jeremoabo","tag-miranda","tag-nova-soure","tag-novo-triunfo","tag-olindina","tag-paripiranga","tag-quijingue","tag-ribeira-do-amparo","tag-ribeira-do-pombal","tag-secretaria-da-agricultura","tag-secretario-da-agricultura","tag-sitio-do-quinto"],"aioseo_notices":[],"_links":{"self":[{"href":"https:\/\/www.portalalerta.com.br\/index.php\/wp-json\/wp\/v2\/posts\/48372","targetHints":{"allow":["GET"]}}],"collection":[{"href":"https:\/\/www.portalalerta.com.br\/index.php\/wp-json\/wp\/v2\/posts"}],"about":[{"href":"https:\/\/www.portalalerta.com.br\/index.php\/wp-json\/wp\/v2\/types\/post"}],"author":[{"embeddable":true,"href":"https:\/\/www.portalalerta.com.br\/index.php\/wp-json\/wp\/v2\/users\/2"}],"replies":[{"embeddable":true,"href":"https:\/\/www.portalalerta.com.br\/index.php\/wp-json\/wp\/v2\/comments?post=48372"}],"version-history":[{"count":1,"href":"https:\/\/www.portalalerta.com.br\/index.php\/wp-json\/wp\/v2\/posts\/48372\/revisions"}],"predecessor-version":[{"id":48373,"href":"https:\/\/www.portalalerta.com.br\/index.php\/wp-json\/wp\/v2\/posts\/48372\/revisions\/48373"}],"wp:featuredmedia":[{"embeddable":true,"href":"https:\/\/www.portalalerta.com.br\/index.php\/wp-json\/wp\/v2\/media\/48380"}],"wp:attachment":[{"href":"https:\/\/www.portalalerta.com.br\/index.php\/wp-json\/wp\/v2\/media?parent=48372"}],"wp:term":[{"taxonomy":"category","embeddable":true,"href":"https:\/\/www.portalalerta.com.br\/index.php\/wp-json\/wp\/v2\/categories?post=48372"},{"taxonomy":"post_tag","embeddable":true,"href":"https:\/\/www.portalalerta.com.br\/index.php\/wp-json\/wp\/v2\/tags?post=48372"}],"curies":[{"name":"wp","href":"https:\/\/api.w.org\/{rel}","templated":true}]}}