{"id":48374,"date":"2023-04-10T17:28:44","date_gmt":"2023-04-10T20:28:44","guid":{"rendered":"https:\/\/www.portalalerta.com.br\/?p=48374"},"modified":"2023-04-10T17:28:45","modified_gmt":"2023-04-10T20:28:45","slug":"dalai-lama-beija-menino-na-boca-e-pede-desculpa-apos-video-viralizar","status":"publish","type":"post","link":"https:\/\/www.portalalerta.com.br\/index.php\/2023\/04\/10\/dalai-lama-beija-menino-na-boca-e-pede-desculpa-apos-video-viralizar\/","title":{"rendered":"Dalai Lama beija menino na boca e pede desculpa ap\u00f3s v\u00eddeo viralizar"},"content":{"rendered":"\n<p><strong>Lider espiritual de 87 anos tamb\u00e9m pediu para que garoto chupasse sua l\u00edngua, segundo ag\u00eancia de not\u00edcias. Em nota, ele chamou o ato de &#8220;inocente e brincalh\u00e3o&#8221;.<\/strong><\/p>\n\n\n\n<!--more-->\n\n\n\n<p>O\u00a0Dalai Lama, o l\u00edder espiritual dos tibetanos, se desculpou nesta segunda-feira (10) por um v\u00eddeo no qual<strong>\u00a0puxa o rosto de um menino para beij\u00e1-lo na boca<\/strong>\u00a0em um evento p\u00fablico e, de acordo com a ag\u00eancia de not\u00edcias Reuters,<strong>\u00a0pede para que ele chupe sua l\u00edngua<\/strong>, segundo mostram imagens que v\u00eam circulando em redes sociais.<\/p>\n\n\n\n<p>Em uma nota, o Dalai Lama, de 87 anos, chamou o ato de <strong><em>&#8220;inocente e brincalh\u00e3o&#8221;<\/em><\/strong>.<\/p>\n\n\n\n<p>O v\u00eddeo mostra o l\u00edder espiritual, que j\u00e1 recebeu o Nobel da Paz, puxando o rosto do menino e aproximando seus l\u00e1bios dos dele &#8211; n\u00e3o est\u00e1 claro se houve um beijo. O caso ocorre na presen\u00e7a de uma plateia, que \u00e9 ouvida batendo palmas e rindo.<\/p>\n\n\n\n<p>Em um comunicado, o Dalai Lama reconheceu a veracidade do v\u00eddeo, mas falou apenas em um abra\u00e7o.<\/p>\n\n\n\n<p><strong><em>&#8220;Est\u00e1 circulando um videoclipe que mostra uma reuni\u00e3o recente em que um menino perguntou a sua Santidade o Dalai Lama se ele poderia lhe dar um abra\u00e7o. Sua Santidade deseja se desculpar com o menino e sua fam\u00edlia, bem como com seus muitos amigos em todo o mundo, pela dor que suas palavras podem ter causado.&#8221;<\/em><\/strong><\/p>\n\n\n\n<p>O comunicado afirmou ainda que o l\u00edder espiritual <strong><em>&#8220;muitas vezes provoca as pessoas que conhece de uma forma inocente e brincalhona, mesmo em p\u00fablico e diante das c\u00e2meras. Ele lamenta o incidente&#8221;<\/em><\/strong>.<\/p>\n\n\n\n<p>O Dalai Lama, que fugiu para a&nbsp;<a href=\"https:\/\/g1.globo.com\/tudo-sobre\/india\/\">\u00cdndia<\/a>&nbsp;em 1959 ap\u00f3s um levante fracassado contra o dom\u00ednio chin\u00eas no Tibet, \u00e9 considerado por&nbsp;<a href=\"http:\/\/g1.globo.com\/mundo\/china\/cidade\/pequim.html\">Pequim<\/a>&nbsp;um l\u00edder separatista.<\/p>\n\n\n\n<p>Ele trabalhou por d\u00e9cadas para obter apoio global para a autonomia lingu\u00edstica e cultural na regi\u00e3o. Agora, vive em um complexo perto da cidade de Dharamshala, no norte da \u00cdndia.<\/p>\n\n\n\n<figure class=\"wp-block-embed is-type-video is-provider-youtube wp-block-embed-youtube wp-embed-aspect-16-9 wp-has-aspect-ratio\"><div class=\"wp-block-embed__wrapper\">\nhttps:\/\/www.youtube.com\/watch?v=cGC86-0lfgA\n<\/div><\/figure>\n\n\n\n<p><em>Fonte: G1<\/em><\/p>\n","protected":false},"excerpt":{"rendered":"<p>Lider espiritual de 87 anos tamb\u00e9m pediu para que garoto chupasse sua l\u00edngua, segundo ag\u00eancia de not\u00edcias. Em nota, ele chamou o ato de &#8220;inocente e brincalh\u00e3o&#8221;.<\/p>\n","protected":false},"author":2,"featured_media":48375,"comment_status":"open","ping_status":"open","sticky":false,"template":"","format":"standard","meta":{"om_disable_all_campaigns":false,"_monsterinsights_skip_tracking":false,"_monsterinsights_sitenote_active":false,"_monsterinsights_sitenote_note":"","_monsterinsights_sitenote_category":0,"footnotes":""},"categories":[70,35,69,68],"tags":[100,71,48,6027,75,4178,4180,4298,129,107,4181,132,230,339,106,203,120,51,109,88,47,111,190],"class_list":["post-48374","post","type-post","status-publish","format-standard","has-post-thumbnail","hentry","category-destaques","category-mundo","category-noticias2","category-videos","tag-adustina","tag-antas","tag-araci","tag-beijo","tag-cicero-dantas","tag-cipo-2","tag-crisopolis-2","tag-dalai-lama","tag-euclides-da-cunha","tag-fatima","tag-heliopolis-2","tag-itapicuru","tag-jeremoabo","tag-mundo","tag-nova-soure","tag-novo-triunfo","tag-olindina","tag-paripiranga","tag-quijingue","tag-ribeira-do-amparo","tag-ribeira-do-pombal","tag-sitio-do-quinto","tag-tucano"],"aioseo_notices":[],"_links":{"self":[{"href":"https:\/\/www.portalalerta.com.br\/index.php\/wp-json\/wp\/v2\/posts\/48374","targetHints":{"allow":["GET"]}}],"collection":[{"href":"https:\/\/www.portalalerta.com.br\/index.php\/wp-json\/wp\/v2\/posts"}],"about":[{"href":"https:\/\/www.portalalerta.com.br\/index.php\/wp-json\/wp\/v2\/types\/post"}],"author":[{"embeddable":true,"href":"https:\/\/www.portalalerta.com.br\/index.php\/wp-json\/wp\/v2\/users\/2"}],"replies":[{"embeddable":true,"href":"https:\/\/www.portalalerta.com.br\/index.php\/wp-json\/wp\/v2\/comments?post=48374"}],"version-history":[{"count":1,"href":"https:\/\/www.portalalerta.com.br\/index.php\/wp-json\/wp\/v2\/posts\/48374\/revisions"}],"predecessor-version":[{"id":48376,"href":"https:\/\/www.portalalerta.com.br\/index.php\/wp-json\/wp\/v2\/posts\/48374\/revisions\/48376"}],"wp:featuredmedia":[{"embeddable":true,"href":"https:\/\/www.portalalerta.com.br\/index.php\/wp-json\/wp\/v2\/media\/48375"}],"wp:attachment":[{"href":"https:\/\/www.portalalerta.com.br\/index.php\/wp-json\/wp\/v2\/media?parent=48374"}],"wp:term":[{"taxonomy":"category","embeddable":true,"href":"https:\/\/www.portalalerta.com.br\/index.php\/wp-json\/wp\/v2\/categories?post=48374"},{"taxonomy":"post_tag","embeddable":true,"href":"https:\/\/www.portalalerta.com.br\/index.php\/wp-json\/wp\/v2\/tags?post=48374"}],"curies":[{"name":"wp","href":"https:\/\/api.w.org\/{rel}","templated":true}]}}