{"id":4839,"date":"2018-02-20T00:11:22","date_gmt":"2018-02-20T03:11:22","guid":{"rendered":"http:\/\/www.portalalerta.com.br\/?p=4839"},"modified":"2018-02-20T00:11:22","modified_gmt":"2018-02-20T03:11:22","slug":"selecao-de-itapicuru-ba-estreia-neste-domingo-25-na-copa-da-laranja","status":"publish","type":"post","link":"https:\/\/www.portalalerta.com.br\/index.php\/2018\/02\/20\/selecao-de-itapicuru-ba-estreia-neste-domingo-25-na-copa-da-laranja\/","title":{"rendered":"Sele\u00e7\u00e3o de Itapicuru-BA estreia neste domingo (25) na Copa da Laranja"},"content":{"rendered":"<p style=\"text-align: justify;\">Iniciar\u00e1 no pr\u00f3ximo final de semana a 1\u00b0 rodada da Copa da Laranja 2018. A sele\u00e7\u00e3o de Itapicuru-BA inicia sua jornada fora de\u00a0casa\u00a0contra a Sele\u00e7\u00e3o de Rio Real-BA, no dia 25\/02, no Est\u00e1dio Municipal de Rio Real.<!--more--><\/p>\n<p style=\"text-align: justify;\">A Copa da Laranja \u00e9 composta por 08 equipes dividida em 02 grupos (A e B), em jogos de\u00a0ida e volta. Ap\u00f3s os jogos, as duas equipes mais bem classificadas em cada grupo, passar\u00e3o para as semifinais.<\/p>\n<figure id=\"attachment_4840\" aria-describedby=\"caption-attachment-4840\" style=\"width: 400px\" class=\"wp-caption aligncenter\"><img fetchpriority=\"high\" decoding=\"async\" class=\"size-full wp-image-4840\" src=\"http:\/\/www.portalalerta.com.br\/wp-content\/uploads\/2018\/02\/Copa-da-Laranja-Grupo-A.jpg\" alt=\"\" width=\"400\" height=\"220\" srcset=\"https:\/\/www.portalalerta.com.br\/wp-content\/uploads\/2018\/02\/Copa-da-Laranja-Grupo-A.jpg 400w, https:\/\/www.portalalerta.com.br\/wp-content\/uploads\/2018\/02\/Copa-da-Laranja-Grupo-A-260x143.jpg 260w, https:\/\/www.portalalerta.com.br\/wp-content\/uploads\/2018\/02\/Copa-da-Laranja-Grupo-A-50x28.jpg 50w, https:\/\/www.portalalerta.com.br\/wp-content\/uploads\/2018\/02\/Copa-da-Laranja-Grupo-A-136x75.jpg 136w\" sizes=\"(max-width: 400px) 100vw, 400px\" \/><figcaption id=\"caption-attachment-4840\" class=\"wp-caption-text\">Grupo A<\/figcaption><\/figure>\n<figure id=\"attachment_4841\" aria-describedby=\"caption-attachment-4841\" style=\"width: 400px\" class=\"wp-caption aligncenter\"><img decoding=\"async\" class=\"wp-image-4841 size-full\" src=\"http:\/\/www.portalalerta.com.br\/wp-content\/uploads\/2018\/02\/Copa-da-Laranja-Grupo-B.jpg\" alt=\"\" width=\"400\" height=\"220\" srcset=\"https:\/\/www.portalalerta.com.br\/wp-content\/uploads\/2018\/02\/Copa-da-Laranja-Grupo-B.jpg 400w, https:\/\/www.portalalerta.com.br\/wp-content\/uploads\/2018\/02\/Copa-da-Laranja-Grupo-B-260x143.jpg 260w, https:\/\/www.portalalerta.com.br\/wp-content\/uploads\/2018\/02\/Copa-da-Laranja-Grupo-B-50x28.jpg 50w, https:\/\/www.portalalerta.com.br\/wp-content\/uploads\/2018\/02\/Copa-da-Laranja-Grupo-B-136x75.jpg 136w\" sizes=\"(max-width: 400px) 100vw, 400px\" \/><figcaption id=\"caption-attachment-4841\" class=\"wp-caption-text\">Grupo B<\/figcaption><\/figure>\n<p style=\"text-align: justify;\">A competi\u00e7\u00e3o acontecer\u00e1 nas cidades de Itapicuru, Rio Real, Acajutiba, Apor\u00e1, Conde, Esplanada, Entre Rios e Itanagra.<\/p>\n<p style=\"text-align: justify;\"><a href=\"https:\/\/www.meuesporte.com\/copadalaranja\/copa-da-laranja\/futebol\"><strong>Clique aqui e acesse a tabela completa da Copa da Laranja 2018<\/strong><\/a><\/p>\n<p><em>Fonte: Itapicuru Not\u00edcias<\/em><\/p>\n","protected":false},"excerpt":{"rendered":"<p>Iniciar\u00e1 no pr\u00f3ximo final de semana a 1\u00b0 rodada da Copa da Laranja 2018. A sele\u00e7\u00e3o de Itapicuru-BA inicia sua jornada fora de\u00a0casa\u00a0contra a Sele\u00e7\u00e3o de Rio Real-BA, no dia 25\/02, no Est\u00e1dio Municipal de Rio Real.<\/p>\n","protected":false},"author":2,"featured_media":4842,"comment_status":"closed","ping_status":"open","sticky":false,"template":"","format":"standard","meta":{"om_disable_all_campaigns":false,"_monsterinsights_skip_tracking":false,"_monsterinsights_sitenote_active":false,"_monsterinsights_sitenote_note":"","_monsterinsights_sitenote_category":0,"footnotes":""},"categories":[2,18,69,32],"tags":[124,617,96,97,132],"class_list":["post-4839","post","type-post","status-publish","format-standard","has-post-thumbnail","hentry","category-esportes","category-itapicuru","category-noticias2","category-regiao","tag-124","tag-copa-da-laranja","tag-esporte","tag-futebol","tag-itapicuru"],"aioseo_notices":[],"_links":{"self":[{"href":"https:\/\/www.portalalerta.com.br\/index.php\/wp-json\/wp\/v2\/posts\/4839","targetHints":{"allow":["GET"]}}],"collection":[{"href":"https:\/\/www.portalalerta.com.br\/index.php\/wp-json\/wp\/v2\/posts"}],"about":[{"href":"https:\/\/www.portalalerta.com.br\/index.php\/wp-json\/wp\/v2\/types\/post"}],"author":[{"embeddable":true,"href":"https:\/\/www.portalalerta.com.br\/index.php\/wp-json\/wp\/v2\/users\/2"}],"replies":[{"embeddable":true,"href":"https:\/\/www.portalalerta.com.br\/index.php\/wp-json\/wp\/v2\/comments?post=4839"}],"version-history":[{"count":0,"href":"https:\/\/www.portalalerta.com.br\/index.php\/wp-json\/wp\/v2\/posts\/4839\/revisions"}],"wp:featuredmedia":[{"embeddable":true,"href":"https:\/\/www.portalalerta.com.br\/index.php\/wp-json\/wp\/v2\/media\/4842"}],"wp:attachment":[{"href":"https:\/\/www.portalalerta.com.br\/index.php\/wp-json\/wp\/v2\/media?parent=4839"}],"wp:term":[{"taxonomy":"category","embeddable":true,"href":"https:\/\/www.portalalerta.com.br\/index.php\/wp-json\/wp\/v2\/categories?post=4839"},{"taxonomy":"post_tag","embeddable":true,"href":"https:\/\/www.portalalerta.com.br\/index.php\/wp-json\/wp\/v2\/tags?post=4839"}],"curies":[{"name":"wp","href":"https:\/\/api.w.org\/{rel}","templated":true}]}}