{"id":48473,"date":"2023-04-15T17:47:13","date_gmt":"2023-04-15T20:47:13","guid":{"rendered":"https:\/\/www.portalalerta.com.br\/?p=48473"},"modified":"2023-04-15T17:47:14","modified_gmt":"2023-04-15T20:47:14","slug":"desembargador-diz-que-parana-tem-nivel-cultural-superior-a-norte-e-nordeste","status":"publish","type":"post","link":"https:\/\/www.portalalerta.com.br\/index.php\/2023\/04\/15\/desembargador-diz-que-parana-tem-nivel-cultural-superior-a-norte-e-nordeste\/","title":{"rendered":"Desembargador diz que Paran\u00e1 tem &#8216;n\u00edvel cultural superior&#8217; a Norte e Nordeste"},"content":{"rendered":"\n<p><strong>Ministro da Justi\u00e7a, Fl\u00e1vio Dino, levar\u00e1 caso ao MPF; para ele coment\u00e1rio pode se enquadrar na lei do racismo e da inj\u00faria racial<\/strong><\/p>\n\n\n\n<!--more-->\n\n\n\n<p>O desembargador M\u00e1rio Helton Jorge, do Tribunal de Justi\u00e7a do Paran\u00e1 (TJPR), disse durante uma sess\u00e3o da 2\u00aa C\u00e2mara Criminal, em Curitiba, que o estado do Paran\u00e1 tem &#8220;n\u00edvel cultural superior&#8221; aos estados do Norte e do Nordeste do pa\u00eds. O magistrado disse ainda que o Paran\u00e1 n\u00e3o tem o &#8220;jogo pol\u00edtico dos outros estados&#8221;.<\/p>\n\n\n<div class=\"wp-block-image\">\n<figure class=\"alignleft size-full is-resized\"><img fetchpriority=\"high\" decoding=\"async\" src=\"https:\/\/www.portalalerta.com.br\/wp-content\/uploads\/2021\/04\/ELAB.jpg\" alt=\"\" class=\"wp-image-34795\" width=\"423\" height=\"338\" srcset=\"https:\/\/www.portalalerta.com.br\/wp-content\/uploads\/2021\/04\/ELAB.jpg 1000w, https:\/\/www.portalalerta.com.br\/wp-content\/uploads\/2021\/04\/ELAB-300x240.jpg 300w, https:\/\/www.portalalerta.com.br\/wp-content\/uploads\/2021\/04\/ELAB-768x614.jpg 768w, https:\/\/www.portalalerta.com.br\/wp-content\/uploads\/2021\/04\/ELAB-183x146.jpg 183w, https:\/\/www.portalalerta.com.br\/wp-content\/uploads\/2021\/04\/ELAB-50x40.jpg 50w, https:\/\/www.portalalerta.com.br\/wp-content\/uploads\/2021\/04\/ELAB-94x75.jpg 94w\" sizes=\"(max-width: 423px) 100vw, 423px\" \/><\/figure><\/div>\n\n\n<p><strong><em>&#8220;\u00c9 uma roubalheira generalizada e isso no Paran\u00e1, que \u00e9 um estado que tem um n\u00edvel cultural superior ao Norte do pa\u00eds, ao Nordeste etc. \u00c9 um pa\u00eds [sic] que n\u00e3o tem esse jogo pol\u00edtico dos outros estados. Aqui no Paran\u00e1&#8230; \u00c9 uma vergonha&#8221;,<\/em><\/strong> comentou. A declara\u00e7\u00e3o foi feita na \u00faltima na quinta-feira (13). Veja no v\u00eddeo abaixo:<\/p>\n\n\n\n<p>O ministro da Justi\u00e7a, Fl\u00e1vio Dino, afirmou neste s\u00e1bado (15) que vai levar o caso ao Minist\u00e9rio P\u00fablico Federal (MPF) e ao Conselho Nacional de Justi\u00e7a (CNJ).<\/p>\n\n\n\n<p>Segundo Dino, a abordagem do desembargador foi discriminat\u00f3ria e pode ser enquadrada na Lei 7.716\/89, de racismo e inj\u00faria racial. <strong><em>&#8220;Precisamos de uma Justi\u00e7a antirracista no Brasil&#8221;<\/em><\/strong>, disse o ministro, em postagem nas redes sociais.&nbsp;<\/p>\n\n\n\n<p>Precisamos de uma Justi\u00e7a antirracista no Brasil. E por isso vamos enviar ao CNJ e ao MPF o caso do desembargador que propagou que um Estado tem \u201cn\u00edvel cultural superior\u201d a outras regi\u00f5es, em abordagem discriminat\u00f3ria. Consideramos que a conduta pode ser enquadrada na Lei 7716\/89<\/p>\n\n\n\n<p>\u2014 Fl\u00e1vio Dino \uf1e7\uf1f7 (@FlavioDino)&nbsp;<a href=\"https:\/\/twitter.com\/FlavioDino\/status\/1647283655478222849?ref_src=twsrc%5Etfw\">April 15, 2023<\/a><\/p>\n\n\n\n<p>O&nbsp;<strong>R7&nbsp;<\/strong>tentou contato com o magistrado e com o TJPR e n\u00e3o obteve resposta at\u00e9 o fechamento desta reportagem. Em nota divulgada \u00e0 imprensa,&nbsp;Helton Jorge afirmou que <strong><em>&#8220;n\u00e3o houve&nbsp;inten\u00e7\u00e3o de menosprezar ou estabelecer compara\u00e7\u00e3o de cunho preconceituoso contra qualquer pessoa, institui\u00e7\u00e3o ou regi\u00e3o&#8221;.<\/em><\/strong><\/p>\n\n\n\n<p>M\u00e1rio Helton Jorge \u00e9 desembargador desde 2008. Ele ingressou na magistratura 18 anos antes, em 1990, quando assumiu o cargo de juiz substituto da comarca de Toledo, no oeste do Paran\u00e1. O magistrado trabalhou tamb\u00e9m em outras cidades do estado exercendo a mesma fun\u00e7\u00e3o e foi professor universit\u00e1rio.&nbsp;<\/p>\n\n\n\n<p><em>Fonte: R7<\/em><\/p>\n","protected":false},"excerpt":{"rendered":"<p>Ministro da Justi\u00e7a, Fl\u00e1vio Dino, levar\u00e1 caso ao MPF; para ele coment\u00e1rio pode se enquadrar na lei do racismo e da inj\u00faria racial<\/p>\n","protected":false},"author":2,"featured_media":48474,"comment_status":"open","ping_status":"open","sticky":false,"template":"","format":"standard","meta":{"om_disable_all_campaigns":false,"_monsterinsights_skip_tracking":false,"_monsterinsights_sitenote_active":false,"_monsterinsights_sitenote_note":"","_monsterinsights_sitenote_category":0,"footnotes":""},"categories":[34,70,69],"tags":[100,71,48,75,4178,4180,417,129,107,4181,132,230,1068,1946,106,203,120,442,51,4187,109,88,47,111],"class_list":["post-48473","post","type-post","status-publish","format-standard","has-post-thumbnail","hentry","category-brasil","category-destaques","category-noticias2","tag-adustina","tag-antas","tag-araci","tag-cicero-dantas","tag-cipo-2","tag-crisopolis-2","tag-desembargador","tag-euclides-da-cunha","tag-fatima","tag-heliopolis-2","tag-itapicuru","tag-jeremoabo","tag-nordeste","tag-norte","tag-nova-soure","tag-novo-triunfo","tag-olindina","tag-parana","tag-paripiranga","tag-preconceito","tag-quijingue","tag-ribeira-do-amparo","tag-ribeira-do-pombal","tag-sitio-do-quinto"],"aioseo_notices":[],"_links":{"self":[{"href":"https:\/\/www.portalalerta.com.br\/index.php\/wp-json\/wp\/v2\/posts\/48473","targetHints":{"allow":["GET"]}}],"collection":[{"href":"https:\/\/www.portalalerta.com.br\/index.php\/wp-json\/wp\/v2\/posts"}],"about":[{"href":"https:\/\/www.portalalerta.com.br\/index.php\/wp-json\/wp\/v2\/types\/post"}],"author":[{"embeddable":true,"href":"https:\/\/www.portalalerta.com.br\/index.php\/wp-json\/wp\/v2\/users\/2"}],"replies":[{"embeddable":true,"href":"https:\/\/www.portalalerta.com.br\/index.php\/wp-json\/wp\/v2\/comments?post=48473"}],"version-history":[{"count":1,"href":"https:\/\/www.portalalerta.com.br\/index.php\/wp-json\/wp\/v2\/posts\/48473\/revisions"}],"predecessor-version":[{"id":48475,"href":"https:\/\/www.portalalerta.com.br\/index.php\/wp-json\/wp\/v2\/posts\/48473\/revisions\/48475"}],"wp:featuredmedia":[{"embeddable":true,"href":"https:\/\/www.portalalerta.com.br\/index.php\/wp-json\/wp\/v2\/media\/48474"}],"wp:attachment":[{"href":"https:\/\/www.portalalerta.com.br\/index.php\/wp-json\/wp\/v2\/media?parent=48473"}],"wp:term":[{"taxonomy":"category","embeddable":true,"href":"https:\/\/www.portalalerta.com.br\/index.php\/wp-json\/wp\/v2\/categories?post=48473"},{"taxonomy":"post_tag","embeddable":true,"href":"https:\/\/www.portalalerta.com.br\/index.php\/wp-json\/wp\/v2\/tags?post=48473"}],"curies":[{"name":"wp","href":"https:\/\/api.w.org\/{rel}","templated":true}]}}