{"id":48482,"date":"2023-04-16T12:01:00","date_gmt":"2023-04-16T15:01:00","guid":{"rendered":"https:\/\/www.portalalerta.com.br\/?p=48482"},"modified":"2023-04-15T21:02:06","modified_gmt":"2023-04-16T00:02:06","slug":"vacinacao-bivalente-contra-covid-19-supera-9-milhoes-de-doses","status":"publish","type":"post","link":"https:\/\/www.portalalerta.com.br\/index.php\/2023\/04\/16\/vacinacao-bivalente-contra-covid-19-supera-9-milhoes-de-doses\/","title":{"rendered":"Vacina\u00e7\u00e3o bivalente contra covid-19 supera 9 milh\u00f5es de doses"},"content":{"rendered":"\n<p><em>Imunizantes s\u00e3o refor\u00e7o para p\u00fablico de risco<\/em><\/p>\n\n\n\n<!--more-->\n\n\n\n<p>Mais de 9 milh\u00f5es de doses de vacinas bivalentes contra a covid-19 j\u00e1 foram aplicadas no Brasil, informou neste s\u00e1bado (15) o Minist\u00e9rio da Sa\u00fade. Os imunizantes s\u00e3o usados como refor\u00e7o em pessoas com maior risco de desenvolver formas graves da doen\u00e7a, como idoso a partir de 60 anos, pessoas imunocomprometidas a partir de 12 anos, gestantes e pu\u00e9rperas.<\/p>\n\n\n<div class=\"wp-block-image\">\n<figure class=\"alignleft size-full is-resized\"><img fetchpriority=\"high\" decoding=\"async\" src=\"https:\/\/www.portalalerta.com.br\/wp-content\/uploads\/2022\/03\/Cred-Real.1.jpg\" alt=\"\" class=\"wp-image-41523\" width=\"425\" height=\"340\" srcset=\"https:\/\/www.portalalerta.com.br\/wp-content\/uploads\/2022\/03\/Cred-Real.1.jpg 500w, https:\/\/www.portalalerta.com.br\/wp-content\/uploads\/2022\/03\/Cred-Real.1-300x240.jpg 300w, https:\/\/www.portalalerta.com.br\/wp-content\/uploads\/2022\/03\/Cred-Real.1-183x146.jpg 183w, https:\/\/www.portalalerta.com.br\/wp-content\/uploads\/2022\/03\/Cred-Real.1-50x40.jpg 50w, https:\/\/www.portalalerta.com.br\/wp-content\/uploads\/2022\/03\/Cred-Real.1-94x75.jpg 94w\" sizes=\"(max-width: 425px) 100vw, 425px\" \/><\/figure><\/div>\n\n\n<p>A imuniza\u00e7\u00e3o bivalente \u00e9 destinada \u00e0queles que j\u00e1 completaram o esquema b\u00e1sico de vacina\u00e7\u00e3o contra a covid-19 ou quem j\u00e1 recebeu uma ou duas doses de refor\u00e7o. O intervalo entre a dose mais recente deve ser de quatro meses.<\/p>\n\n\n\n<p>Quem ainda tem doses em atraso pode se vacinar contra a covid-19 nas unidades b\u00e1sicas de sa\u00fade.<\/p>\n\n\n\n<p><em>Fonte: Ag\u00eancia Brasil<\/em><\/p>\n","protected":false},"excerpt":{"rendered":"<p>Imunizantes s\u00e3o refor\u00e7o para p\u00fablico de risco<\/p>\n","protected":false},"author":2,"featured_media":32200,"comment_status":"open","ping_status":"open","sticky":false,"template":"","format":"standard","meta":{"om_disable_all_campaigns":false,"_monsterinsights_skip_tracking":false,"_monsterinsights_sitenote_active":false,"_monsterinsights_sitenote_note":"","_monsterinsights_sitenote_category":0,"footnotes":""},"categories":[34,70,69,19],"tags":[100,71,48,93,75,4178,3429,3486,4180,129,107,4181,132,230,106,203,120,51,109,88,47,61,111,3570,371],"class_list":["post-48482","post","type-post","status-publish","format-standard","has-post-thumbnail","hentry","category-brasil","category-destaques","category-noticias2","category-saude","tag-adustina","tag-antas","tag-araci","tag-brasil","tag-cicero-dantas","tag-cipo-2","tag-coronavirus","tag-covid-19","tag-crisopolis-2","tag-euclides-da-cunha","tag-fatima","tag-heliopolis-2","tag-itapicuru","tag-jeremoabo","tag-nova-soure","tag-novo-triunfo","tag-olindina","tag-paripiranga","tag-quijingue","tag-ribeira-do-amparo","tag-ribeira-do-pombal","tag-saude","tag-sitio-do-quinto","tag-vacina","tag-vacinacao"],"aioseo_notices":[],"_links":{"self":[{"href":"https:\/\/www.portalalerta.com.br\/index.php\/wp-json\/wp\/v2\/posts\/48482","targetHints":{"allow":["GET"]}}],"collection":[{"href":"https:\/\/www.portalalerta.com.br\/index.php\/wp-json\/wp\/v2\/posts"}],"about":[{"href":"https:\/\/www.portalalerta.com.br\/index.php\/wp-json\/wp\/v2\/types\/post"}],"author":[{"embeddable":true,"href":"https:\/\/www.portalalerta.com.br\/index.php\/wp-json\/wp\/v2\/users\/2"}],"replies":[{"embeddable":true,"href":"https:\/\/www.portalalerta.com.br\/index.php\/wp-json\/wp\/v2\/comments?post=48482"}],"version-history":[{"count":1,"href":"https:\/\/www.portalalerta.com.br\/index.php\/wp-json\/wp\/v2\/posts\/48482\/revisions"}],"predecessor-version":[{"id":48483,"href":"https:\/\/www.portalalerta.com.br\/index.php\/wp-json\/wp\/v2\/posts\/48482\/revisions\/48483"}],"wp:featuredmedia":[{"embeddable":true,"href":"https:\/\/www.portalalerta.com.br\/index.php\/wp-json\/wp\/v2\/media\/32200"}],"wp:attachment":[{"href":"https:\/\/www.portalalerta.com.br\/index.php\/wp-json\/wp\/v2\/media?parent=48482"}],"wp:term":[{"taxonomy":"category","embeddable":true,"href":"https:\/\/www.portalalerta.com.br\/index.php\/wp-json\/wp\/v2\/categories?post=48482"},{"taxonomy":"post_tag","embeddable":true,"href":"https:\/\/www.portalalerta.com.br\/index.php\/wp-json\/wp\/v2\/tags?post=48482"}],"curies":[{"name":"wp","href":"https:\/\/api.w.org\/{rel}","templated":true}]}}