{"id":48488,"date":"2023-04-16T12:03:00","date_gmt":"2023-04-16T15:03:00","guid":{"rendered":"https:\/\/www.portalalerta.com.br\/?p=48488"},"modified":"2023-04-15T21:39:12","modified_gmt":"2023-04-16T00:39:12","slug":"acordo-com-emirados-arabes-preve-investimentos-de-r-12-bi-na-bahia","status":"publish","type":"post","link":"https:\/\/www.portalalerta.com.br\/index.php\/2023\/04\/16\/acordo-com-emirados-arabes-preve-investimentos-de-r-12-bi-na-bahia\/","title":{"rendered":"Acordo com Emirados \u00c1rabes prev\u00ea investimentos de R$ 12 bi na Bahia"},"content":{"rendered":"\n<p><em>An\u00fancio foi feito em viagem do presidente Lula ao pa\u00eds \u00e1rabe<\/em><\/p>\n\n\n\n<!--more-->\n\n\n\n<p>Abu Dhabi, capital dos Emirados \u00c1rabes Unidos, era uma escala a caminho de casa do presidente Luiz In\u00e1cio Lula da Silva, depois de\u00a0visitar a China.<\/p>\n\n\n\n<p>Neste s\u00e1bado, na \u00faltima escala da viagem oficial na \u00c1sia,\u00a0Lula e membros do governo brasileiro assinaram acordos de coopera\u00e7\u00e3o com o pa\u00eds \u00e1rabe.<\/p>\n\n\n<div class=\"wp-block-image\">\n<figure class=\"alignleft size-full is-resized\"><img fetchpriority=\"high\" decoding=\"async\" src=\"https:\/\/www.portalalerta.com.br\/wp-content\/uploads\/2021\/04\/ELAB.jpg\" alt=\"\" class=\"wp-image-34795\" width=\"371\" height=\"296\" srcset=\"https:\/\/www.portalalerta.com.br\/wp-content\/uploads\/2021\/04\/ELAB.jpg 1000w, https:\/\/www.portalalerta.com.br\/wp-content\/uploads\/2021\/04\/ELAB-300x240.jpg 300w, https:\/\/www.portalalerta.com.br\/wp-content\/uploads\/2021\/04\/ELAB-768x614.jpg 768w, https:\/\/www.portalalerta.com.br\/wp-content\/uploads\/2021\/04\/ELAB-183x146.jpg 183w, https:\/\/www.portalalerta.com.br\/wp-content\/uploads\/2021\/04\/ELAB-50x40.jpg 50w, https:\/\/www.portalalerta.com.br\/wp-content\/uploads\/2021\/04\/ELAB-94x75.jpg 94w\" sizes=\"(max-width: 371px) 100vw, 371px\" \/><\/figure><\/div>\n\n\n<p>O pal\u00e1cio do emir de Abu Dhabi, xeique Mohammed bin Zayed al-Nahyan, que \u00e9 o presidente dos Emirados \u00c1rabes Unidos, \u00e9 enorme! Caberiam carros aleg\u00f3ricos de escolas de samba ali dentro.<\/p>\n\n\n\n<p>L\u00e1, o que se viu foi um protocolar espet\u00e1culo de hinos, bandas e militares com espadas, que s\u00e3o armas de outros tempos. Mas a ideia de nobreza no mundo \u00e1rabe com seus l\u00edderes com poderes absolutos, tamb\u00e9m s\u00e3o, em grande parte do mundo, algo do passado.<\/p>\n\n\n\n<p>As duas delega\u00e7\u00f5es conversaram rapidamente e foram para o jantar. Provavelmente essa pressa se deve a que se vive no mundo mu\u00e7ulmano o per\u00edodo do Ramadan, onde n\u00e3o se pode comer entre o nascer e o por do sol.<br><br>Al\u00e9m da sempre importante aproxima\u00e7\u00e3o pol\u00edtica com o l\u00edder dos Emirados, que \u00e9 bastante influente no mundo \u00e1rabe, a visita serviu para atender um pa\u00eds que tem muitos investimentos no Brasil. E que anunciou hoje um de grande porte, R$ 12 bilh\u00f5es, na Bahia.<\/p>\n\n\n\n<p>O governador Jeronimo Rodrigues foi o que saiu mais feliz dessa visita:<strong>&nbsp;<em>&#8220;Acabei de assinar um termo de compromisso para investimento na produ\u00e7\u00e3o de diesel verde a partir da carna\u00faba e do dend\u00ea. Mais um saldo positivo para a gera\u00e7\u00e3o de trabalho e renda&#8221;,<\/em><\/strong> disse em v\u00eddeo publicado no Twitter.<\/p>\n\n\n\n<p>Rodrigues, que integra a comitiva, assinou memorando de entendimento entre o estado e o fundo financeiro de Abu Dhabi Mubadala Capital, controlador da refinaria de Mataripe, privatizada em 2021. O fundo empresarial comprometeu-se a investir R$ 12 bilh\u00f5es, em 10 anos, na constru\u00e7\u00e3o de uma f\u00e1brica de diesel verde e de querosene de avia\u00e7\u00e3o sustent\u00e1vel.<\/p>\n\n\n\n<p>Quanto ao meio ambiente, para um pa\u00eds que vive da riqueza ecologicamente incorreta do petr\u00f3leo, e que vai sediar a grande confer\u00eancia sobre o clima no fim do ano, se esperava um gesto mais concreto em rela\u00e7\u00e3o \u00e0 Amaz\u00f4nia. Mas por enquanto nada.<\/p>\n\n\n\n<p>Lula ainda visita uma mesquita neste domingo (16), antes de embarcar de volta ao Brasil.<\/p>\n\n\n\n<p><em>Fonte: Ag\u00eancia Brasil<\/em><\/p>\n","protected":false},"excerpt":{"rendered":"<p>An\u00fancio foi feito em viagem do presidente Lula ao pa\u00eds \u00e1rabe<\/p>\n","protected":false},"author":2,"featured_media":48489,"comment_status":"open","ping_status":"open","sticky":false,"template":"","format":"standard","meta":{"om_disable_all_campaigns":false,"_monsterinsights_skip_tracking":false,"_monsterinsights_sitenote_active":false,"_monsterinsights_sitenote_note":"","_monsterinsights_sitenote_category":0,"footnotes":""},"categories":[33,34,70,35,69,21],"tags":[1025,100,71,48,54,93,75,4178,4180,6034,129,107,4181,2718,132,230,339,106,203,120,51,109,88,47,111,190],"class_list":["post-48488","post","type-post","status-publish","format-standard","has-post-thumbnail","hentry","category-bahia","category-brasil","category-destaques","category-mundo","category-noticias2","category-politica","tag-acordo","tag-adustina","tag-antas","tag-araci","tag-bahia","tag-brasil","tag-cicero-dantas","tag-cipo-2","tag-crisopolis-2","tag-emirados-arabes","tag-euclides-da-cunha","tag-fatima","tag-heliopolis-2","tag-investimentos","tag-itapicuru","tag-jeremoabo","tag-mundo","tag-nova-soure","tag-novo-triunfo","tag-olindina","tag-paripiranga","tag-quijingue","tag-ribeira-do-amparo","tag-ribeira-do-pombal","tag-sitio-do-quinto","tag-tucano"],"aioseo_notices":[],"_links":{"self":[{"href":"https:\/\/www.portalalerta.com.br\/index.php\/wp-json\/wp\/v2\/posts\/48488","targetHints":{"allow":["GET"]}}],"collection":[{"href":"https:\/\/www.portalalerta.com.br\/index.php\/wp-json\/wp\/v2\/posts"}],"about":[{"href":"https:\/\/www.portalalerta.com.br\/index.php\/wp-json\/wp\/v2\/types\/post"}],"author":[{"embeddable":true,"href":"https:\/\/www.portalalerta.com.br\/index.php\/wp-json\/wp\/v2\/users\/2"}],"replies":[{"embeddable":true,"href":"https:\/\/www.portalalerta.com.br\/index.php\/wp-json\/wp\/v2\/comments?post=48488"}],"version-history":[{"count":1,"href":"https:\/\/www.portalalerta.com.br\/index.php\/wp-json\/wp\/v2\/posts\/48488\/revisions"}],"predecessor-version":[{"id":48490,"href":"https:\/\/www.portalalerta.com.br\/index.php\/wp-json\/wp\/v2\/posts\/48488\/revisions\/48490"}],"wp:featuredmedia":[{"embeddable":true,"href":"https:\/\/www.portalalerta.com.br\/index.php\/wp-json\/wp\/v2\/media\/48489"}],"wp:attachment":[{"href":"https:\/\/www.portalalerta.com.br\/index.php\/wp-json\/wp\/v2\/media?parent=48488"}],"wp:term":[{"taxonomy":"category","embeddable":true,"href":"https:\/\/www.portalalerta.com.br\/index.php\/wp-json\/wp\/v2\/categories?post=48488"},{"taxonomy":"post_tag","embeddable":true,"href":"https:\/\/www.portalalerta.com.br\/index.php\/wp-json\/wp\/v2\/tags?post=48488"}],"curies":[{"name":"wp","href":"https:\/\/api.w.org\/{rel}","templated":true}]}}