{"id":48494,"date":"2023-04-16T12:04:00","date_gmt":"2023-04-16T15:04:00","guid":{"rendered":"https:\/\/www.portalalerta.com.br\/?p=48494"},"modified":"2023-04-16T12:30:42","modified_gmt":"2023-04-16T15:30:42","slug":"motociclista-morre-ao-sofrer-acidente-de-transito-em-ribeira-do-amparo-ba","status":"publish","type":"post","link":"https:\/\/www.portalalerta.com.br\/index.php\/2023\/04\/16\/motociclista-morre-ao-sofrer-acidente-de-transito-em-ribeira-do-amparo-ba\/","title":{"rendered":"Motociclista morre ao sofrer acidente de tr\u00e2nsito em Ribeira do Amparo-BA"},"content":{"rendered":"\n<p>Um rapaz de 28 anos, morreu ap\u00f3s sofrer um acidente de tr\u00e2nsito na madrugada deste domingo (16), na estrada do Capim, zona rural de Ribeira do Amparo-BA.<\/p>\n\n\n\n<!--more-->\n\n\n\n<script async=\"\" src=\"https:\/\/pagead2.googlesyndication.com\/pagead\/js\/adsbygoogle.js?client=ca-pub-9293581308178794\" crossorigin=\"anonymous\"><\/script>\n<!-- Adsense -->\n<ins class=\"adsbygoogle\" style=\"display:block\" data-ad-client=\"ca-pub-9293581308178794\" data-ad-slot=\"7175571761\" data-ad-format=\"auto\" data-full-width-responsive=\"true\"><\/ins>\n<script>\n     (adsbygoogle = window.adsbygoogle || []).push({});\n<\/script>\n\n\n\n<p>Por volta das 02h, C\u00e9sar Augusto Gama Macedo Silva, foi encontrado j\u00e1 sem os sinais vitais, ao lado da sua motocicleta, uma Honda Pop de cor branca, sem placa de identifica\u00e7\u00e3o.<\/p>\n\n\n\n<p>Assim que foram informados do ocorrido, policiais da cidade foram at\u00e9 o local, onde n\u00e3o restou mais nada a ser feito, a n\u00e3o ser a Confec\u00e7\u00e3o do Registro de Acidente de Tr\u00e2nsito \u2013 RAT, e o acionamento do Departamento de Pol\u00edcia T\u00e9cnica (DPT \u2013 Euclides da Cunha), para a realiza\u00e7\u00e3o da per\u00edcia, bem como a remo\u00e7\u00e3o do corpo para ser autopsiado.<\/p>\n\n\n\n<p><em>Reda\u00e7\u00e3o: Portal Alerta<\/em><\/p>\n","protected":false},"excerpt":{"rendered":"<p>Um rapaz de 28 anos, morreu ap\u00f3s sofrer um acidente de tr\u00e2nsito na madrugada deste domingo (16), na estrada do Capim, zona rural de Ribeira do Amparo-BA.<\/p>\n","protected":false},"author":2,"featured_media":48495,"comment_status":"open","ping_status":"open","sticky":false,"template":"","format":"standard","meta":{"om_disable_all_campaigns":false,"_monsterinsights_skip_tracking":false,"_monsterinsights_sitenote_active":false,"_monsterinsights_sitenote_note":"","_monsterinsights_sitenote_category":0,"footnotes":""},"categories":[70,69,32,16],"tags":[166,100,71,48,75,4178,4180,129,107,4181,132,230,169,106,203,120,51,109,88,47,111,190],"class_list":["post-48494","post","type-post","status-publish","format-standard","has-post-thumbnail","hentry","category-destaques","category-noticias2","category-regiao","category-ribeira-do-amparo","tag-acidente","tag-adustina","tag-antas","tag-araci","tag-cicero-dantas","tag-cipo-2","tag-crisopolis-2","tag-euclides-da-cunha","tag-fatima","tag-heliopolis-2","tag-itapicuru","tag-jeremoabo","tag-morte","tag-nova-soure","tag-novo-triunfo","tag-olindina","tag-paripiranga","tag-quijingue","tag-ribeira-do-amparo","tag-ribeira-do-pombal","tag-sitio-do-quinto","tag-tucano"],"aioseo_notices":[],"_links":{"self":[{"href":"https:\/\/www.portalalerta.com.br\/index.php\/wp-json\/wp\/v2\/posts\/48494","targetHints":{"allow":["GET"]}}],"collection":[{"href":"https:\/\/www.portalalerta.com.br\/index.php\/wp-json\/wp\/v2\/posts"}],"about":[{"href":"https:\/\/www.portalalerta.com.br\/index.php\/wp-json\/wp\/v2\/types\/post"}],"author":[{"embeddable":true,"href":"https:\/\/www.portalalerta.com.br\/index.php\/wp-json\/wp\/v2\/users\/2"}],"replies":[{"embeddable":true,"href":"https:\/\/www.portalalerta.com.br\/index.php\/wp-json\/wp\/v2\/comments?post=48494"}],"version-history":[{"count":2,"href":"https:\/\/www.portalalerta.com.br\/index.php\/wp-json\/wp\/v2\/posts\/48494\/revisions"}],"predecessor-version":[{"id":48497,"href":"https:\/\/www.portalalerta.com.br\/index.php\/wp-json\/wp\/v2\/posts\/48494\/revisions\/48497"}],"wp:featuredmedia":[{"embeddable":true,"href":"https:\/\/www.portalalerta.com.br\/index.php\/wp-json\/wp\/v2\/media\/48495"}],"wp:attachment":[{"href":"https:\/\/www.portalalerta.com.br\/index.php\/wp-json\/wp\/v2\/media?parent=48494"}],"wp:term":[{"taxonomy":"category","embeddable":true,"href":"https:\/\/www.portalalerta.com.br\/index.php\/wp-json\/wp\/v2\/categories?post=48494"},{"taxonomy":"post_tag","embeddable":true,"href":"https:\/\/www.portalalerta.com.br\/index.php\/wp-json\/wp\/v2\/tags?post=48494"}],"curies":[{"name":"wp","href":"https:\/\/api.w.org\/{rel}","templated":true}]}}