{"id":4850,"date":"2018-02-20T00:50:20","date_gmt":"2018-02-20T03:50:20","guid":{"rendered":"http:\/\/www.portalalerta.com.br\/?p=4850"},"modified":"2018-02-20T00:50:20","modified_gmt":"2018-02-20T03:50:20","slug":"pai-mata-filha-de-1-ano-com-tiro-de-espingarda-na-bahia","status":"publish","type":"post","link":"https:\/\/www.portalalerta.com.br\/index.php\/2018\/02\/20\/pai-mata-filha-de-1-ano-com-tiro-de-espingarda-na-bahia\/","title":{"rendered":"Pai mata filha de 1 ano com tiro de espingarda na Bahia"},"content":{"rendered":"<p style=\"text-align: justify;\">Policiais da Delegacia Territorial (DT) de Barra, prenderam em flagrante Manoel Pascoal da Cruz Pires pelo homic\u00eddio de sua filha. A pris\u00e3o ocorreu logo ap\u00f3s o crime, na tarde de domingo (18), no distrito de Igatir\u00e9.<!--more--><\/p>\n<p style=\"text-align: justify;\"><img fetchpriority=\"high\" decoding=\"async\" class=\"size-full wp-image-2867 aligncenter\" src=\"http:\/\/www.portalalerta.com.br\/wp-content\/uploads\/2017\/11\/protege-1.jpg\" alt=\"\" width=\"600\" height=\"140\" \/>O delegado Marcus Pina, titular da DT\/Barra, informou que ap\u00f3s discuss\u00e3o com a ex-companheira, Manoel efetuou um disparo de arma de fogo contra ela, que foi atingida junto com a filha do casal, de apenas um ano e dois meses de idade, que morreu no local.<\/p>\n<p style=\"text-align: justify;\">Ap\u00f3s ser autuado flagrante e conduzido \u00e0 delegacia, Manoel permanece na carceragem da unidade policial, \u00e0 disposi\u00e7\u00e3o da Justi\u00e7a.<\/p>\n<p style=\"text-align: justify;\"><em>Fonte: Chico Sabe Tudo<\/em><\/p>\n","protected":false},"excerpt":{"rendered":"<p>Policiais da Delegacia Territorial (DT) de Barra, prenderam em flagrante Manoel Pascoal da Cruz Pires pelo homic\u00eddio de sua filha. A pris\u00e3o ocorreu logo ap\u00f3s o crime, na tarde de domingo (18), no distrito de Igatir\u00e9.<\/p>\n","protected":false},"author":2,"featured_media":4851,"comment_status":"closed","ping_status":"open","sticky":false,"template":"","format":"standard","meta":{"om_disable_all_campaigns":false,"_monsterinsights_skip_tracking":false,"_monsterinsights_sitenote_active":false,"_monsterinsights_sitenote_note":"","_monsterinsights_sitenote_category":0,"footnotes":""},"categories":[33,70,69,22],"tags":[54,620,621,206,522,122,77],"class_list":["post-4850","post","type-post","status-publish","format-standard","has-post-thumbnail","hentry","category-bahia","category-destaques","category-noticias2","category-seguranca","tag-bahia","tag-barra","tag-filha","tag-homicidio","tag-pai","tag-policia-civil","tag-preso"],"aioseo_notices":[],"_links":{"self":[{"href":"https:\/\/www.portalalerta.com.br\/index.php\/wp-json\/wp\/v2\/posts\/4850","targetHints":{"allow":["GET"]}}],"collection":[{"href":"https:\/\/www.portalalerta.com.br\/index.php\/wp-json\/wp\/v2\/posts"}],"about":[{"href":"https:\/\/www.portalalerta.com.br\/index.php\/wp-json\/wp\/v2\/types\/post"}],"author":[{"embeddable":true,"href":"https:\/\/www.portalalerta.com.br\/index.php\/wp-json\/wp\/v2\/users\/2"}],"replies":[{"embeddable":true,"href":"https:\/\/www.portalalerta.com.br\/index.php\/wp-json\/wp\/v2\/comments?post=4850"}],"version-history":[{"count":0,"href":"https:\/\/www.portalalerta.com.br\/index.php\/wp-json\/wp\/v2\/posts\/4850\/revisions"}],"wp:featuredmedia":[{"embeddable":true,"href":"https:\/\/www.portalalerta.com.br\/index.php\/wp-json\/wp\/v2\/media\/4851"}],"wp:attachment":[{"href":"https:\/\/www.portalalerta.com.br\/index.php\/wp-json\/wp\/v2\/media?parent=4850"}],"wp:term":[{"taxonomy":"category","embeddable":true,"href":"https:\/\/www.portalalerta.com.br\/index.php\/wp-json\/wp\/v2\/categories?post=4850"},{"taxonomy":"post_tag","embeddable":true,"href":"https:\/\/www.portalalerta.com.br\/index.php\/wp-json\/wp\/v2\/tags?post=4850"}],"curies":[{"name":"wp","href":"https:\/\/api.w.org\/{rel}","templated":true}]}}