{"id":48501,"date":"2023-04-17T09:01:00","date_gmt":"2023-04-17T12:01:00","guid":{"rendered":"https:\/\/www.portalalerta.com.br\/?p=48501"},"modified":"2023-04-17T00:21:27","modified_gmt":"2023-04-17T03:21:27","slug":"thiago-brennand-emirados-arabes-autorizam-extradicao-de-empresario-para-o-brasil","status":"publish","type":"post","link":"https:\/\/www.portalalerta.com.br\/index.php\/2023\/04\/17\/thiago-brennand-emirados-arabes-autorizam-extradicao-de-empresario-para-o-brasil\/","title":{"rendered":"Thiago Brennand: Emirados \u00c1rabes autorizam extradi\u00e7\u00e3o de empres\u00e1rio para o Brasil"},"content":{"rendered":"\n<p>Autoridades dos Emirados \u00c1rabes Unidos\u00a0aprovaram o pedido de extradi\u00e7\u00e3o do empres\u00e1rio\u00a0Thiago Brennand, suspeito de agress\u00e3o e estupro, para o Brasil. A informa\u00e7\u00e3o foi confirmada pela TV Globo.<\/p>\n\n\n\n<!--more-->\n\n\n\n<p>H\u00e1 cinco mandados de pris\u00e3o preventiva em territ\u00f3rio brasileiro contra Brennand, por acusa\u00e7\u00f5es de agredir uma modelo, sequestrar e tatuar uma segunda mulher e estuprar uma jovem e uma miss.<\/p>\n\n\n<div class=\"wp-block-image\">\n<figure class=\"alignleft size-full is-resized\"><img fetchpriority=\"high\" decoding=\"async\" src=\"https:\/\/www.portalalerta.com.br\/wp-content\/uploads\/2021\/04\/ELAB.jpg\" alt=\"\" class=\"wp-image-34795\" width=\"425\" height=\"339\" srcset=\"https:\/\/www.portalalerta.com.br\/wp-content\/uploads\/2021\/04\/ELAB.jpg 1000w, https:\/\/www.portalalerta.com.br\/wp-content\/uploads\/2021\/04\/ELAB-300x240.jpg 300w, https:\/\/www.portalalerta.com.br\/wp-content\/uploads\/2021\/04\/ELAB-768x614.jpg 768w, https:\/\/www.portalalerta.com.br\/wp-content\/uploads\/2021\/04\/ELAB-183x146.jpg 183w, https:\/\/www.portalalerta.com.br\/wp-content\/uploads\/2021\/04\/ELAB-50x40.jpg 50w, https:\/\/www.portalalerta.com.br\/wp-content\/uploads\/2021\/04\/ELAB-94x75.jpg 94w\" sizes=\"(max-width: 425px) 100vw, 425px\" \/><\/figure><\/div>\n\n\n<p>Na \u00faltima quarta-feira (12), o\u00a0<strong>g1<\/strong>\u00a0publicou que\u00a0a extradi\u00e7\u00e3o de Brennand seria um dos assuntos abordados pelo presidente Luiz In\u00e1cio Lula da Silva (PT) durante sua passagem pelos Emirados \u00c1rabes. Fontes do Itamaraty confirmaram \u00e0 TV Globo que Lula iria perguntar ao presidente Mohammed bin Zayed Al Nahyan sobre a situa\u00e7\u00e3o do empres\u00e1rio.<\/p>\n\n\n\n<p>Ap\u00f3s passar pela China,\u00a0Lula chegou ao pa\u00eds \u00e1rabe neste s\u00e1bado (15). Depois de se encontrar com o presidente local, foi questionado sobre as tratativas da extradi\u00e7\u00e3o de Thiago Brennand e negou ter discutido o assunto.<\/p>\n\n\n\n<ul class=\"wp-block-list\">\n<li><strong>Agress\u00e3o a modelo \u2014<\/strong>&nbsp;<a href=\"https:\/\/g1.globo.com\/fantastico\/noticia\/2022\/08\/28\/aluna-de-academia-em-shopping-de-luxo-de-sp-relata-agressao-de-empresario-ele-falou-vou-cuspir-em-voce-porque-voce-merece.ghtml\">Aluna de academia em shopping de luxo de SP relata agress\u00e3o de empres\u00e1rio: &#8216;Ele falou: \u2018Vou cuspir em voc\u00ea porque voc\u00ea merece\u2019<\/a><\/li>\n\n\n\n<li><strong>Tatuagem &#8220;TFV&#8221; \u2014<\/strong>&nbsp;<a href=\"https:\/\/g1.globo.com\/fantastico\/noticia\/2022\/09\/05\/mulher-relata-agressoes-e-diz-ter-sido-obrigada-a-tatuar-iniciais-de-empresario-e-um-monstro.ghtml\">Mulher relata agress\u00f5es e diz ter sido obrigada a tatuar iniciais de empres\u00e1rio: \u2018\u00c9 um monstro\u2019<\/a><\/li>\n\n\n\n<li><strong>Suspeita de estupro \u2014&nbsp;<\/strong><a href=\"https:\/\/g1.globo.com\/fantastico\/noticia\/2022\/10\/17\/caso-thiago-brennand-estudante-de-medicina-acredita-que-foi-dopada-por-empresario-em-jantar-completamente-desorientada.ghtml\">Estudante de medicina acredita que foi dopada por empres\u00e1rio em jantar: \u2018Completamente desorientada\u2019<\/a><\/li>\n\n\n\n<li><strong>Acusa\u00e7\u00e3o de maus-tratos \u2014&nbsp;<\/strong><a href=\"https:\/\/g1.globo.com\/fantastico\/noticia\/2023\/03\/05\/ex-funcionario-diz-que-thiago-brennand-batia-e-dava-choques-no-filho-cara-desumano.ghtml\">Ex-funcion\u00e1rio diz que Thiago Brennand batia e dava choques no filho: &#8216;Cara desumano&#8217;<\/a><\/li>\n<\/ul>\n\n\n\n<p>Em dezembro de 2022, depois de apresentar a documenta\u00e7\u00e3o complementar requerida pela Chancelaria emir\u00e1tica, a Embaixada brasileira em Abu Dhabi foi informada em mar\u00e7o deste ano que o pedido de extradi\u00e7\u00e3o de Brennand seguia em an\u00e1lise pelas autoridades competentes.<\/p>\n\n\n\n<p>O pedido foi realizado com base em promessa de reciprocidade em casos an\u00e1logos, j\u00e1 que n\u00e3o h\u00e1 acordo bilateral sobre a mat\u00e9ria em vigor entre Brasil e os Emirados \u00c1rabes Unidos (EAU). O Acordo de Extradi\u00e7\u00e3o entre Brasil e Emirados \u00c1rabes foi assinado em 15\/03\/2019 e ratificado pelos EAU em 04\/10\/2021.<\/p>\n\n\n\n<p><em>Fonte: G1<\/em><\/p>\n","protected":false},"excerpt":{"rendered":"<p>Autoridades dos Emirados \u00c1rabes Unidos\u00a0aprovaram o pedido de extradi\u00e7\u00e3o do empres\u00e1rio\u00a0Thiago Brennand, suspeito de agress\u00e3o e estupro, para o Brasil. A informa\u00e7\u00e3o foi confirmada pela TV Globo.<\/p>\n","protected":false},"author":2,"featured_media":45187,"comment_status":"open","ping_status":"open","sticky":false,"template":"","format":"standard","meta":{"om_disable_all_campaigns":false,"_monsterinsights_skip_tracking":false,"_monsterinsights_sitenote_active":false,"_monsterinsights_sitenote_note":"","_monsterinsights_sitenote_category":0,"footnotes":""},"categories":[34,70,35,69,22],"tags":[100,71,48,93,75,4178,4180,6034,129,766,107,4181,132,230,339,106,203,120,51,109,88,47,111,5658,190],"class_list":["post-48501","post","type-post","status-publish","format-standard","has-post-thumbnail","hentry","category-brasil","category-destaques","category-mundo","category-noticias2","category-seguranca","tag-adustina","tag-antas","tag-araci","tag-brasil","tag-cicero-dantas","tag-cipo-2","tag-crisopolis-2","tag-emirados-arabes","tag-euclides-da-cunha","tag-extradicao","tag-fatima","tag-heliopolis-2","tag-itapicuru","tag-jeremoabo","tag-mundo","tag-nova-soure","tag-novo-triunfo","tag-olindina","tag-paripiranga","tag-quijingue","tag-ribeira-do-amparo","tag-ribeira-do-pombal","tag-sitio-do-quinto","tag-thiago-brennand","tag-tucano"],"aioseo_notices":[],"_links":{"self":[{"href":"https:\/\/www.portalalerta.com.br\/index.php\/wp-json\/wp\/v2\/posts\/48501","targetHints":{"allow":["GET"]}}],"collection":[{"href":"https:\/\/www.portalalerta.com.br\/index.php\/wp-json\/wp\/v2\/posts"}],"about":[{"href":"https:\/\/www.portalalerta.com.br\/index.php\/wp-json\/wp\/v2\/types\/post"}],"author":[{"embeddable":true,"href":"https:\/\/www.portalalerta.com.br\/index.php\/wp-json\/wp\/v2\/users\/2"}],"replies":[{"embeddable":true,"href":"https:\/\/www.portalalerta.com.br\/index.php\/wp-json\/wp\/v2\/comments?post=48501"}],"version-history":[{"count":1,"href":"https:\/\/www.portalalerta.com.br\/index.php\/wp-json\/wp\/v2\/posts\/48501\/revisions"}],"predecessor-version":[{"id":48502,"href":"https:\/\/www.portalalerta.com.br\/index.php\/wp-json\/wp\/v2\/posts\/48501\/revisions\/48502"}],"wp:featuredmedia":[{"embeddable":true,"href":"https:\/\/www.portalalerta.com.br\/index.php\/wp-json\/wp\/v2\/media\/45187"}],"wp:attachment":[{"href":"https:\/\/www.portalalerta.com.br\/index.php\/wp-json\/wp\/v2\/media?parent=48501"}],"wp:term":[{"taxonomy":"category","embeddable":true,"href":"https:\/\/www.portalalerta.com.br\/index.php\/wp-json\/wp\/v2\/categories?post=48501"},{"taxonomy":"post_tag","embeddable":true,"href":"https:\/\/www.portalalerta.com.br\/index.php\/wp-json\/wp\/v2\/tags?post=48501"}],"curies":[{"name":"wp","href":"https:\/\/api.w.org\/{rel}","templated":true}]}}