{"id":48503,"date":"2023-04-17T09:02:00","date_gmt":"2023-04-17T12:02:00","guid":{"rendered":"https:\/\/www.portalalerta.com.br\/?p=48503"},"modified":"2023-04-17T00:35:30","modified_gmt":"2023-04-17T03:35:30","slug":"homem-fica-ferido-ao-ser-baleado-no-orgao-genital-em-antas-ba","status":"publish","type":"post","link":"https:\/\/www.portalalerta.com.br\/index.php\/2023\/04\/17\/homem-fica-ferido-ao-ser-baleado-no-orgao-genital-em-antas-ba\/","title":{"rendered":"Homem fica ferido ao ser baleado no \u00f3rg\u00e3o genital em Antas-BA"},"content":{"rendered":"\n<p>Por volta das 02h30 deste domingo (16), policiais militares de Antas-BA, foram at\u00e9 o povoado Frei Apol\u00f4nio no referido munic\u00edpio, com a finalidade de apurarem uma den\u00fancia de disparo de arma de fogo.<\/p>\n\n\n\n<!--more-->\n\n\n\n<p>Os policiais foram at\u00e9 o local, e na \u00e1rea externa de um clube onde acontecia um evento festivo, encontraram uma v\u00edtima, identificada pelas iniciais N de S, alvejada pelo disparo de arma de fogo na regi\u00e3o do p\u00eanis.<\/p>\n\n\n\n<p>O rapaz foi socorrido para o Hospital Nossa Senhora de Lourdes, onde recebeu atendimento m\u00e9dico, e segundo informa\u00e7\u00f5es preliminares, n\u00e3o corre risco de morte.<\/p>\n\n\n\n<p>As circunst\u00e2ncias do disparo dever\u00e3o ser investigadas pela Pol\u00edcia Civil local.<\/p>\n\n\n\n<p><em>Reda\u00e7\u00e3o: Portal Alerta<\/em><\/p>\n","protected":false},"excerpt":{"rendered":"<p>Por volta das 02h30 deste domingo (16), policiais militares de Antas-BA, foram at\u00e9 o povoado Frei Apol\u00f4nio no referido munic\u00edpio, com a finalidade de apurarem uma den\u00fancia de disparo de arma de fogo.<\/p>\n","protected":false},"author":2,"featured_media":13301,"comment_status":"open","ping_status":"open","sticky":false,"template":"","format":"standard","meta":{"om_disable_all_campaigns":false,"_monsterinsights_skip_tracking":false,"_monsterinsights_sitenote_active":false,"_monsterinsights_sitenote_note":"","_monsterinsights_sitenote_category":0,"footnotes":""},"categories":[5,70,69,32,22],"tags":[100,71,48,75,4178,4180,128,129,107,299,4181,132,230,106,203,120,51,109,88,47,111,190],"class_list":["post-48503","post","type-post","status-publish","format-standard","has-post-thumbnail","hentry","category-antas","category-destaques","category-noticias2","category-regiao","category-seguranca","tag-adustina","tag-antas","tag-araci","tag-cicero-dantas","tag-cipo-2","tag-crisopolis-2","tag-disparo-de-arma-de-fogo","tag-euclides-da-cunha","tag-fatima","tag-ferido","tag-heliopolis-2","tag-itapicuru","tag-jeremoabo","tag-nova-soure","tag-novo-triunfo","tag-olindina","tag-paripiranga","tag-quijingue","tag-ribeira-do-amparo","tag-ribeira-do-pombal","tag-sitio-do-quinto","tag-tucano"],"aioseo_notices":[],"_links":{"self":[{"href":"https:\/\/www.portalalerta.com.br\/index.php\/wp-json\/wp\/v2\/posts\/48503","targetHints":{"allow":["GET"]}}],"collection":[{"href":"https:\/\/www.portalalerta.com.br\/index.php\/wp-json\/wp\/v2\/posts"}],"about":[{"href":"https:\/\/www.portalalerta.com.br\/index.php\/wp-json\/wp\/v2\/types\/post"}],"author":[{"embeddable":true,"href":"https:\/\/www.portalalerta.com.br\/index.php\/wp-json\/wp\/v2\/users\/2"}],"replies":[{"embeddable":true,"href":"https:\/\/www.portalalerta.com.br\/index.php\/wp-json\/wp\/v2\/comments?post=48503"}],"version-history":[{"count":1,"href":"https:\/\/www.portalalerta.com.br\/index.php\/wp-json\/wp\/v2\/posts\/48503\/revisions"}],"predecessor-version":[{"id":48504,"href":"https:\/\/www.portalalerta.com.br\/index.php\/wp-json\/wp\/v2\/posts\/48503\/revisions\/48504"}],"wp:featuredmedia":[{"embeddable":true,"href":"https:\/\/www.portalalerta.com.br\/index.php\/wp-json\/wp\/v2\/media\/13301"}],"wp:attachment":[{"href":"https:\/\/www.portalalerta.com.br\/index.php\/wp-json\/wp\/v2\/media?parent=48503"}],"wp:term":[{"taxonomy":"category","embeddable":true,"href":"https:\/\/www.portalalerta.com.br\/index.php\/wp-json\/wp\/v2\/categories?post=48503"},{"taxonomy":"post_tag","embeddable":true,"href":"https:\/\/www.portalalerta.com.br\/index.php\/wp-json\/wp\/v2\/tags?post=48503"}],"curies":[{"name":"wp","href":"https:\/\/api.w.org\/{rel}","templated":true}]}}