{"id":48508,"date":"2023-04-17T16:00:00","date_gmt":"2023-04-17T19:00:00","guid":{"rendered":"https:\/\/www.portalalerta.com.br\/?p=48508"},"modified":"2023-04-17T14:12:12","modified_gmt":"2023-04-17T17:12:12","slug":"declaracoes-de-lula-sobre-papel-dos-eua-na-guerra-da-ucrania-geram-mal-estar-em-washington","status":"publish","type":"post","link":"https:\/\/www.portalalerta.com.br\/index.php\/2023\/04\/17\/declaracoes-de-lula-sobre-papel-dos-eua-na-guerra-da-ucrania-geram-mal-estar-em-washington\/","title":{"rendered":"Declara\u00e7\u00f5es de Lula sobre papel dos EUA na guerra da Ucr\u00e2nia geram mal-estar em Washington"},"content":{"rendered":"\n<p><strong>Presidente afirmou neste domingo (16), em Abu Dhabi, que os Estados Unidos contribuem para o prolongamento do conflito<\/strong><\/p>\n\n\n\n<!--more-->\n\n\n\n<p>As recentes declara\u00e7\u00f5es do presidente Luiz In\u00e1cio Lula da Silva (PT) de que os Estados Unidos contribuem para a manuten\u00e7\u00e3o da guerra entre R\u00fassia e Ucr\u00e2nia geraram incom\u00f4do em Washington,&nbsp;de acordo com uma fonte diplom\u00e1tica americana.<\/p>\n\n\n<div class=\"wp-block-image\">\n<figure class=\"alignleft size-full is-resized\"><img fetchpriority=\"high\" decoding=\"async\" src=\"https:\/\/www.portalalerta.com.br\/wp-content\/uploads\/2022\/03\/Cred-Real.1.jpg\" alt=\"\" class=\"wp-image-41523\" width=\"407\" height=\"326\" srcset=\"https:\/\/www.portalalerta.com.br\/wp-content\/uploads\/2022\/03\/Cred-Real.1.jpg 500w, https:\/\/www.portalalerta.com.br\/wp-content\/uploads\/2022\/03\/Cred-Real.1-300x240.jpg 300w, https:\/\/www.portalalerta.com.br\/wp-content\/uploads\/2022\/03\/Cred-Real.1-183x146.jpg 183w, https:\/\/www.portalalerta.com.br\/wp-content\/uploads\/2022\/03\/Cred-Real.1-50x40.jpg 50w, https:\/\/www.portalalerta.com.br\/wp-content\/uploads\/2022\/03\/Cred-Real.1-94x75.jpg 94w\" sizes=\"(max-width: 407px) 100vw, 407px\" \/><\/figure><\/div>\n\n\n<p>O petista tamb\u00e9m\u00a0<strong>criticou o uso do d\u00f3lar nas rela\u00e7\u00f5es comerciais entre pa\u00edses<\/strong>\u00a0e defendeu a cria\u00e7\u00e3o de uma moeda \u00fanica para uso do Brics, grupo formado por Brasil, R\u00fassia, \u00cdndia, China e \u00c1frica do Sul. As falas foram vistas pelas autoridades americanas como um sinal de aproxima\u00e7\u00e3o com a China e de distanciamento dos EUA.<\/p>\n\n\n\n<p>Neste domingo (16), o petista afirmou em Abu Dhabi, capital dos Emirados \u00c1rabes Unidos, que os\u00a0<strong>EUA e a Europa contribuem para o prolongamento do conflito na Ucr\u00e2nia<\/strong>.\u00a0<strong><em>&#8220;A paz est\u00e1 muito dif\u00edcil. O presidente [da R\u00fassia, Vladimir] Putin n\u00e3o toma iniciativa de paz, o presidente [da Ucr\u00e2nia, Volodmir] Zelenski n\u00e3o toma iniciativa de paz. A Europa e os Estados Unidos terminam dando contribui\u00e7\u00e3o para a continuidade desta guerra&#8221;<\/em><\/strong>, disse.<\/p>\n\n\n\n<p>A declara\u00e7\u00e3o ocorre um dia ap\u00f3s o presidente ter defendido o fim do envio de armamentos para a Ucr\u00e2nia e afirmado que os EUA precisavam\u00a0<strong><em>&#8220;parar de incentivar a guerra&#8221;.<\/em><\/strong><\/p>\n\n\n\n<p><strong>Rela\u00e7\u00e3o com a China<\/strong><\/p>\n\n\n\n<p>O presidente da Rep\u00fablica negou que a visita ao territ\u00f3rio chin\u00eas cause tens\u00e3o pol\u00edtica com o governo americano. <strong><em>&#8220;Tenho certeza de que a\u00a0nossa rela\u00e7\u00e3o com a China\u00a0n\u00e3o \u00e9, necessariamente, capaz de criar nenhum\u00a0arranh\u00e3o com os Estados Unidos.&#8221;<\/em><\/strong><\/p>\n\n\n\n<p><strong><em>&#8220;Quando vou conversar com os Estados Unidos, eu n\u00e3o fico preocupado com o que a China vai pensar da minha conversa com os Estados Unidos. Eu estou conversando sobre os interesses soberanos do meu pa\u00eds. Quando venho conversar com a China, eu tamb\u00e9m n\u00e3o estou preocupado com o que o Estados Unidos est\u00e3o pensando&#8221;,<\/em><\/strong> argumentou.<\/p>\n\n\n\n<p>De acordo com Lula, os\u00a0acordos assinados pelo Brasil\u00a0n\u00e3o t\u00eam vi\u00e9s ideol\u00f3gico e dizem respeito a interesses nacionais. <strong><em>&#8220;O Brasil tem que fazer acordos poss\u00edveis com todos os pa\u00edses. N\u00f3s n\u00e3o temos escolhas pol\u00edticas, escolhas ideol\u00f3gicas. N\u00f3s temos uma escolha de interesse nacional \u2014 interesse do povo brasileiro, interesse da ind\u00fastria nacional, interesse da nossa soberania&#8221;,<\/em><\/strong> disse.<\/p>\n\n\n\n<p><em>Fonte: R7<\/em><\/p>\n","protected":false},"excerpt":{"rendered":"<p>Presidente afirmou neste domingo (16), em Abu Dhabi, que os Estados Unidos contribuem para o prolongamento do conflito<\/p>\n","protected":false},"author":2,"featured_media":48509,"comment_status":"open","ping_status":"open","sticky":false,"template":"","format":"standard","meta":{"om_disable_all_campaigns":false,"_monsterinsights_skip_tracking":false,"_monsterinsights_sitenote_active":false,"_monsterinsights_sitenote_note":"","_monsterinsights_sitenote_category":0,"footnotes":""},"categories":[34,70,35,69,21],"tags":[100,71,48,93,75,4178,4180,327,129,107,835,4181,132,230,106,203,120,51,109,88,47,826,111,190,3331],"class_list":["post-48508","post","type-post","status-publish","format-standard","has-post-thumbnail","hentry","category-brasil","category-destaques","category-mundo","category-noticias2","category-politica","tag-adustina","tag-antas","tag-araci","tag-brasil","tag-cicero-dantas","tag-cipo-2","tag-crisopolis-2","tag-eua","tag-euclides-da-cunha","tag-fatima","tag-guerra","tag-heliopolis-2","tag-itapicuru","tag-jeremoabo","tag-nova-soure","tag-novo-triunfo","tag-olindina","tag-paripiranga","tag-quijingue","tag-ribeira-do-amparo","tag-ribeira-do-pombal","tag-russia","tag-sitio-do-quinto","tag-tucano","tag-ucrania"],"aioseo_notices":[],"_links":{"self":[{"href":"https:\/\/www.portalalerta.com.br\/index.php\/wp-json\/wp\/v2\/posts\/48508","targetHints":{"allow":["GET"]}}],"collection":[{"href":"https:\/\/www.portalalerta.com.br\/index.php\/wp-json\/wp\/v2\/posts"}],"about":[{"href":"https:\/\/www.portalalerta.com.br\/index.php\/wp-json\/wp\/v2\/types\/post"}],"author":[{"embeddable":true,"href":"https:\/\/www.portalalerta.com.br\/index.php\/wp-json\/wp\/v2\/users\/2"}],"replies":[{"embeddable":true,"href":"https:\/\/www.portalalerta.com.br\/index.php\/wp-json\/wp\/v2\/comments?post=48508"}],"version-history":[{"count":1,"href":"https:\/\/www.portalalerta.com.br\/index.php\/wp-json\/wp\/v2\/posts\/48508\/revisions"}],"predecessor-version":[{"id":48510,"href":"https:\/\/www.portalalerta.com.br\/index.php\/wp-json\/wp\/v2\/posts\/48508\/revisions\/48510"}],"wp:featuredmedia":[{"embeddable":true,"href":"https:\/\/www.portalalerta.com.br\/index.php\/wp-json\/wp\/v2\/media\/48509"}],"wp:attachment":[{"href":"https:\/\/www.portalalerta.com.br\/index.php\/wp-json\/wp\/v2\/media?parent=48508"}],"wp:term":[{"taxonomy":"category","embeddable":true,"href":"https:\/\/www.portalalerta.com.br\/index.php\/wp-json\/wp\/v2\/categories?post=48508"},{"taxonomy":"post_tag","embeddable":true,"href":"https:\/\/www.portalalerta.com.br\/index.php\/wp-json\/wp\/v2\/tags?post=48508"}],"curies":[{"name":"wp","href":"https:\/\/api.w.org\/{rel}","templated":true}]}}