{"id":48514,"date":"2023-04-17T16:02:00","date_gmt":"2023-04-17T19:02:00","guid":{"rendered":"https:\/\/www.portalalerta.com.br\/?p=48514"},"modified":"2023-04-17T14:35:40","modified_gmt":"2023-04-17T17:35:40","slug":"carlos-bolsonaro-diz-que-deixara-redes-do-pai-nao-acredito-mais","status":"publish","type":"post","link":"https:\/\/www.portalalerta.com.br\/index.php\/2023\/04\/17\/carlos-bolsonaro-diz-que-deixara-redes-do-pai-nao-acredito-mais\/","title":{"rendered":"Carlos Bolsonaro diz que deixar\u00e1 redes do pai: &#8216;N\u00e3o acredito mais&#8217;"},"content":{"rendered":"\n<p>O vereador Carlos Bolsonaro (Republicanos-RJ) afirmou que deixar\u00e1 de administrar as redes sociais do pai, o ex-presidente Jair Bolsonaro (PL). Carlos foi o respons\u00e1vel por criar e comandar as redes de Bolsonaro por mais de dez anos. Em postagens em suas redes sociais neste domingo, 16, o vereador escreveu que <strong><em>&#8220;em breve chegar\u00e1 o fim deste ciclo de vida&#8221;.<\/em><\/strong><\/p>\n\n\n\n<!--more-->\n\n\n<div class=\"wp-block-image\">\n<figure class=\"alignleft size-full is-resized\"><img fetchpriority=\"high\" decoding=\"async\" src=\"https:\/\/www.portalalerta.com.br\/wp-content\/uploads\/2021\/04\/ELAB.jpg\" alt=\"\" class=\"wp-image-34795\" width=\"382\" height=\"305\" srcset=\"https:\/\/www.portalalerta.com.br\/wp-content\/uploads\/2021\/04\/ELAB.jpg 1000w, https:\/\/www.portalalerta.com.br\/wp-content\/uploads\/2021\/04\/ELAB-300x240.jpg 300w, https:\/\/www.portalalerta.com.br\/wp-content\/uploads\/2021\/04\/ELAB-768x614.jpg 768w, https:\/\/www.portalalerta.com.br\/wp-content\/uploads\/2021\/04\/ELAB-183x146.jpg 183w, https:\/\/www.portalalerta.com.br\/wp-content\/uploads\/2021\/04\/ELAB-50x40.jpg 50w, https:\/\/www.portalalerta.com.br\/wp-content\/uploads\/2021\/04\/ELAB-94x75.jpg 94w\" sizes=\"(max-width: 382px) 100vw, 382px\" \/><\/figure><\/div>\n\n\n<p>O vereador ainda desabafou, afirmando que <strong><em>&#8220;pessoas ruins&#8221;<\/em><\/strong> estariam ganhando com seu trabalho e que ele teria sido <strong><em>&#8220;tratado de modo que nem um rato mereceria&#8221;<\/em><\/strong>. <strong><em>&#8220;N\u00e3o acredito mais no que me trouxe at\u00e9 aqui&#8221;<\/em><\/strong>, acrescentou Carlos.<\/p>\n\n\n\n<p>Ainda assim, disse que n\u00e3o sair\u00e1 <strong><em>&#8220;sem avisar&#8221;<\/em><\/strong>. <strong><em>&#8220;(Foram) anos de muita satisfa\u00e7\u00e3o pessoal e tenho certeza de que de muita valia para pessoas boas e tamb\u00e9m \u00e0s mais ingratas e sonsas&#8221;<\/em><\/strong>, escreveu o vereador.<\/p>\n\n\n\n<p><em>Fonte: Correio<\/em><\/p>\n","protected":false},"excerpt":{"rendered":"<p>O vereador Carlos Bolsonaro (Republicanos-RJ) afirmou que deixar\u00e1 de administrar as redes sociais do pai, o ex-presidente Jair Bolsonaro (PL). Carlos foi o respons\u00e1vel por criar e comandar as redes de Bolsonaro por mais de dez anos. Em postagens em suas redes sociais neste domingo, 16, o vereador escreveu que &#8220;em breve chegar\u00e1 o fim &hellip;<\/p>\n","protected":false},"author":2,"featured_media":48515,"comment_status":"open","ping_status":"open","sticky":false,"template":"","format":"standard","meta":{"om_disable_all_campaigns":false,"_monsterinsights_skip_tracking":false,"_monsterinsights_sitenote_active":false,"_monsterinsights_sitenote_note":"","_monsterinsights_sitenote_category":0,"footnotes":""},"categories":[34,70,69,21],"tags":[100,71,48,93,2759,75,4178,4180,129,107,4181,132,1395,230,106,203,120,51,199,109,88,47,111,190],"class_list":["post-48514","post","type-post","status-publish","format-standard","has-post-thumbnail","hentry","category-brasil","category-destaques","category-noticias2","category-politica","tag-adustina","tag-antas","tag-araci","tag-brasil","tag-carlos-bolsonaro","tag-cicero-dantas","tag-cipo-2","tag-crisopolis-2","tag-euclides-da-cunha","tag-fatima","tag-heliopolis-2","tag-itapicuru","tag-jair-bolsonaro","tag-jeremoabo","tag-nova-soure","tag-novo-triunfo","tag-olindina","tag-paripiranga","tag-politica","tag-quijingue","tag-ribeira-do-amparo","tag-ribeira-do-pombal","tag-sitio-do-quinto","tag-tucano"],"aioseo_notices":[],"_links":{"self":[{"href":"https:\/\/www.portalalerta.com.br\/index.php\/wp-json\/wp\/v2\/posts\/48514","targetHints":{"allow":["GET"]}}],"collection":[{"href":"https:\/\/www.portalalerta.com.br\/index.php\/wp-json\/wp\/v2\/posts"}],"about":[{"href":"https:\/\/www.portalalerta.com.br\/index.php\/wp-json\/wp\/v2\/types\/post"}],"author":[{"embeddable":true,"href":"https:\/\/www.portalalerta.com.br\/index.php\/wp-json\/wp\/v2\/users\/2"}],"replies":[{"embeddable":true,"href":"https:\/\/www.portalalerta.com.br\/index.php\/wp-json\/wp\/v2\/comments?post=48514"}],"version-history":[{"count":1,"href":"https:\/\/www.portalalerta.com.br\/index.php\/wp-json\/wp\/v2\/posts\/48514\/revisions"}],"predecessor-version":[{"id":48516,"href":"https:\/\/www.portalalerta.com.br\/index.php\/wp-json\/wp\/v2\/posts\/48514\/revisions\/48516"}],"wp:featuredmedia":[{"embeddable":true,"href":"https:\/\/www.portalalerta.com.br\/index.php\/wp-json\/wp\/v2\/media\/48515"}],"wp:attachment":[{"href":"https:\/\/www.portalalerta.com.br\/index.php\/wp-json\/wp\/v2\/media?parent=48514"}],"wp:term":[{"taxonomy":"category","embeddable":true,"href":"https:\/\/www.portalalerta.com.br\/index.php\/wp-json\/wp\/v2\/categories?post=48514"},{"taxonomy":"post_tag","embeddable":true,"href":"https:\/\/www.portalalerta.com.br\/index.php\/wp-json\/wp\/v2\/tags?post=48514"}],"curies":[{"name":"wp","href":"https:\/\/api.w.org\/{rel}","templated":true}]}}