{"id":48519,"date":"2023-04-18T07:00:00","date_gmt":"2023-04-18T10:00:00","guid":{"rendered":"https:\/\/www.portalalerta.com.br\/?p=48519"},"modified":"2023-04-17T21:03:30","modified_gmt":"2023-04-18T00:03:30","slug":"prefeitura-de-tucano-ba-divulgou-primeiras-atracoes-do-arraia-das-aguas-quentes-2023","status":"publish","type":"post","link":"https:\/\/www.portalalerta.com.br\/index.php\/2023\/04\/18\/prefeitura-de-tucano-ba-divulgou-primeiras-atracoes-do-arraia-das-aguas-quentes-2023\/","title":{"rendered":"Prefeitura de Tucano-BA divulgou primeiras atra\u00e7\u00f5es do Arrai\u00e1 das \u00c1guas Quentes 2023"},"content":{"rendered":"\n<p>O Pr\u00e9 S\u00e3o Jo\u00e3o de Tucano,\u00a0Arrai\u00e1 das \u00c1guas Quentes, que acontece todos os anos em Caldas do Jorro, j\u00e1 tem data e primeiras atra\u00e7\u00f5es confirmadas:\u00a0Simone Mendes, cantora de express\u00e3o nacional que vem dominando as paradas musicais no pa\u00eds com <strong>\u201cErro Gostoso\u201d<\/strong>; a dupla do momento,\u00a0Iguinho e Lulinha, estourada com sucessos como <strong><em>\u201cTe amar, Te amar\u201d<\/em><\/strong>; e o romance de\u00a0Z\u00e9 Vaqueiro, que promete fazer todo mundo dan\u00e7ar <strong><em>\u201cColadin\u201d<\/em><\/strong> e aquecer o inverno nos dias 16, 17 e 18 de junho.<\/p>\n\n\n\n<!--more-->\n\n\n<div class=\"wp-block-image\">\n<figure class=\"alignleft size-full is-resized\"><img fetchpriority=\"high\" decoding=\"async\" src=\"https:\/\/www.portalalerta.com.br\/wp-content\/uploads\/2022\/03\/Cred-Real.1.jpg\" alt=\"\" class=\"wp-image-41523\" width=\"364\" height=\"291\" srcset=\"https:\/\/www.portalalerta.com.br\/wp-content\/uploads\/2022\/03\/Cred-Real.1.jpg 500w, https:\/\/www.portalalerta.com.br\/wp-content\/uploads\/2022\/03\/Cred-Real.1-300x240.jpg 300w, https:\/\/www.portalalerta.com.br\/wp-content\/uploads\/2022\/03\/Cred-Real.1-183x146.jpg 183w, https:\/\/www.portalalerta.com.br\/wp-content\/uploads\/2022\/03\/Cred-Real.1-50x40.jpg 50w, https:\/\/www.portalalerta.com.br\/wp-content\/uploads\/2022\/03\/Cred-Real.1-94x75.jpg 94w\" sizes=\"(max-width: 364px) 100vw, 364px\" \/><\/figure><\/div>\n\n\n<p>O Arrai\u00e1 contar\u00e1 com excelente estrutura e decora\u00e7\u00e3o t\u00edpica, disponibilizando para os participantes uma grande variedade de comidas, bebidas regionais e um espet\u00e1culo de cores. As ruas do Jorro ser\u00e3o tomadas, mais uma vez, pela presen\u00e7a de fogueiras, brincadeiras, desfile de grupos folcl\u00f3ricos, muito xote, xaxado e bai\u00e3o.<\/p>\n\n\n\n<p><strong><em>\u201cEssa ser\u00e1 uma experi\u00eancia \u00fanica. E esses s\u00e3o apenas os primeiros nomes. Muita coisa boa ainda ser\u00e1 divulgada para o nosso Arrai\u00e1 das \u00c1guas Quentes\u201d<\/em><\/strong>, garante o Prefeito Ricardo Maia Filho.<\/p>\n\n\n\n<p><em>Fonte: Pombal Not\u00edcias<\/em><\/p>\n\n\n\n<p><em>Com informa\u00e7\u00f5es: SECOM\/ Tucano<\/em><\/p>\n","protected":false},"excerpt":{"rendered":"<p>O Pr\u00e9 S\u00e3o Jo\u00e3o de Tucano,\u00a0Arrai\u00e1 das \u00c1guas Quentes, que acontece todos os anos em Caldas do Jorro, j\u00e1 tem data e primeiras atra\u00e7\u00f5es confirmadas:\u00a0Simone Mendes, cantora de express\u00e3o nacional que vem dominando as paradas musicais no pa\u00eds com \u201cErro Gostoso\u201d; a dupla do momento,\u00a0Iguinho e Lulinha, estourada com sucessos como \u201cTe amar, Te amar\u201d; &hellip;<\/p>\n","protected":false},"author":2,"featured_media":48520,"comment_status":"open","ping_status":"open","sticky":false,"template":"","format":"standard","meta":{"om_disable_all_campaigns":false,"_monsterinsights_skip_tracking":false,"_monsterinsights_sitenote_active":false,"_monsterinsights_sitenote_note":"","_monsterinsights_sitenote_category":0,"footnotes":""},"categories":[70,36,69,32,12],"tags":[100,71,48,1084,1065,389,75,4178,4180,129,107,4181,132,230,106,203,120,51,109,88,47,111,190],"class_list":["post-48519","post","type-post","status-publish","format-standard","has-post-thumbnail","hentry","category-destaques","category-lazer","category-noticias2","category-regiao","category-tucano","tag-adustina","tag-antas","tag-araci","tag-arraia-das-aguas-quentes","tag-atracoes","tag-caldas-do-jorro","tag-cicero-dantas","tag-cipo-2","tag-crisopolis-2","tag-euclides-da-cunha","tag-fatima","tag-heliopolis-2","tag-itapicuru","tag-jeremoabo","tag-nova-soure","tag-novo-triunfo","tag-olindina","tag-paripiranga","tag-quijingue","tag-ribeira-do-amparo","tag-ribeira-do-pombal","tag-sitio-do-quinto","tag-tucano"],"aioseo_notices":[],"_links":{"self":[{"href":"https:\/\/www.portalalerta.com.br\/index.php\/wp-json\/wp\/v2\/posts\/48519","targetHints":{"allow":["GET"]}}],"collection":[{"href":"https:\/\/www.portalalerta.com.br\/index.php\/wp-json\/wp\/v2\/posts"}],"about":[{"href":"https:\/\/www.portalalerta.com.br\/index.php\/wp-json\/wp\/v2\/types\/post"}],"author":[{"embeddable":true,"href":"https:\/\/www.portalalerta.com.br\/index.php\/wp-json\/wp\/v2\/users\/2"}],"replies":[{"embeddable":true,"href":"https:\/\/www.portalalerta.com.br\/index.php\/wp-json\/wp\/v2\/comments?post=48519"}],"version-history":[{"count":1,"href":"https:\/\/www.portalalerta.com.br\/index.php\/wp-json\/wp\/v2\/posts\/48519\/revisions"}],"predecessor-version":[{"id":48521,"href":"https:\/\/www.portalalerta.com.br\/index.php\/wp-json\/wp\/v2\/posts\/48519\/revisions\/48521"}],"wp:featuredmedia":[{"embeddable":true,"href":"https:\/\/www.portalalerta.com.br\/index.php\/wp-json\/wp\/v2\/media\/48520"}],"wp:attachment":[{"href":"https:\/\/www.portalalerta.com.br\/index.php\/wp-json\/wp\/v2\/media?parent=48519"}],"wp:term":[{"taxonomy":"category","embeddable":true,"href":"https:\/\/www.portalalerta.com.br\/index.php\/wp-json\/wp\/v2\/categories?post=48519"},{"taxonomy":"post_tag","embeddable":true,"href":"https:\/\/www.portalalerta.com.br\/index.php\/wp-json\/wp\/v2\/tags?post=48519"}],"curies":[{"name":"wp","href":"https:\/\/api.w.org\/{rel}","templated":true}]}}