{"id":48522,"date":"2023-04-18T07:01:00","date_gmt":"2023-04-18T10:01:00","guid":{"rendered":"https:\/\/www.portalalerta.com.br\/?p=48522"},"modified":"2023-04-17T21:09:43","modified_gmt":"2023-04-18T00:09:43","slug":"papa-francisco-classifica-de-infundadas-insinuacoes-contra-joao-paulo-ii","status":"publish","type":"post","link":"https:\/\/www.portalalerta.com.br\/index.php\/2023\/04\/18\/papa-francisco-classifica-de-infundadas-insinuacoes-contra-joao-paulo-ii\/","title":{"rendered":"Papa Francisco classifica de infundadas &#8220;insinua\u00e7\u00f5es&#8221; contra Jo\u00e3o Paulo II"},"content":{"rendered":"\n<p>Irm\u00e3o de mulher desaparecida h\u00e1 40 anos em Roma apresentou grava\u00e7\u00e3o de homem que dizia que meninas foram levadas ao Vaticano para serem molestadas e que o Papa Jo\u00e3o Paulo sabia<\/p>\n\n\n\n<!--more-->\n\n\n\n<p>O Papa Francisco classificou neste domingo (16) como ofensivas e infundadas aquilo que chamou de insinua\u00e7\u00f5es por parte do irm\u00e3o de uma estudante do Vaticano que desapareceu h\u00e1 40 anos, em um caso supostamente envolvendo o ex-papa Jo\u00e3o Paulo II.<\/p>\n\n\n\n<p>Emanuela Orlandi, filha de um porteiro do Vaticano, n\u00e3o voltou para casa em 22 de junho de 1983 ap\u00f3s uma aula de m\u00fasica em Roma. Ela tinha 15 anos na \u00e9poca e morava com a fam\u00edlia dentro do Vaticano. Seu desaparecimento \u00e9 um dos mist\u00e9rios mais antigos da It\u00e1lia.<\/p>\n\n\n\n<p>O caso teve um novo cap\u00edtulo na \u00faltima ter\u00e7a-feira (11), quando o irm\u00e3o dela, Pietro, se encontrou com o promotor-chefe do Vaticano, Alessandro Diddi, a quem Francisco deu liberdade para investigar o caso. Depois de falar com Diddi por mais de oito horas, Pietro Orlandi apareceu em um programa de televis\u00e3o no qual reproduziu parte de uma grava\u00e7\u00e3o em \u00e1udio com a voz de um homem que, segundo Orlandi, fazia parte de uma fac\u00e7\u00e3o do crime organizado que a m\u00eddia italiana h\u00e1 d\u00e9cadas especula que pode ter estado envolvida no desaparecimento de sua irm\u00e3.<\/p>\n\n\n\n<p>A voz do suposto g\u00e2ngster dizia que mais de 40 anos atr\u00e1s meninas foram trazidas ao Vaticano para serem molestadas e que o Papa Jo\u00e3o Paulo sabia disso.<\/p>\n\n\n\n<p><em>Fonte: Metro1<\/em><\/p>\n","protected":false},"excerpt":{"rendered":"<p>Irm\u00e3o de mulher desaparecida h\u00e1 40 anos em Roma apresentou grava\u00e7\u00e3o de homem que dizia que meninas foram levadas ao Vaticano para serem molestadas e que o Papa Jo\u00e3o Paulo sabia<\/p>\n","protected":false},"author":2,"featured_media":9909,"comment_status":"open","ping_status":"open","sticky":false,"template":"","format":"standard","meta":{"om_disable_all_campaigns":false,"_monsterinsights_skip_tracking":false,"_monsterinsights_sitenote_active":false,"_monsterinsights_sitenote_note":"","_monsterinsights_sitenote_category":0,"footnotes":""},"categories":[70,35,69],"tags":[100,71,48,75,4178,4180,129,107,4181,132,230,339,106,203,120,1509,6035,51,109,88,47,111,190],"class_list":["post-48522","post","type-post","status-publish","format-standard","has-post-thumbnail","hentry","category-destaques","category-mundo","category-noticias2","tag-adustina","tag-antas","tag-araci","tag-cicero-dantas","tag-cipo-2","tag-crisopolis-2","tag-euclides-da-cunha","tag-fatima","tag-heliopolis-2","tag-itapicuru","tag-jeremoabo","tag-mundo","tag-nova-soure","tag-novo-triunfo","tag-olindina","tag-papa-francisco","tag-papa-joao-paulo-ii","tag-paripiranga","tag-quijingue","tag-ribeira-do-amparo","tag-ribeira-do-pombal","tag-sitio-do-quinto","tag-tucano"],"aioseo_notices":[],"_links":{"self":[{"href":"https:\/\/www.portalalerta.com.br\/index.php\/wp-json\/wp\/v2\/posts\/48522","targetHints":{"allow":["GET"]}}],"collection":[{"href":"https:\/\/www.portalalerta.com.br\/index.php\/wp-json\/wp\/v2\/posts"}],"about":[{"href":"https:\/\/www.portalalerta.com.br\/index.php\/wp-json\/wp\/v2\/types\/post"}],"author":[{"embeddable":true,"href":"https:\/\/www.portalalerta.com.br\/index.php\/wp-json\/wp\/v2\/users\/2"}],"replies":[{"embeddable":true,"href":"https:\/\/www.portalalerta.com.br\/index.php\/wp-json\/wp\/v2\/comments?post=48522"}],"version-history":[{"count":1,"href":"https:\/\/www.portalalerta.com.br\/index.php\/wp-json\/wp\/v2\/posts\/48522\/revisions"}],"predecessor-version":[{"id":48523,"href":"https:\/\/www.portalalerta.com.br\/index.php\/wp-json\/wp\/v2\/posts\/48522\/revisions\/48523"}],"wp:featuredmedia":[{"embeddable":true,"href":"https:\/\/www.portalalerta.com.br\/index.php\/wp-json\/wp\/v2\/media\/9909"}],"wp:attachment":[{"href":"https:\/\/www.portalalerta.com.br\/index.php\/wp-json\/wp\/v2\/media?parent=48522"}],"wp:term":[{"taxonomy":"category","embeddable":true,"href":"https:\/\/www.portalalerta.com.br\/index.php\/wp-json\/wp\/v2\/categories?post=48522"},{"taxonomy":"post_tag","embeddable":true,"href":"https:\/\/www.portalalerta.com.br\/index.php\/wp-json\/wp\/v2\/tags?post=48522"}],"curies":[{"name":"wp","href":"https:\/\/api.w.org\/{rel}","templated":true}]}}