{"id":48526,"date":"2023-04-18T07:03:00","date_gmt":"2023-04-18T10:03:00","guid":{"rendered":"https:\/\/www.portalalerta.com.br\/?p=48526"},"modified":"2023-04-17T21:34:14","modified_gmt":"2023-04-18T00:34:14","slug":"acusado-de-estupro-e-agressao-thiago-brennand-e-preso-nos-emirados-arabes","status":"publish","type":"post","link":"https:\/\/www.portalalerta.com.br\/index.php\/2023\/04\/18\/acusado-de-estupro-e-agressao-thiago-brennand-e-preso-nos-emirados-arabes\/","title":{"rendered":"Acusado de estupro e agress\u00e3o, Thiago Brennand \u00e9 preso nos Emirados \u00c1rabes"},"content":{"rendered":"\n<p><strong>Desde setembro, Brennand est\u00e1 em Abu Dhabi; atualmente, h\u00e1 cinco mandados de pris\u00e3o preventiva contra o empres\u00e1rio<\/strong><\/p>\n\n\n\n<!--more-->\n\n\n\n<p>O empres\u00e1rio Thiago Brennand,&nbsp;acusado dos crimes de amea\u00e7a, estupro, les\u00e3o corporal e c\u00e1rcere privado, foi preso na tarde desta segunda-feira (17) nos Emirados \u00c1rabes Unidos para ser extraditado para o Brasil. A data em que isso ocorrer\u00e1, no entanto, ainda \u00e9 incerta.<\/p>\n\n\n<div class=\"wp-block-image\">\n<figure class=\"alignleft size-full\"><img fetchpriority=\"high\" decoding=\"async\" width=\"400\" height=\"300\" src=\"https:\/\/www.portalalerta.com.br\/wp-content\/uploads\/2023\/01\/Auto-Escola-Sonho.jpg\" alt=\"\" class=\"wp-image-47083\" srcset=\"https:\/\/www.portalalerta.com.br\/wp-content\/uploads\/2023\/01\/Auto-Escola-Sonho.jpg 400w, https:\/\/www.portalalerta.com.br\/wp-content\/uploads\/2023\/01\/Auto-Escola-Sonho-320x240.jpg 320w\" sizes=\"(max-width: 400px) 100vw, 400px\" \/><\/figure><\/div>\n\n\n<p>No domingo (16), a Secretaria Nacional de Justi\u00e7a, \u00f3rg\u00e3o do governo brasileiro, confirmou que o governo dos Emirados \u00c1rabes Unidos realizar\u00e1 os procedimentos para a extradi\u00e7\u00e3o do suspeito, e a pris\u00e3o o primeiro passo. A divulga\u00e7\u00e3o se deu durante visita do presidente Luiz In\u00e1cio Lula da Silva (PT) ao pa\u00eds \u00e1rabe, onde Lula defendeu que\u00a0Brennand seja responsabilizado.<\/p>\n\n\n\n<p>Desde setembro do ano passado Brennand est\u00e1 em Abu Dhabi, a capital dos Emirados \u00c1rabes Unidos. Atualmente, h\u00e1 cinco mandados de pris\u00e3o preventiva contra o empres\u00e1rio em aberto em territ\u00f3rio brasileiro. Sua ida ao exterior motivou a expedi\u00e7\u00e3o da sua primeira ordem prisional, assinada pela ju\u00edza \u00c9rika Mascarenhas, da 6\u00aa Vara Criminal de S\u00e3o Paulo.<\/p>\n\n\n\n<p>Procurado pelo&nbsp;<strong>R7<\/strong>&nbsp;para comentar as acusa\u00e7\u00f5es, Brennand n\u00e3o se manifestou. Em v\u00eddeo na internet, ele diz ser v\u00edtima de persegui\u00e7\u00e3o e alvo de inveja.<\/p>\n\n\n\n<p><strong>Acusa\u00e7\u00f5es<\/strong><\/p>\n\n\n\n<p>O caso do empres\u00e1rio ganhou repercuss\u00e3o depois que ele foi flagrado por c\u00e2meras de seguran\u00e7a ao\u00a0agredir a modelo Alliny Helena Gomes\u00a0em uma academia no Shopping Iguatemi, em \u00e1rea nobre da capital paulista, no dia 3 de agosto. Depois, outras mulheres decidiram denunci\u00e1-lo.<\/p>\n\n\n\n<p>A\u00a0estudante de medicina Stefanie Cohen, de 30 anos, \u00e9 uma das denunciantes. Em outubro, ela revelou ao\u00a0<strong>R7\u00a0<\/strong>que foi estuprada por Brennand. Na \u00e9poca, ela disse que foi dopada e abusada: &#8220;Percebi que falar sobre isso faz parte da minha cura&#8221;.<\/p>\n\n\n\n<p>Ainda em outubro, o MP-SP (Minist\u00e9rio P\u00fablico de S\u00e3o Paulo) fez a terceira den\u00fancia contra o empres\u00e1rio pela agress\u00e3o ao gar\u00e7om Vitor Igor Rodrigues Machado, de 26 anos, em condom\u00ednio de Porto Feliz, no interior do estado.<\/p>\n\n\n\n<p>Na quarta den\u00fancia, ele foi acusado de crime de amea\u00e7a e contraven\u00e7\u00e3o penal de vias de fato (quando h\u00e1 uma agress\u00e3o f\u00edsica leve) contra Agostinho Rodrigues da Silva, de 54 anos, caseiro do condom\u00ednio onde vivia.<\/p>\n\n\n\n<p>O empres\u00e1rio tamb\u00e9m \u00e9 investigado pelo estupro de uma americana. Segundo o MP-SP, ele teria amea\u00e7ado a mulher com a divulga\u00e7\u00e3o de imagens de cenas \u00edntimas caso ela rompesse o relacionamento.<\/p>\n\n\n\n<p>Thiago Brennand j\u00e1 \u00e9 alvo de 5 den\u00fancias por agress\u00f5es, estupros e outros crimes; entenda<\/p>\n\n\n\n<p><em>Fonte: R7<\/em><\/p>\n","protected":false},"excerpt":{"rendered":"<p>Desde setembro, Brennand est\u00e1 em Abu Dhabi; atualmente, h\u00e1 cinco mandados de pris\u00e3o preventiva contra o empres\u00e1rio<\/p>\n","protected":false},"author":2,"featured_media":48527,"comment_status":"open","ping_status":"open","sticky":false,"template":"","format":"standard","meta":{"om_disable_all_campaigns":false,"_monsterinsights_skip_tracking":false,"_monsterinsights_sitenote_active":false,"_monsterinsights_sitenote_note":"","_monsterinsights_sitenote_category":0,"footnotes":""},"categories":[34,70,35,69,22],"tags":[100,71,48,93,75,4178,4180,6034,56,129,107,4181,132,230,339,106,203,120,51,109,88,47,111,5658,190],"class_list":["post-48526","post","type-post","status-publish","format-standard","has-post-thumbnail","hentry","category-brasil","category-destaques","category-mundo","category-noticias2","category-seguranca","tag-adustina","tag-antas","tag-araci","tag-brasil","tag-cicero-dantas","tag-cipo-2","tag-crisopolis-2","tag-emirados-arabes","tag-estupro","tag-euclides-da-cunha","tag-fatima","tag-heliopolis-2","tag-itapicuru","tag-jeremoabo","tag-mundo","tag-nova-soure","tag-novo-triunfo","tag-olindina","tag-paripiranga","tag-quijingue","tag-ribeira-do-amparo","tag-ribeira-do-pombal","tag-sitio-do-quinto","tag-thiago-brennand","tag-tucano"],"aioseo_notices":[],"_links":{"self":[{"href":"https:\/\/www.portalalerta.com.br\/index.php\/wp-json\/wp\/v2\/posts\/48526","targetHints":{"allow":["GET"]}}],"collection":[{"href":"https:\/\/www.portalalerta.com.br\/index.php\/wp-json\/wp\/v2\/posts"}],"about":[{"href":"https:\/\/www.portalalerta.com.br\/index.php\/wp-json\/wp\/v2\/types\/post"}],"author":[{"embeddable":true,"href":"https:\/\/www.portalalerta.com.br\/index.php\/wp-json\/wp\/v2\/users\/2"}],"replies":[{"embeddable":true,"href":"https:\/\/www.portalalerta.com.br\/index.php\/wp-json\/wp\/v2\/comments?post=48526"}],"version-history":[{"count":1,"href":"https:\/\/www.portalalerta.com.br\/index.php\/wp-json\/wp\/v2\/posts\/48526\/revisions"}],"predecessor-version":[{"id":48528,"href":"https:\/\/www.portalalerta.com.br\/index.php\/wp-json\/wp\/v2\/posts\/48526\/revisions\/48528"}],"wp:featuredmedia":[{"embeddable":true,"href":"https:\/\/www.portalalerta.com.br\/index.php\/wp-json\/wp\/v2\/media\/48527"}],"wp:attachment":[{"href":"https:\/\/www.portalalerta.com.br\/index.php\/wp-json\/wp\/v2\/media?parent=48526"}],"wp:term":[{"taxonomy":"category","embeddable":true,"href":"https:\/\/www.portalalerta.com.br\/index.php\/wp-json\/wp\/v2\/categories?post=48526"},{"taxonomy":"post_tag","embeddable":true,"href":"https:\/\/www.portalalerta.com.br\/index.php\/wp-json\/wp\/v2\/tags?post=48526"}],"curies":[{"name":"wp","href":"https:\/\/api.w.org\/{rel}","templated":true}]}}