{"id":48529,"date":"2023-04-18T11:00:00","date_gmt":"2023-04-18T14:00:00","guid":{"rendered":"https:\/\/www.portalalerta.com.br\/?p=48529"},"modified":"2023-04-17T23:27:25","modified_gmt":"2023-04-18T02:27:25","slug":"itamaraty-propoe-a-russia-grupo-de-paises-amigos-para-mediar-conflito-na-ucrania","status":"publish","type":"post","link":"https:\/\/www.portalalerta.com.br\/index.php\/2023\/04\/18\/itamaraty-propoe-a-russia-grupo-de-paises-amigos-para-mediar-conflito-na-ucrania\/","title":{"rendered":"Itamaraty prop\u00f5e \u00e0 R\u00fassia &#8216;grupo de pa\u00edses amigos&#8217; para mediar conflito na Ucr\u00e2nia"},"content":{"rendered":"\n<p><strong>Ministro das Rela\u00e7\u00f5es Exteriores relatou tamb\u00e9m que posi\u00e7\u00e3o brasileira \u00e9 a favor do cessar-fogo no pa\u00eds do Leste Europeu<\/strong><\/p>\n\n\n\n<!--more-->\n\n\n\n<p>Ap\u00f3s uma reuni\u00e3o com integrantes do governo russo,\u00a0o ministro das Rela\u00e7\u00f5es Exteriores, Mauro Vieira, informou nesta segunda-feira (17)\u00a0que a posi\u00e7\u00e3o brasileira \u00e9 a favor do cessar-fogo na Ucr\u00e2nia. Ele tamb\u00e9m disse que o Brasil prop\u00f4s a forma\u00e7\u00e3o de um grupo de pa\u00edses amigos com o objetivo de mediar a paz no local. A R\u00fassia defendeu uma nova <strong><em>\u201cordem mundial mais justa e correta\u201d<\/em><\/strong>.<\/p>\n\n\n<div class=\"wp-block-image\">\n<figure class=\"alignleft size-full is-resized\"><img fetchpriority=\"high\" decoding=\"async\" src=\"https:\/\/www.portalalerta.com.br\/wp-content\/uploads\/2022\/03\/Cred-Real.1.jpg\" alt=\"\" class=\"wp-image-41523\" width=\"430\" height=\"344\" srcset=\"https:\/\/www.portalalerta.com.br\/wp-content\/uploads\/2022\/03\/Cred-Real.1.jpg 500w, https:\/\/www.portalalerta.com.br\/wp-content\/uploads\/2022\/03\/Cred-Real.1-300x240.jpg 300w, https:\/\/www.portalalerta.com.br\/wp-content\/uploads\/2022\/03\/Cred-Real.1-183x146.jpg 183w, https:\/\/www.portalalerta.com.br\/wp-content\/uploads\/2022\/03\/Cred-Real.1-50x40.jpg 50w, https:\/\/www.portalalerta.com.br\/wp-content\/uploads\/2022\/03\/Cred-Real.1-94x75.jpg 94w\" sizes=\"(max-width: 430px) 100vw, 430px\" \/><\/figure><\/div>\n\n\n<p><strong><em>\u201cRenovei a disposi\u00e7\u00e3o brasileira em contribuir para uma solu\u00e7\u00e3o pac\u00edfica para o conflito, recordando as manifesta\u00e7\u00f5es do presidente Luiz In\u00e1cio Lula da Silva no sentido de buscar facilitar a forma\u00e7\u00e3o de um grupo de pa\u00edses amigos para mediar as negocia\u00e7\u00f5es\u201d<\/em><\/strong>, disse Vieira.<\/p>\n\n\n\n<p>A declara\u00e7\u00e3o foi feita por Vieira no Minist\u00e9rio das Rela\u00e7\u00f5es Exteriores, em Bras\u00edlia, ao lado do chanceler russo Sergey Lavrov. O titular brasileiro relatou tamb\u00e9m que o Brasil \u00e9 contra as san\u00e7\u00f5es unilaterais impostas \u00e0 R\u00fassia.<\/p>\n\n\n\n<p><strong><em>\u201cTais medidas, al\u00e9m de n\u00e3o contarem com aprova\u00e7\u00e3o do Conselho de Seguran\u00e7a da Organiza\u00e7\u00e3o das Na\u00e7\u00f5es Unidas, t\u00eam impacto negativo sobre as economias de todo o mundo, em especial de pa\u00edses em desenvolvimento, muitos dos quais ainda n\u00e3o se recuperaram plenamente da pandemia [de Covid-19].\u201d<\/em><\/strong><\/p>\n\n\n\n<p>O ministro das Rela\u00e7\u00f5es Exteriores da R\u00fassia afirmou que o pa\u00eds tem a inten\u00e7\u00e3o de terminar a guerra com uma <strong><em>\u201csolu\u00e7\u00e3o duradoura\u201d<\/em><\/strong>, mas que o presidente russo, Vladimir Putin, quer atingir uma <strong><em>\u201cordem mundial mais justa e mais correta\u201d.<\/em><\/strong><\/p>\n\n\n\n<p><strong><em>\u201cA gente falou sobre v\u00e1rias quest\u00f5es muito importantes e que as vis\u00f5es do Brasil e da R\u00fassia s\u00e3o \u00fanicas em rela\u00e7\u00e3o aos acontecimentos na R\u00fassia\u201d,<\/em><\/strong> afirmou Lavrov.<\/p>\n\n\n\n<p><strong><em>\u201cEstamos entendendo e agradecendo a contribui\u00e7\u00e3o [com vistas] \u00e0 solu\u00e7\u00e3o desse conflito. Estamos levando-a em considera\u00e7\u00e3o e precisamos resolver isso de uma forma duradoura, e n\u00e3o imediata\u201d,<\/em><\/strong> acrescentou o russo.<\/p>\n\n\n\n<p><strong>Lula e Lavrov<\/strong><\/p>\n\n\n\n<p>Lavrov vai se reunir, \u00e0s 17h desta segunda-feira (17), com o presidente Luiz In\u00e1cio Lula da Silva (PT), em meio \u00e0s declara\u00e7\u00f5es pol\u00eamicas do petista sobre a invas\u00e3o russa na Ucr\u00e2nia. A chegada do chanceler da R\u00fassia para um encontro com o governo brasileiro \u00e9 mais uma demonstra\u00e7\u00e3o do poder de articula\u00e7\u00e3o de Moscou pela figura do diplomata.<\/p>\n\n\n\n<p>No \u00faltimo domingo (16), o presidente brasileiro afirmou que os Estados Unidos contribuem para a manuten\u00e7\u00e3o do conflito. <strong><em>\u201cA paz est\u00e1 muito dif\u00edcil. O presidente [da R\u00fassia, Vladimir] Putin n\u00e3o toma iniciativa de paz, o presidente [da Ucr\u00e2nia, Volodmir] Zelenski n\u00e3o toma iniciativa de paz. A Europa e os Estados Unidos terminam dando contribui\u00e7\u00e3o para a continuidade desta guerra&#8221;,<\/em><\/strong> disse Lula.<\/p>\n\n\n\n<p>A fala causou mal-estar em Washington, de acordo com uma fonte diplom\u00e1tica americana, por mostrar sinal de aproxima\u00e7\u00e3o com a China e de distanciamento dos EUA. O chanceler russo, por sua vez, precisa defender os interesses geopol\u00edticos de Moscou. Atualmente, tem a miss\u00e3o de justificar e defender os motivos para a invas\u00e3o do territ\u00f3rio ucraniano pelas tropas russas.<\/p>\n\n\n\n<p>No cen\u00e1rio internacional, Lavrov \u00e9 mais do que um porta-voz do Kremlin. Ele tem o papel de negociador, posi\u00e7\u00e3o que pode mostrar o futuro da guerra no Leste Europeu. O chanceler esteve presente a negocia\u00e7\u00f5es importantes, como as guerras do Iraque, do Afeganist\u00e3o e da S\u00edria, al\u00e9m do acordo nuclear com o Ir\u00e3.<\/p>\n\n\n\n<p>A invas\u00e3o russa completou um ano em fevereiro.&nbsp;Analistas afirmam que n\u00e3o h\u00e1 uma perspectiva para o fim da guerra, por n\u00e3o existirem exig\u00eancias claras dos dois lados, o que dificulta um acordo de cessar-fogo ou um tratado de paz. Lula pede fim ao conflito por meio do di\u00e1logo.<\/p>\n\n\n\n<p><em>Fonte: R7<\/em><\/p>\n","protected":false},"excerpt":{"rendered":"<p>Ministro das Rela\u00e7\u00f5es Exteriores relatou tamb\u00e9m que posi\u00e7\u00e3o brasileira \u00e9 a favor do cessar-fogo no pa\u00eds do Leste Europeu<\/p>\n","protected":false},"author":2,"featured_media":48530,"comment_status":"open","ping_status":"open","sticky":false,"template":"","format":"standard","meta":{"om_disable_all_campaigns":false,"_monsterinsights_skip_tracking":false,"_monsterinsights_sitenote_active":false,"_monsterinsights_sitenote_note":"","_monsterinsights_sitenote_category":0,"footnotes":""},"categories":[34,70,35,69,21],"tags":[100,71,48,93,75,4178,4180,129,107,4181,132,230,5771,339,106,203,120,51,109,88,47,826,6036,111,190],"class_list":["post-48529","post","type-post","status-publish","format-standard","has-post-thumbnail","hentry","category-brasil","category-destaques","category-mundo","category-noticias2","category-politica","tag-adustina","tag-antas","tag-araci","tag-brasil","tag-cicero-dantas","tag-cipo-2","tag-crisopolis-2","tag-euclides-da-cunha","tag-fatima","tag-heliopolis-2","tag-itapicuru","tag-jeremoabo","tag-mauro-vieira","tag-mundo","tag-nova-soure","tag-novo-triunfo","tag-olindina","tag-paripiranga","tag-quijingue","tag-ribeira-do-amparo","tag-ribeira-do-pombal","tag-russia","tag-sergey-lavrov","tag-sitio-do-quinto","tag-tucano"],"aioseo_notices":[],"_links":{"self":[{"href":"https:\/\/www.portalalerta.com.br\/index.php\/wp-json\/wp\/v2\/posts\/48529","targetHints":{"allow":["GET"]}}],"collection":[{"href":"https:\/\/www.portalalerta.com.br\/index.php\/wp-json\/wp\/v2\/posts"}],"about":[{"href":"https:\/\/www.portalalerta.com.br\/index.php\/wp-json\/wp\/v2\/types\/post"}],"author":[{"embeddable":true,"href":"https:\/\/www.portalalerta.com.br\/index.php\/wp-json\/wp\/v2\/users\/2"}],"replies":[{"embeddable":true,"href":"https:\/\/www.portalalerta.com.br\/index.php\/wp-json\/wp\/v2\/comments?post=48529"}],"version-history":[{"count":1,"href":"https:\/\/www.portalalerta.com.br\/index.php\/wp-json\/wp\/v2\/posts\/48529\/revisions"}],"predecessor-version":[{"id":48531,"href":"https:\/\/www.portalalerta.com.br\/index.php\/wp-json\/wp\/v2\/posts\/48529\/revisions\/48531"}],"wp:featuredmedia":[{"embeddable":true,"href":"https:\/\/www.portalalerta.com.br\/index.php\/wp-json\/wp\/v2\/media\/48530"}],"wp:attachment":[{"href":"https:\/\/www.portalalerta.com.br\/index.php\/wp-json\/wp\/v2\/media?parent=48529"}],"wp:term":[{"taxonomy":"category","embeddable":true,"href":"https:\/\/www.portalalerta.com.br\/index.php\/wp-json\/wp\/v2\/categories?post=48529"},{"taxonomy":"post_tag","embeddable":true,"href":"https:\/\/www.portalalerta.com.br\/index.php\/wp-json\/wp\/v2\/tags?post=48529"}],"curies":[{"name":"wp","href":"https:\/\/api.w.org\/{rel}","templated":true}]}}