{"id":4853,"date":"2018-02-20T00:59:12","date_gmt":"2018-02-20T03:59:12","guid":{"rendered":"http:\/\/www.portalalerta.com.br\/?p=4853"},"modified":"2018-02-20T00:59:12","modified_gmt":"2018-02-20T03:59:12","slug":"professores-pais-e-alunos-participam-de-mais-uma-manifestacao-em-tucano-ba","status":"publish","type":"post","link":"https:\/\/www.portalalerta.com.br\/index.php\/2018\/02\/20\/professores-pais-e-alunos-participam-de-mais-uma-manifestacao-em-tucano-ba\/","title":{"rendered":"Professores, pais e alunos participam de mais uma manifesta\u00e7\u00e3o em Tucano-BA"},"content":{"rendered":"<p style=\"text-align: justify;\">Na manh\u00e3 de segunda-feira (19), professores, estudantes e pais de alunos da Escola Arlindo Dantas, do Distrito de Creguenhem, zona rural de Tucano, fizeram uma passeata pelas ruas da sede do munic\u00edpio em protesto contra a Secretaria de Educa\u00e7\u00e3o e a gest\u00e3o municipal.\u00a0<!--more--><\/p>\n<p style=\"text-align: justify;\"><img decoding=\"async\" class=\"size-full wp-image-2814 alignleft\" src=\"http:\/\/www.portalalerta.com.br\/wp-content\/uploads\/2017\/11\/banner9.png\" alt=\"\" width=\"270\" height=\"174\" srcset=\"https:\/\/www.portalalerta.com.br\/wp-content\/uploads\/2017\/11\/banner9.png 270w, https:\/\/www.portalalerta.com.br\/wp-content\/uploads\/2017\/11\/banner9-227x146.png 227w, https:\/\/www.portalalerta.com.br\/wp-content\/uploads\/2017\/11\/banner9-50x32.png 50w, https:\/\/www.portalalerta.com.br\/wp-content\/uploads\/2017\/11\/banner9-116x75.png 116w\" sizes=\"(max-width: 270px) 100vw, 270px\" \/>A pauta e as reivindica\u00e7\u00f5es est\u00e3o diretamente associadas \u00e0s recentes manifesta\u00e7\u00f5es dos profissionais da educa\u00e7\u00e3o municipal, que acusam a prefeitura de atrasar o\u00a0pagamento dos sal\u00e1rios, n\u00e3o repassar todos os direitos e gratifica\u00e7\u00f5es conquistados pelos\u00a0\u00a0professores. O Prefeito Dr. Sergio acusa\u00a0contens\u00e3o de gastos como justificativa para as tomadas de decis\u00e3o e a\u00e7\u00e3o da gest\u00e3o p\u00fablica.<\/p>\n<p style=\"text-align: justify;\">\n<p style=\"text-align: justify;\"><em>Fonte: A Voz do\u00a0Campo.<\/em><\/p>\n","protected":false},"excerpt":{"rendered":"<p>Na manh\u00e3 de segunda-feira (19), professores, estudantes e pais de alunos da Escola Arlindo Dantas, do Distrito de Creguenhem, zona rural de Tucano, fizeram uma passeata pelas ruas da sede do munic\u00edpio em protesto contra a Secretaria de Educa\u00e7\u00e3o e a gest\u00e3o municipal.\u00a0<\/p>\n","protected":false},"author":2,"featured_media":4854,"comment_status":"closed","ping_status":"open","sticky":false,"template":"","format":"standard","meta":{"om_disable_all_campaigns":false,"_monsterinsights_skip_tracking":false,"_monsterinsights_sitenote_active":false,"_monsterinsights_sitenote_note":"","_monsterinsights_sitenote_category":0,"footnotes":""},"categories":[70,20,69,21,32,12],"tags":[140,475,229,145,190],"class_list":["post-4853","post","type-post","status-publish","format-standard","has-post-thumbnail","hentry","category-destaques","category-educacao","category-noticias2","category-politica","category-regiao","category-tucano","tag-educacao","tag-manifestacao","tag-povoado","tag-prefeitura","tag-tucano"],"aioseo_notices":[],"_links":{"self":[{"href":"https:\/\/www.portalalerta.com.br\/index.php\/wp-json\/wp\/v2\/posts\/4853","targetHints":{"allow":["GET"]}}],"collection":[{"href":"https:\/\/www.portalalerta.com.br\/index.php\/wp-json\/wp\/v2\/posts"}],"about":[{"href":"https:\/\/www.portalalerta.com.br\/index.php\/wp-json\/wp\/v2\/types\/post"}],"author":[{"embeddable":true,"href":"https:\/\/www.portalalerta.com.br\/index.php\/wp-json\/wp\/v2\/users\/2"}],"replies":[{"embeddable":true,"href":"https:\/\/www.portalalerta.com.br\/index.php\/wp-json\/wp\/v2\/comments?post=4853"}],"version-history":[{"count":0,"href":"https:\/\/www.portalalerta.com.br\/index.php\/wp-json\/wp\/v2\/posts\/4853\/revisions"}],"wp:featuredmedia":[{"embeddable":true,"href":"https:\/\/www.portalalerta.com.br\/index.php\/wp-json\/wp\/v2\/media\/4854"}],"wp:attachment":[{"href":"https:\/\/www.portalalerta.com.br\/index.php\/wp-json\/wp\/v2\/media?parent=4853"}],"wp:term":[{"taxonomy":"category","embeddable":true,"href":"https:\/\/www.portalalerta.com.br\/index.php\/wp-json\/wp\/v2\/categories?post=4853"},{"taxonomy":"post_tag","embeddable":true,"href":"https:\/\/www.portalalerta.com.br\/index.php\/wp-json\/wp\/v2\/tags?post=4853"}],"curies":[{"name":"wp","href":"https:\/\/api.w.org\/{rel}","templated":true}]}}