{"id":48538,"date":"2023-04-18T21:33:53","date_gmt":"2023-04-19T00:33:53","guid":{"rendered":"https:\/\/www.portalalerta.com.br\/?p=48538"},"modified":"2023-04-18T21:33:54","modified_gmt":"2023-04-19T00:33:54","slug":"bolsonaro-quer-ser-candidato-ao-senado-em-2026","status":"publish","type":"post","link":"https:\/\/www.portalalerta.com.br\/index.php\/2023\/04\/18\/bolsonaro-quer-ser-candidato-ao-senado-em-2026\/","title":{"rendered":"Bolsonaro quer ser candidato ao Senado em 2026"},"content":{"rendered":"\n<p>Com isso, ele v\u00ea a possibilidade de liderar um bloco numeroso na Casa, formado por parlamentares identificados com ele<\/p>\n\n\n\n<!--more-->\n\n\n\n<p>O ex-presidente Jair Bolsonaro (PL) disse a aliados com que se reuniu nos \u00faltimos dias que seu plano pol\u00edtico \u00e9 o de se lan\u00e7ar candidato a senador em 2026.&nbsp;<\/p>\n\n\n<div class=\"wp-block-image\">\n<figure class=\"alignleft size-full is-resized\"><img fetchpriority=\"high\" decoding=\"async\" src=\"https:\/\/www.portalalerta.com.br\/wp-content\/uploads\/2022\/03\/Cred-Real.1.jpg\" alt=\"\" class=\"wp-image-41523\" width=\"395\" height=\"316\" srcset=\"https:\/\/www.portalalerta.com.br\/wp-content\/uploads\/2022\/03\/Cred-Real.1.jpg 500w, https:\/\/www.portalalerta.com.br\/wp-content\/uploads\/2022\/03\/Cred-Real.1-300x240.jpg 300w, https:\/\/www.portalalerta.com.br\/wp-content\/uploads\/2022\/03\/Cred-Real.1-183x146.jpg 183w, https:\/\/www.portalalerta.com.br\/wp-content\/uploads\/2022\/03\/Cred-Real.1-50x40.jpg 50w, https:\/\/www.portalalerta.com.br\/wp-content\/uploads\/2022\/03\/Cred-Real.1-94x75.jpg 94w\" sizes=\"(max-width: 395px) 100vw, 395px\" \/><\/figure><\/div>\n\n\n<p>Com isso, Bolsonaro v\u00ea a possibilidade de liderar um bloco numeroso na Casa, formado por parlamentares identificados com ele. As informa\u00e7\u00f5es s\u00e3o da coluna Painel, do&nbsp;jornal Folha de S. Paulo.<\/p>\n\n\n\n<p>Mato Grosso, Rond\u00f4nia e Distrito Federal, onde o bolsonarismo \u00e9 forte, s\u00e3o consideradas op\u00e7\u00f5es preferenciais para o lan\u00e7amento de sua candidatura a senador, que, segundo Bolsonaro, poderia fechar seu ciclo parlamentar, j\u00e1 que ele teve mandatos como vereador e deputado federal.<\/p>\n\n\n\n<p><em>Fonte: Metro1<\/em><\/p>\n","protected":false},"excerpt":{"rendered":"<p>Com isso, ele v\u00ea a possibilidade de liderar um bloco numeroso na Casa, formado por parlamentares identificados com ele<\/p>\n","protected":false},"author":2,"featured_media":7474,"comment_status":"open","ping_status":"open","sticky":false,"template":"","format":"standard","meta":{"om_disable_all_campaigns":false,"_monsterinsights_skip_tracking":false,"_monsterinsights_sitenote_active":false,"_monsterinsights_sitenote_note":"","_monsterinsights_sitenote_category":0,"footnotes":""},"categories":[34,70,69,21],"tags":[6037,100,71,48,93,75,4178,4180,381,6038,129,107,4181,132,1395,230,106,203,120,51,5843,109,88,47,111],"class_list":["post-48538","post","type-post","status-publish","format-standard","has-post-thumbnail","hentry","category-brasil","category-destaques","category-noticias2","category-politica","tag-6037","tag-adustina","tag-antas","tag-araci","tag-brasil","tag-cicero-dantas","tag-cipo-2","tag-crisopolis-2","tag-eleicoes","tag-eleicoes-2026","tag-euclides-da-cunha","tag-fatima","tag-heliopolis-2","tag-itapicuru","tag-jair-bolsonaro","tag-jeremoabo","tag-nova-soure","tag-novo-triunfo","tag-olindina","tag-paripiranga","tag-politica-2","tag-quijingue","tag-ribeira-do-amparo","tag-ribeira-do-pombal","tag-sitio-do-quinto"],"aioseo_notices":[],"_links":{"self":[{"href":"https:\/\/www.portalalerta.com.br\/index.php\/wp-json\/wp\/v2\/posts\/48538","targetHints":{"allow":["GET"]}}],"collection":[{"href":"https:\/\/www.portalalerta.com.br\/index.php\/wp-json\/wp\/v2\/posts"}],"about":[{"href":"https:\/\/www.portalalerta.com.br\/index.php\/wp-json\/wp\/v2\/types\/post"}],"author":[{"embeddable":true,"href":"https:\/\/www.portalalerta.com.br\/index.php\/wp-json\/wp\/v2\/users\/2"}],"replies":[{"embeddable":true,"href":"https:\/\/www.portalalerta.com.br\/index.php\/wp-json\/wp\/v2\/comments?post=48538"}],"version-history":[{"count":1,"href":"https:\/\/www.portalalerta.com.br\/index.php\/wp-json\/wp\/v2\/posts\/48538\/revisions"}],"predecessor-version":[{"id":48539,"href":"https:\/\/www.portalalerta.com.br\/index.php\/wp-json\/wp\/v2\/posts\/48538\/revisions\/48539"}],"wp:featuredmedia":[{"embeddable":true,"href":"https:\/\/www.portalalerta.com.br\/index.php\/wp-json\/wp\/v2\/media\/7474"}],"wp:attachment":[{"href":"https:\/\/www.portalalerta.com.br\/index.php\/wp-json\/wp\/v2\/media?parent=48538"}],"wp:term":[{"taxonomy":"category","embeddable":true,"href":"https:\/\/www.portalalerta.com.br\/index.php\/wp-json\/wp\/v2\/categories?post=48538"},{"taxonomy":"post_tag","embeddable":true,"href":"https:\/\/www.portalalerta.com.br\/index.php\/wp-json\/wp\/v2\/tags?post=48538"}],"curies":[{"name":"wp","href":"https:\/\/api.w.org\/{rel}","templated":true}]}}