{"id":48540,"date":"2023-04-18T21:39:31","date_gmt":"2023-04-19T00:39:31","guid":{"rendered":"https:\/\/www.portalalerta.com.br\/?p=48540"},"modified":"2023-04-18T21:39:32","modified_gmt":"2023-04-19T00:39:32","slug":"edital-do-mais-medicos-abre-62-mil-vagas-em-mais-de-2-mil-municipios","status":"publish","type":"post","link":"https:\/\/www.portalalerta.com.br\/index.php\/2023\/04\/18\/edital-do-mais-medicos-abre-62-mil-vagas-em-mais-de-2-mil-municipios\/","title":{"rendered":"Edital do Mais M\u00e9dicos abre 6,2 mil vagas em mais de 2 mil munic\u00edpios"},"content":{"rendered":"\n<p><em>Prefeituras listadas devem aderir ou renovar inscri\u00e7\u00e3o<\/em><\/p>\n\n\n\n<!--more-->\n\n\n\n<p>O Programa Mais M\u00e9dicos abriu 6.252 vagas para repor profissionais de sa\u00fade&nbsp;em localidades que deixaram de ser atendidas pelo programa do governo federal&nbsp;nos \u00faltimos seis anos. O&nbsp;<a href=\"https:\/\/www.in.gov.br\/en\/web\/dou\/-\/edital-n-4-de-14-de-abril-de-2023-477923363\" target=\"_blank\" rel=\"noreferrer noopener\"><strong>edital<\/strong><\/a>, que tamb\u00e9m&nbsp;expande&nbsp;vagas em \u00e1reas que enfrentam dificuldades para manter m\u00e9dicos, foi publicado nesta ter\u00e7a-feira (18), pelo Minist\u00e9rio da Sa\u00fade. \u00c9 o primeiro chamamento p\u00fablico ap\u00f3s o an\u00fancio da&nbsp;<a href=\"https:\/\/agenciabrasil.ebc.com.br\/politica\/noticia\/2023-03\/mais-medicos-dara-incentivo-de-ate-r-120-mil-para-areas-vulneraveis\" target=\"_blank\" rel=\"noreferrer noopener\"><strong>retomada do programa<\/strong><\/a>, em 20 de mar\u00e7o.&nbsp;<\/p>\n\n\n\n<p>Pela lista divulgada no&nbsp;<a href=\"http:\/\/maismedicos.gov.br\/\" target=\"_blank\" rel=\"noreferrer noopener\"><strong>site do programa<\/strong><\/a>, os postos de trabalho est\u00e3o distribu\u00eddos em 2.074 munic\u00edpios, sendo que mil vagas s\u00e3o in\u00e9ditas em localidades da Amaz\u00f4nia Legal. &nbsp;<\/p>\n\n\n\n<p>Criado em 2013, o&nbsp;<a href=\"https:\/\/agenciabrasil.ebc.com.br\/tags\/mais-medicos\" target=\"_blank\" rel=\"noreferrer noopener\"><strong>Mais M\u00e9dicos<\/strong><\/a>&nbsp;tem o objetivo de garantir o acesso dos brasileiros \u00e0 sa\u00fade nas Unidades B\u00e1sica de Sa\u00fade, a chamada Aten\u00e7\u00e3o Prim\u00e1ria, que \u00e9 considerada a porta de entrada do Sistema \u00danico de Sa\u00fade (SUS).&nbsp;<\/p>\n\n\n\n<p>A ministra da Sa\u00fade, N\u00edsia Trindade, destacou o trabalho nas unidades b\u00e1sicas do SUS. <strong><em>\u201c\u00c9 no cotidiano dos servi\u00e7os de sa\u00fade que s\u00e3o vividos os problemas e constru\u00eddas solu\u00e7\u00f5es, atrav\u00e9s de um processo de aprendizado permanente\u201d.<\/em><\/strong>&nbsp;<\/p>\n\n\n\n<p><strong>Ades\u00e3o dos munic\u00edpios<\/strong><\/p>\n\n\n\n<p>Neste primeiro momento, os gestores de sa\u00fade municipais dos locais indicados no edital devem indicar quantas vagas pretendem preencher. &nbsp;<\/p>\n\n\n\n<p>O Minist\u00e9rio da Sa\u00fade pede prioridade no direcionamento dos profissionais a equipes de aten\u00e7\u00e3o b\u00e1sica que n\u00e3o t\u00eam m\u00e9dicos, ou que atendam popula\u00e7\u00f5es que dependam exclusivamente do SUS e&nbsp;ainda a popula\u00e7\u00f5es de ribeirinhos, quilombolas, assentados e ind\u00edgenas.&nbsp;<\/p>\n\n\n\n<p>Para ades\u00e3o ao programa ou renova\u00e7\u00e3o, o gestor local dos munic\u00edpios listados deve preencher o Termo de Ades\u00e3o e Compromisso. Para isso, dever\u00e1 acessar eletronicamente o Sistema de Informa\u00e7\u00e3o e Gest\u00e3o da Aten\u00e7\u00e3o B\u00e1sica (<a href=\"https:\/\/egestorab.saude.gov.br\/\" target=\"_blank\" rel=\"noreferrer noopener\"><strong>e-Gestor AB<\/strong><\/a>).&nbsp;Os munic\u00edpios que participaram anteriormente do Mais M\u00e9dicos precisam manter o cadastro atualizado.&nbsp;<\/p>\n\n\n\n<p>Como obriga\u00e7\u00f5es, as prefeituras devem garantir moradia ao profissional do projeto, alimenta\u00e7\u00e3o e \u00e1gua pot\u00e1vel, al\u00e9m de transporte adequado e seguro para o m\u00e9dico se deslocar ao local de trabalho que tiver dif\u00edcil acesso.&nbsp;<\/p>\n\n\n\n<p><strong>Distribui\u00e7\u00e3o de vagas&nbsp;<\/strong><\/p>\n\n\n\n<p>Para distribui\u00e7\u00e3o de vagas, o Minist\u00e9rio da Sa\u00fade considerou crit\u00e9rios como a situa\u00e7\u00e3o de vulnerabilidade social dos munic\u00edpios, maior depend\u00eancia do SUS para o acesso \u00e0 sa\u00fade e a dificuldade para admitir novos profissionais.&nbsp;<\/p>\n\n\n\n<p>Com isso, a distribui\u00e7\u00e3o resultou em 47% das vagas para regi\u00f5es de alta vulnerabilidade social, 27,5% a munic\u00edpios de m\u00e9dia vulnerabilidade; 10,6% est\u00e3o indicadas a cidades com mais de 100 mil habitantes e baixo rendimento per capita, e o restante, 14,3%, ser\u00e3o vagas de reposi\u00e7\u00e3o para os demais munic\u00edpios.&nbsp;<\/p>\n\n\n\n<p><strong>Pr\u00f3ximas etapas&nbsp;<\/strong><\/p>\n\n\n\n<p>At\u00e9 o fim de 2023, o Minist\u00e9rio da Sa\u00fade prev\u00ea a abertura de 15 mil vagas do Mais M\u00e9dicos, chegando, assim, a mais de 28 mil m\u00e9dicos atuando no pa\u00eds para prestar servi\u00e7os a mais de 96 milh\u00f5es de brasileiros. Para tal, o investimento do governo federal, neste ano, ser\u00e1 de R$ 712 milh\u00f5es.&nbsp;<\/p>\n\n\n\n<p>At\u00e9 o fim deste semestre, outro edital ser\u00e1 publicado com 10 mil vagas oferecidas, com a previs\u00e3o de contrapartida dos gestores municipais, o que garantir\u00e1 \u00e0s prefeituras menor custo, mais agilidade na reposi\u00e7\u00e3o de profissionais e perman\u00eancia deles nas localidades.&nbsp;<\/p>\n\n\n\n<p>Na pr\u00f3ximo edital de chamamento do programa, o Minist\u00e9rio da Sa\u00fade aponta que ser\u00e1 a vez dos m\u00e9dicos se inscreverem para a sele\u00e7\u00e3o, com prioridade aos profissionais formados no Brasil.&nbsp;<\/p>\n\n\n\n<p><strong>M\u00e9dicos candidatos &nbsp;<\/strong><\/p>\n\n\n\n<p>Os m\u00e9dicos brasileiros formados no pa\u00eds t\u00eam prefer\u00eancia na sele\u00e7\u00e3o feita pelo Minist\u00e9rio da Sa\u00fade para o programa. Tamb\u00e9m poder\u00e3o participar m\u00e9dicos intercambistas (brasileiros ou estrangeiros formados no exterior), que continuar\u00e3o atuando com Registro do Minist\u00e9rio da Sa\u00fade.&nbsp;<\/p>\n\n\n\n<p><strong>Perman\u00eancia<\/strong><\/p>\n\n\n\n<p>O governo federal melhorou as condi\u00e7\u00f5es do programa para atrair e fixar os&nbsp;<a href=\"https:\/\/agenciabrasil.ebc.com.br\/politica\/noticia\/2023-03\/mais-medicos-dara-incentivo-de-ate-r-120-mil-para-areas-vulneraveis\" target=\"_blank\" rel=\"noreferrer noopener\"><strong>profissionais nas localidades.<\/strong><\/a>&nbsp;&nbsp;<\/p>\n\n\n\n<p>Entre elas, o Minist\u00e9rio da Sa\u00fade e o da Educa\u00e7\u00e3o firmaram parceria para incentivar os m\u00e9dicos formados pelo Financiamento ao Estudante do Ensino Superior (FIES) a trabalharem no programa. Com a ades\u00e3o, estes ter\u00e3o ajuda para quitar o financiamento estudantil.&nbsp;<\/p>\n\n\n\n<p>Agora, tamb\u00e9m, os profissionais ter\u00e3o oportunidade de cursar uma especializa\u00e7\u00e3o e mestrado e&nbsp;ter\u00e3o benef\u00edcios proporcionais ao valor mensal da bolsa&nbsp;para atuarem nas periferias e regi\u00f5es mais remotas. &nbsp;<\/p>\n\n\n\n<p>As m\u00e9dicas que se tornarem m\u00e3es ter\u00e3o direito \u00e0 compensa\u00e7\u00e3o do valor pago pelo Instituto Nacional do Seguro Social (INSS) para alcan\u00e7ar o valor da bolsa, durante os seis meses de licen\u00e7a maternidade. E os m\u00e9dicos que se tornarem pais tamb\u00e9m ter\u00e3o direito \u00e0 licen\u00e7a. &nbsp;<\/p>\n\n\n\n<p><em>Fonte: Ag\u00eancia Brasil<\/em><\/p>\n","protected":false},"excerpt":{"rendered":"<p>Prefeituras listadas devem aderir ou renovar inscri\u00e7\u00e3o<\/p>\n","protected":false},"author":2,"featured_media":24305,"comment_status":"open","ping_status":"open","sticky":false,"template":"","format":"standard","meta":{"om_disable_all_campaigns":false,"_monsterinsights_skip_tracking":false,"_monsterinsights_sitenote_active":false,"_monsterinsights_sitenote_note":"","_monsterinsights_sitenote_category":0,"footnotes":""},"categories":[34,70,69,21,19],"tags":[100,71,48,93,75,4178,4180,465,129,107,249,4181,132,230,1775,106,203,120,51,1453,109,88,47,111,190],"class_list":["post-48540","post","type-post","status-publish","format-standard","has-post-thumbnail","hentry","category-brasil","category-destaques","category-noticias2","category-politica","category-saude","tag-adustina","tag-antas","tag-araci","tag-brasil","tag-cicero-dantas","tag-cipo-2","tag-crisopolis-2","tag-edital","tag-euclides-da-cunha","tag-fatima","tag-governo-federal","tag-heliopolis-2","tag-itapicuru","tag-jeremoabo","tag-mais-medicos","tag-nova-soure","tag-novo-triunfo","tag-olindina","tag-paripiranga","tag-prefeituras","tag-quijingue","tag-ribeira-do-amparo","tag-ribeira-do-pombal","tag-sitio-do-quinto","tag-tucano"],"aioseo_notices":[],"_links":{"self":[{"href":"https:\/\/www.portalalerta.com.br\/index.php\/wp-json\/wp\/v2\/posts\/48540","targetHints":{"allow":["GET"]}}],"collection":[{"href":"https:\/\/www.portalalerta.com.br\/index.php\/wp-json\/wp\/v2\/posts"}],"about":[{"href":"https:\/\/www.portalalerta.com.br\/index.php\/wp-json\/wp\/v2\/types\/post"}],"author":[{"embeddable":true,"href":"https:\/\/www.portalalerta.com.br\/index.php\/wp-json\/wp\/v2\/users\/2"}],"replies":[{"embeddable":true,"href":"https:\/\/www.portalalerta.com.br\/index.php\/wp-json\/wp\/v2\/comments?post=48540"}],"version-history":[{"count":1,"href":"https:\/\/www.portalalerta.com.br\/index.php\/wp-json\/wp\/v2\/posts\/48540\/revisions"}],"predecessor-version":[{"id":48541,"href":"https:\/\/www.portalalerta.com.br\/index.php\/wp-json\/wp\/v2\/posts\/48540\/revisions\/48541"}],"wp:featuredmedia":[{"embeddable":true,"href":"https:\/\/www.portalalerta.com.br\/index.php\/wp-json\/wp\/v2\/media\/24305"}],"wp:attachment":[{"href":"https:\/\/www.portalalerta.com.br\/index.php\/wp-json\/wp\/v2\/media?parent=48540"}],"wp:term":[{"taxonomy":"category","embeddable":true,"href":"https:\/\/www.portalalerta.com.br\/index.php\/wp-json\/wp\/v2\/categories?post=48540"},{"taxonomy":"post_tag","embeddable":true,"href":"https:\/\/www.portalalerta.com.br\/index.php\/wp-json\/wp\/v2\/tags?post=48540"}],"curies":[{"name":"wp","href":"https:\/\/api.w.org\/{rel}","templated":true}]}}