{"id":48547,"date":"2023-04-19T15:39:40","date_gmt":"2023-04-19T18:39:40","guid":{"rendered":"https:\/\/www.portalalerta.com.br\/?p=48547"},"modified":"2023-04-19T15:39:42","modified_gmt":"2023-04-19T18:39:42","slug":"lula-entrega-ao-congresso-projeto-com-novas-regras-fiscais-para-o-pais","status":"publish","type":"post","link":"https:\/\/www.portalalerta.com.br\/index.php\/2023\/04\/19\/lula-entrega-ao-congresso-projeto-com-novas-regras-fiscais-para-o-pais\/","title":{"rendered":"Lula entrega ao Congresso projeto com novas regras fiscais para o pa\u00eds"},"content":{"rendered":"\n<p><strong>Proposta ser\u00e1 analisada em regime de urg\u00eancia; segundo o texto, despesas p\u00fablicas v\u00e3o crescer sempre acima da infla\u00e7\u00e3o<\/strong><\/p>\n\n\n\n<!--more-->\n\n\n\n<p>O presidente da Rep\u00fablica, Luiz In\u00e1cio Lula da Silva (PT), entregou ao\u00a0Congresso\u00a0nesta ter\u00e7a-feira (18) o projeto de lei do chamado\u00a0arcabou\u00e7o fiscal, que vai alterar as regras para o controle dos gastos do governo federal e estabelecer par\u00e2metros para estabilizar a d\u00edvida p\u00fablica do pa\u00eds.\u00a0<a rel=\"noreferrer noopener\" href=\"https:\/\/www.r7.com\/r7\/media\/pdf\/regrasfiscaisprojeto.pdf\" target=\"_blank\"><strong>Veja aqui<\/strong><\/a>\u00a0a \u00edntegra da proposta.<\/p>\n\n\n<div class=\"wp-block-image\">\n<figure class=\"alignleft size-full is-resized\"><img fetchpriority=\"high\" decoding=\"async\" src=\"https:\/\/www.portalalerta.com.br\/wp-content\/uploads\/2022\/03\/Cred-Real.1.jpg\" alt=\"\" class=\"wp-image-41523\" width=\"416\" height=\"333\" srcset=\"https:\/\/www.portalalerta.com.br\/wp-content\/uploads\/2022\/03\/Cred-Real.1.jpg 500w, https:\/\/www.portalalerta.com.br\/wp-content\/uploads\/2022\/03\/Cred-Real.1-300x240.jpg 300w, https:\/\/www.portalalerta.com.br\/wp-content\/uploads\/2022\/03\/Cred-Real.1-183x146.jpg 183w, https:\/\/www.portalalerta.com.br\/wp-content\/uploads\/2022\/03\/Cred-Real.1-50x40.jpg 50w, https:\/\/www.portalalerta.com.br\/wp-content\/uploads\/2022\/03\/Cred-Real.1-94x75.jpg 94w\" sizes=\"(max-width: 416px) 100vw, 416px\" \/><\/figure><\/div>\n\n\n<p>O projeto foi apresentado por Lula ao presidente da C\u00e2mara, Arthur Lira (PP-AL), e ao primeiro-vice-presidente do Senado, Veneziano Vital do R\u00eago (MDB-PB), em uma reuni\u00e3o reservada no Pal\u00e1cio do Planalto. A promessa dos parlamentares \u00e9 dar regime de urg\u00eancia \u00e0 proposta e, assim, acelerar a tramita\u00e7\u00e3o do texto.<\/p>\n\n\n\n<p>A proposta do arcabou\u00e7o foi formalizada em um projeto de lei complementar, que exige um qu\u00f3rum diferenciado para aprova\u00e7\u00e3o na C\u00e2mara e no Senado e o aval da maioria absoluta de ambas as casas (257 deputados e 41 senadores). A vota\u00e7\u00e3o no Senado \u00e9 feita em turno \u00fanico, mas na C\u00e2mara realiza-se em dois turnos.<\/p>\n\n\n\n<p>Segundo o projeto, o or\u00e7amento para as despesas p\u00fablicas ser\u00e1 definido de acordo com o crescimento das chamadas receitas prim\u00e1rias, que s\u00e3o obtidas com a arrecada\u00e7\u00e3o de impostos, taxas, contribui\u00e7\u00f5es e alugu\u00e9is. A proposta prev\u00ea que o governo amplie os gastos p\u00fablicos em at\u00e9 70% do que for registrado de crescimento da receita nos 12 meses anteriores.<\/p>\n\n\n\n<p>Apesar disso, o arcabou\u00e7o tem um segundo limite para a evolu\u00e7\u00e3o das despesas, que foi definido para impedir uma &#8220;gastan\u00e7a&#8221; desnecess\u00e1ria diante de cen\u00e1rios positivos na economia. De acordo com a proposta, a ideia \u00e9 que o governo gaste apenas o que for suficiente para superar a infla\u00e7\u00e3o.<\/p>\n\n\n\n<p>O projeto do arcabou\u00e7o define que o crescimento real dos gatos tenha um piso de 0,6% e um teto-limite de 2,5% ao ano. Na pr\u00e1tica, essa regra deve possibilitar que a economia seja estimulada em momentos negativos e, ainda, que o governo n\u00e3o perca o controle das contas p\u00fablicas diante de cen\u00e1rios mais favor\u00e1veis.<\/p>\n\n\n\n<p>A proposta, contudo, deixou 13 despesas de fora dessa regra, entre elas gastos com sa\u00fade, educa\u00e7\u00e3o e meio ambiente. N\u00e3o ficar\u00e3o limitadas a esse par\u00e2metro, por exemplo, transfer\u00eancias para o pagamento do piso salarial da enfermagem, despesas com projetos socioambientais ou relativos \u00e0s mudan\u00e7as clim\u00e1ticas e o repasse de recursos ao Fundo de Manuten\u00e7\u00e3o e Desenvolvimento da Educa\u00e7\u00e3o B\u00e1sica e de Valoriza\u00e7\u00e3o dos Profissionais da Educa\u00e7\u00e3o (Fundeb).<\/p>\n\n\n\n<p><strong>Tamb\u00e9m ficar\u00e3o de fora, segundo a proposta:<br><\/strong>\u2022 transfer\u00eancias constitucionais;<br>\u2022 cr\u00e9ditos extraordin\u00e1rios;<br>\u2022 despesas das universidades p\u00fablicas federais;<br>\u2022 despesas n\u00e3o recorrentes da Justi\u00e7a Eleitoral com a realiza\u00e7\u00e3o de elei\u00e7\u00f5es;<br>\u2022 precat\u00f3rios relativos ao Fundeb;<br>\u2022 despesas com aumento de capital de empresas estatais n\u00e3o financeiras e n\u00e3o dependentes;<br>\u2022 despesas custeadas com recursos oriundos de transfer\u00eancias de estados e munic\u00edpios para a Uni\u00e3o destinados a obras e servi\u00e7os de engenharia; e<br>\u2022 despesas relativas \u00e0 cobran\u00e7a pela gest\u00e3o de recursos h\u00eddricos da Ag\u00eancia Nacional de \u00c1guas e Saneamento B\u00e1sico (ANA).<\/p>\n\n\n\n<p><em>Fonte: R7<\/em><\/p>\n","protected":false},"excerpt":{"rendered":"<p>Proposta ser\u00e1 analisada em regime de urg\u00eancia; segundo o texto, despesas p\u00fablicas v\u00e3o crescer sempre acima da infla\u00e7\u00e3o<\/p>\n","protected":false},"author":2,"featured_media":48548,"comment_status":"open","ping_status":"open","sticky":false,"template":"","format":"standard","meta":{"om_disable_all_campaigns":false,"_monsterinsights_skip_tracking":false,"_monsterinsights_sitenote_active":false,"_monsterinsights_sitenote_note":"","_monsterinsights_sitenote_category":0,"footnotes":""},"categories":[34,70,69,21],"tags":[100,71,48,6041,75,4178,234,4180,129,107,4181,132,230,303,106,203,120,51,109,88,47,111],"class_list":["post-48547","post","type-post","status-publish","format-standard","has-post-thumbnail","hentry","category-brasil","category-destaques","category-noticias2","category-politica","tag-adustina","tag-antas","tag-araci","tag-arcabouco-fiscal","tag-cicero-dantas","tag-cipo-2","tag-congresso-nacional","tag-crisopolis-2","tag-euclides-da-cunha","tag-fatima","tag-heliopolis-2","tag-itapicuru","tag-jeremoabo","tag-lula","tag-nova-soure","tag-novo-triunfo","tag-olindina","tag-paripiranga","tag-quijingue","tag-ribeira-do-amparo","tag-ribeira-do-pombal","tag-sitio-do-quinto"],"aioseo_notices":[],"_links":{"self":[{"href":"https:\/\/www.portalalerta.com.br\/index.php\/wp-json\/wp\/v2\/posts\/48547","targetHints":{"allow":["GET"]}}],"collection":[{"href":"https:\/\/www.portalalerta.com.br\/index.php\/wp-json\/wp\/v2\/posts"}],"about":[{"href":"https:\/\/www.portalalerta.com.br\/index.php\/wp-json\/wp\/v2\/types\/post"}],"author":[{"embeddable":true,"href":"https:\/\/www.portalalerta.com.br\/index.php\/wp-json\/wp\/v2\/users\/2"}],"replies":[{"embeddable":true,"href":"https:\/\/www.portalalerta.com.br\/index.php\/wp-json\/wp\/v2\/comments?post=48547"}],"version-history":[{"count":1,"href":"https:\/\/www.portalalerta.com.br\/index.php\/wp-json\/wp\/v2\/posts\/48547\/revisions"}],"predecessor-version":[{"id":48549,"href":"https:\/\/www.portalalerta.com.br\/index.php\/wp-json\/wp\/v2\/posts\/48547\/revisions\/48549"}],"wp:featuredmedia":[{"embeddable":true,"href":"https:\/\/www.portalalerta.com.br\/index.php\/wp-json\/wp\/v2\/media\/48548"}],"wp:attachment":[{"href":"https:\/\/www.portalalerta.com.br\/index.php\/wp-json\/wp\/v2\/media?parent=48547"}],"wp:term":[{"taxonomy":"category","embeddable":true,"href":"https:\/\/www.portalalerta.com.br\/index.php\/wp-json\/wp\/v2\/categories?post=48547"},{"taxonomy":"post_tag","embeddable":true,"href":"https:\/\/www.portalalerta.com.br\/index.php\/wp-json\/wp\/v2\/tags?post=48547"}],"curies":[{"name":"wp","href":"https:\/\/api.w.org\/{rel}","templated":true}]}}