{"id":48550,"date":"2023-04-19T16:12:03","date_gmt":"2023-04-19T19:12:03","guid":{"rendered":"https:\/\/www.portalalerta.com.br\/?p=48550"},"modified":"2023-04-19T16:12:04","modified_gmt":"2023-04-19T19:12:04","slug":"prefeito-vereadores-e-forcas-de-seguranca-se-reunem-para-discutir-poluicao-sonora-e-perturbacao-do-sossego-em-fatima-ba","status":"publish","type":"post","link":"https:\/\/www.portalalerta.com.br\/index.php\/2023\/04\/19\/prefeito-vereadores-e-forcas-de-seguranca-se-reunem-para-discutir-poluicao-sonora-e-perturbacao-do-sossego-em-fatima-ba\/","title":{"rendered":"Prefeito, vereadores e for\u00e7as de seguran\u00e7a se re\u00fanem para discutir polui\u00e7\u00e3o sonora e perturba\u00e7\u00e3o do sossego, em F\u00e1tima-BA"},"content":{"rendered":"\n<p>Foi realizada na noite desta segunda-feira (17), a Sess\u00e3o Ordin\u00e1ria na C\u00e2mara de Vereadores de F\u00e1tima-BA,&nbsp;uma reuni\u00e3o que tratou sobre sugest\u00f5es para coibir polui\u00e7\u00e3o sonora provocada por som automotivo e escapamento de motocicleta fora dos padr\u00f5es&nbsp;permitidos.<\/p>\n\n\n\n<!--more-->\n\n\n<div class=\"wp-block-image\">\n<figure class=\"alignleft size-full is-resized\"><img fetchpriority=\"high\" decoding=\"async\" src=\"https:\/\/www.portalalerta.com.br\/wp-content\/uploads\/2022\/03\/Cred-Real.1.jpg\" alt=\"\" class=\"wp-image-41523\" width=\"446\" height=\"357\" srcset=\"https:\/\/www.portalalerta.com.br\/wp-content\/uploads\/2022\/03\/Cred-Real.1.jpg 500w, https:\/\/www.portalalerta.com.br\/wp-content\/uploads\/2022\/03\/Cred-Real.1-300x240.jpg 300w, https:\/\/www.portalalerta.com.br\/wp-content\/uploads\/2022\/03\/Cred-Real.1-183x146.jpg 183w, https:\/\/www.portalalerta.com.br\/wp-content\/uploads\/2022\/03\/Cred-Real.1-50x40.jpg 50w, https:\/\/www.portalalerta.com.br\/wp-content\/uploads\/2022\/03\/Cred-Real.1-94x75.jpg 94w\" sizes=\"(max-width: 446px) 100vw, 446px\" \/><\/figure><\/div>\n\n\n<p>Estiveram presentes o comandante do 21* Companhia Independente da Policia Militar da Bahia em Cip\u00f3, Major Jos\u00e9 Lu\u00eds, e o comandante do pelot\u00e3o de F\u00e1tima o Tenente Melquesedeque,o delegado Dr.Miguel, o Comandante da&nbsp; Guarda Municipal Francisco da Gcm, o prefeito municipal de F\u00e1tima Binho de Alfredo, e os vereadores: Rodrigo de Lourival (presidente), Odilon Menezes (vice-presidente), Jos\u00e9 Adailton, Bel, Neirivan, Pedro Ivo, Lourival de Jac\u00f3, Almir, S\u00f3crates, Zezinho e Nobinho.<\/p>\n\n\n\n<p>O foco \u00e9 fiscalizar e abordar motocicletas com escapamentos &#8220;abertos fora dos padr\u00f5es permitidos pelo CTB -c\u00f3digo de Tr\u00e2nsito Brasileiro.<\/p>\n\n\n\n<p><br><em>Fonte: C\u00edcero Dantas Acontece<\/em><\/p>\n","protected":false},"excerpt":{"rendered":"<p>Foi realizada na noite desta segunda-feira (17), a Sess\u00e3o Ordin\u00e1ria na C\u00e2mara de Vereadores de F\u00e1tima-BA,&nbsp;uma reuni\u00e3o que tratou sobre sugest\u00f5es para coibir polui\u00e7\u00e3o sonora provocada por som automotivo e escapamento de motocicleta fora dos padr\u00f5es&nbsp;permitidos.<\/p>\n","protected":false},"author":2,"featured_media":48551,"comment_status":"open","ping_status":"open","sticky":false,"template":"","format":"standard","meta":{"om_disable_all_campaigns":false,"_monsterinsights_skip_tracking":false,"_monsterinsights_sitenote_active":false,"_monsterinsights_sitenote_note":"","_monsterinsights_sitenote_category":0,"footnotes":""},"categories":[70,10,69,21,32,22],"tags":[182,100,71,48,75,4178,4180,129,107,4181,132,230,106,203,120,51,79,4360,198,109,88,47,111,190,135],"class_list":["post-48550","post","type-post","status-publish","format-standard","has-post-thumbnail","hentry","category-destaques","category-fatima","category-noticias2","category-politica","category-regiao","category-seguranca","tag-21a-cipm","tag-adustina","tag-antas","tag-araci","tag-cicero-dantas","tag-cipo-2","tag-crisopolis-2","tag-euclides-da-cunha","tag-fatima","tag-heliopolis-2","tag-itapicuru","tag-jeremoabo","tag-nova-soure","tag-novo-triunfo","tag-olindina","tag-paripiranga","tag-policia-militar","tag-poluicao-sonora","tag-prefeito","tag-quijingue","tag-ribeira-do-amparo","tag-ribeira-do-pombal","tag-sitio-do-quinto","tag-tucano","tag-vereadores"],"aioseo_notices":[],"_links":{"self":[{"href":"https:\/\/www.portalalerta.com.br\/index.php\/wp-json\/wp\/v2\/posts\/48550","targetHints":{"allow":["GET"]}}],"collection":[{"href":"https:\/\/www.portalalerta.com.br\/index.php\/wp-json\/wp\/v2\/posts"}],"about":[{"href":"https:\/\/www.portalalerta.com.br\/index.php\/wp-json\/wp\/v2\/types\/post"}],"author":[{"embeddable":true,"href":"https:\/\/www.portalalerta.com.br\/index.php\/wp-json\/wp\/v2\/users\/2"}],"replies":[{"embeddable":true,"href":"https:\/\/www.portalalerta.com.br\/index.php\/wp-json\/wp\/v2\/comments?post=48550"}],"version-history":[{"count":1,"href":"https:\/\/www.portalalerta.com.br\/index.php\/wp-json\/wp\/v2\/posts\/48550\/revisions"}],"predecessor-version":[{"id":48552,"href":"https:\/\/www.portalalerta.com.br\/index.php\/wp-json\/wp\/v2\/posts\/48550\/revisions\/48552"}],"wp:featuredmedia":[{"embeddable":true,"href":"https:\/\/www.portalalerta.com.br\/index.php\/wp-json\/wp\/v2\/media\/48551"}],"wp:attachment":[{"href":"https:\/\/www.portalalerta.com.br\/index.php\/wp-json\/wp\/v2\/media?parent=48550"}],"wp:term":[{"taxonomy":"category","embeddable":true,"href":"https:\/\/www.portalalerta.com.br\/index.php\/wp-json\/wp\/v2\/categories?post=48550"},{"taxonomy":"post_tag","embeddable":true,"href":"https:\/\/www.portalalerta.com.br\/index.php\/wp-json\/wp\/v2\/tags?post=48550"}],"curies":[{"name":"wp","href":"https:\/\/api.w.org\/{rel}","templated":true}]}}