{"id":48553,"date":"2023-04-19T16:30:56","date_gmt":"2023-04-19T19:30:56","guid":{"rendered":"https:\/\/www.portalalerta.com.br\/?p=48553"},"modified":"2023-04-19T16:30:57","modified_gmt":"2023-04-19T19:30:57","slug":"operacao-escola-segura-apreende-10-adolescentes-por-ameacas","status":"publish","type":"post","link":"https:\/\/www.portalalerta.com.br\/index.php\/2023\/04\/19\/operacao-escola-segura-apreende-10-adolescentes-por-ameacas\/","title":{"rendered":"Opera\u00e7\u00e3o Escola Segura apreende 10 adolescentes por amea\u00e7as"},"content":{"rendered":"\n<p><em>Todos ser\u00e3o encaminhados para interna\u00e7\u00e3o provis\u00f3ria<\/em><\/p>\n\n\n\n<!--more-->\n\n\n\n<p>For\u00e7a-tarefa do Minist\u00e9rio da Justi\u00e7a e Seguran\u00e7a P\u00fablica apreendeu dez adolescentes por \u201camea\u00e7as de ataques a escolas\u201d. A Opera\u00e7\u00e3o Escola Segura cumpre, nesta quarta-feira (19), dez ordens para interna\u00e7\u00f5es provis\u00f3rias, al\u00e9m de 13 mandados de busca e apreens\u00e3o e 11 afastamentos de sigilo de dados dos adolescentes.<\/p>\n\n\n<div class=\"wp-block-image\">\n<figure class=\"alignleft size-full\"><img fetchpriority=\"high\" decoding=\"async\" width=\"400\" height=\"300\" src=\"https:\/\/www.portalalerta.com.br\/wp-content\/uploads\/2023\/01\/Auto-Escola-Sonho.jpg\" alt=\"\" class=\"wp-image-47083\" srcset=\"https:\/\/www.portalalerta.com.br\/wp-content\/uploads\/2023\/01\/Auto-Escola-Sonho.jpg 400w, https:\/\/www.portalalerta.com.br\/wp-content\/uploads\/2023\/01\/Auto-Escola-Sonho-320x240.jpg 320w\" sizes=\"(max-width: 400px) 100vw, 400px\" \/><\/figure><\/div>\n\n\n<p>Os adolescentes apreendidos ser\u00e3o encaminhados para&nbsp;interna\u00e7\u00e3o provis\u00f3ria. Eles t\u00eam entre 11 e 17 anos e s\u00e3o investigados <strong><em>\u201cpela pr\u00e1tica de atos infracionais equiparados aos delitos de amea\u00e7a, incita\u00e7\u00e3o ao crime, apologia ao crime ou criminoso, associa\u00e7\u00e3o criminosa, al\u00e9m de incorrerem nos artigos 12 e 14 do Estatuto do Desarmamento\u201d<\/em><\/strong>.<\/p>\n\n\n\n<p>De acordo com o MJ, as apreens\u00f5es est\u00e3o sendo feitas&nbsp;com a participa\u00e7\u00e3o de policiais civis&nbsp;em S\u00e3o Paulo, no Rio de Janeiro, Paran\u00e1, em Santa Catarina e Pernambuco.<\/p>\n\n\n\n<p><strong>\u201cA a\u00e7\u00e3o prov\u00e9m das investiga\u00e7\u00f5es que iniciaram logo ap\u00f3s o\u00a0ataque \u00e0 creche Cantinho do Bom Pastor, em Blumenau (SC), quando quatro crian\u00e7as foram mortas e cinco feridas por golpes de machadinha ap\u00f3s um homem invadir o local. A partir de ent\u00e3o, foram localizados, pelas redes sociais, outros indiv\u00edduos que estariam fazendo amea\u00e7as de ataques similares\u201d<\/strong>, informou o MJ.<\/p>\n\n\n\n<p>A a\u00e7\u00e3o foi comentada pelo ministro da Justi\u00e7a, Fl\u00e1vio Dino, em suas redes sociais. <strong><em>\u201cOpera\u00e7\u00e3o Escola Segura cumprindo mandados hoje em 5 Estados. Agrade\u00e7o \u00e0s pol\u00edcias civis que est\u00e3o atuando em rede com o Minist\u00e9rio da Justi\u00e7a, para que tenhamos maior efic\u00e1cia nas a\u00e7\u00f5es preventivas e repressivas\u201d<\/em><\/strong>, tuitou o ministro.<\/p>\n\n\n\n<p>A Opera\u00e7\u00e3o Escola Segura trabalha de forma integrada, com 51 chefes de delegacias de investiga\u00e7\u00e3o e 89 chefes de ag\u00eancias de intelig\u00eancia de Seguran\u00e7a P\u00fablica (pol\u00edcias Civil e Militar).<\/p>\n\n\n\n<p><strong>Den\u00fancias<\/strong><\/p>\n\n\n\n<p>Den\u00fancias sobre amea\u00e7as de ataques podem ser feitas ao canal Escola Segura, criado pelo Minist\u00e9rio da Justi\u00e7a e Seguran\u00e7a P\u00fablica, em parceria com SaferNet Brasil. As informa\u00e7\u00f5es enviadas ao canal ser\u00e3o mantidas sob sigilo e n\u00e3o h\u00e1 identifica\u00e7\u00e3o do denunciante.<\/p>\n\n\n\n<p><em>Fonte: Ag\u00eancia Brasil<\/em><\/p>\n","protected":false},"excerpt":{"rendered":"<p>Todos ser\u00e3o encaminhados para interna\u00e7\u00e3o provis\u00f3ria<\/p>\n","protected":false},"author":2,"featured_media":48554,"comment_status":"open","ping_status":"open","sticky":false,"template":"","format":"standard","meta":{"om_disable_all_campaigns":false,"_monsterinsights_skip_tracking":false,"_monsterinsights_sitenote_active":false,"_monsterinsights_sitenote_note":"","_monsterinsights_sitenote_category":0,"footnotes":""},"categories":[70,20,69,22],"tags":[100,71,48,93,75,4178,4180,140,6025,129,107,4181,132,230,1783,106,203,120,51,109,88,47,111,190],"class_list":["post-48553","post","type-post","status-publish","format-standard","has-post-thumbnail","hentry","category-destaques","category-educacao","category-noticias2","category-seguranca","tag-adustina","tag-antas","tag-araci","tag-brasil","tag-cicero-dantas","tag-cipo-2","tag-crisopolis-2","tag-educacao","tag-escola-segura","tag-euclides-da-cunha","tag-fatima","tag-heliopolis-2","tag-itapicuru","tag-jeremoabo","tag-ministerio-da-justica","tag-nova-soure","tag-novo-triunfo","tag-olindina","tag-paripiranga","tag-quijingue","tag-ribeira-do-amparo","tag-ribeira-do-pombal","tag-sitio-do-quinto","tag-tucano"],"aioseo_notices":[],"_links":{"self":[{"href":"https:\/\/www.portalalerta.com.br\/index.php\/wp-json\/wp\/v2\/posts\/48553","targetHints":{"allow":["GET"]}}],"collection":[{"href":"https:\/\/www.portalalerta.com.br\/index.php\/wp-json\/wp\/v2\/posts"}],"about":[{"href":"https:\/\/www.portalalerta.com.br\/index.php\/wp-json\/wp\/v2\/types\/post"}],"author":[{"embeddable":true,"href":"https:\/\/www.portalalerta.com.br\/index.php\/wp-json\/wp\/v2\/users\/2"}],"replies":[{"embeddable":true,"href":"https:\/\/www.portalalerta.com.br\/index.php\/wp-json\/wp\/v2\/comments?post=48553"}],"version-history":[{"count":1,"href":"https:\/\/www.portalalerta.com.br\/index.php\/wp-json\/wp\/v2\/posts\/48553\/revisions"}],"predecessor-version":[{"id":48555,"href":"https:\/\/www.portalalerta.com.br\/index.php\/wp-json\/wp\/v2\/posts\/48553\/revisions\/48555"}],"wp:featuredmedia":[{"embeddable":true,"href":"https:\/\/www.portalalerta.com.br\/index.php\/wp-json\/wp\/v2\/media\/48554"}],"wp:attachment":[{"href":"https:\/\/www.portalalerta.com.br\/index.php\/wp-json\/wp\/v2\/media?parent=48553"}],"wp:term":[{"taxonomy":"category","embeddable":true,"href":"https:\/\/www.portalalerta.com.br\/index.php\/wp-json\/wp\/v2\/categories?post=48553"},{"taxonomy":"post_tag","embeddable":true,"href":"https:\/\/www.portalalerta.com.br\/index.php\/wp-json\/wp\/v2\/tags?post=48553"}],"curies":[{"name":"wp","href":"https:\/\/api.w.org\/{rel}","templated":true}]}}