{"id":48556,"date":"2023-04-19T16:34:45","date_gmt":"2023-04-19T19:34:45","guid":{"rendered":"https:\/\/www.portalalerta.com.br\/?p=48556"},"modified":"2023-04-19T16:34:46","modified_gmt":"2023-04-19T19:34:46","slug":"policia-civil-cumpre-mandado-de-prisao-contra-empresario-acusado-de-abusar-sexualmente-de-afilhada-de-apenas-5-anos-em-cicero-dantas-ba","status":"publish","type":"post","link":"https:\/\/www.portalalerta.com.br\/index.php\/2023\/04\/19\/policia-civil-cumpre-mandado-de-prisao-contra-empresario-acusado-de-abusar-sexualmente-de-afilhada-de-apenas-5-anos-em-cicero-dantas-ba\/","title":{"rendered":"Pol\u00edcia Civil cumpre mandado de pris\u00e3o contra empres\u00e1rio acusado de abusar sexualmente de afilhada de apenas 5 anos, em C\u00edcero Dantas-BA"},"content":{"rendered":"\n<p>No in\u00edcio da noite da \u00faltima ter\u00e7a-feira (18), investigadores da Pol\u00edcia Civil de C\u00edcero Dantas-BA, cumpriram um mandado de pris\u00e3o em desfavor de um empres\u00e1rio identificado pelas iniciais A de J.S, 46 anos.<\/p>\n\n\n\n<!--more-->\n\n\n\n<p>O mandado de Pris\u00e3o preventiva foi lavrado pela Comarca Local, tendo em vista que o empres\u00e1rio \u00e9 acusado de ter abusado sexualmente da pr\u00f3pria afilhada, em janeiro do ano passado, quando a garota tinha apenas 05 anos. Na \u00e9poca a garota foi submetida a exames que constataram lacera\u00e7\u00f5es na regi\u00e3o genital, por conta de a mesma ter sido tocada pelo acusado. Ainda de acordo com o depoimento da menina, ela teria sido for\u00e7ada a tamb\u00e9m tocar no \u00f3rg\u00e3o genital do empres\u00e1rio.<\/p>\n\n\n\n<p>Diante da decis\u00e3o judicial, os investigadores montaram campana em frente a empresa do rapaz, at\u00e9 o fechamento do referido estabelecimento, que foi realizado pela esposa do mesmo, e logo na sequ\u00eancia, o acusado chegou ao local para busc\u00e1-la. Os policiais deram voz de pris\u00e3o, por\u00e9m o rapaz iniciou uma fuga pelas ruas da cidade a bordo do pr\u00f3prio carro, um Ford Fiesta de dados n\u00e3o informados, que terminou na Rua Travessa da Coreia, centro da cidade, onde acabou sendo preso.<\/p>\n\n\n\n<p>O empres\u00e1rio foi conduzido ao Hospital da cidade onde foi submetido a um exame de corpo de delito, e posteriormente foi levado \u00e0 carceragem da Delegacia e Pol\u00edcia Civil da cidade, onde se encontra \u00e0 disposi\u00e7\u00e3o da justi\u00e7a.<\/p>\n\n\n\n<p><em>Reda\u00e7\u00e3o: Portal Alerta<\/em><\/p>\n","protected":false},"excerpt":{"rendered":"<p>No in\u00edcio da noite da \u00faltima ter\u00e7a-feira (18), investigadores da Pol\u00edcia Civil de C\u00edcero Dantas-BA, cumpriram um mandado de pris\u00e3o em desfavor de um empres\u00e1rio identificado pelas iniciais A de J.S, 46 anos.<\/p>\n","protected":false},"author":2,"featured_media":20567,"comment_status":"open","ping_status":"open","sticky":false,"template":"","format":"standard","meta":{"om_disable_all_campaigns":false,"_monsterinsights_skip_tracking":false,"_monsterinsights_sitenote_active":false,"_monsterinsights_sitenote_note":"","_monsterinsights_sitenote_category":0,"footnotes":""},"categories":[4,70,69,32,22],"tags":[100,71,48,75,4178,4180,1092,438,129,107,4181,132,230,488,106,203,120,51,122,77,109,88,47,111],"class_list":["post-48556","post","type-post","status-publish","format-standard","has-post-thumbnail","hentry","category-cicero-dantas","category-destaques","category-noticias2","category-regiao","category-seguranca","tag-adustina","tag-antas","tag-araci","tag-cicero-dantas","tag-cipo-2","tag-crisopolis-2","tag-empresario","tag-estupro-de-vulneravel","tag-euclides-da-cunha","tag-fatima","tag-heliopolis-2","tag-itapicuru","tag-jeremoabo","tag-mandado-de-prisao","tag-nova-soure","tag-novo-triunfo","tag-olindina","tag-paripiranga","tag-policia-civil","tag-preso","tag-quijingue","tag-ribeira-do-amparo","tag-ribeira-do-pombal","tag-sitio-do-quinto"],"aioseo_notices":[],"_links":{"self":[{"href":"https:\/\/www.portalalerta.com.br\/index.php\/wp-json\/wp\/v2\/posts\/48556","targetHints":{"allow":["GET"]}}],"collection":[{"href":"https:\/\/www.portalalerta.com.br\/index.php\/wp-json\/wp\/v2\/posts"}],"about":[{"href":"https:\/\/www.portalalerta.com.br\/index.php\/wp-json\/wp\/v2\/types\/post"}],"author":[{"embeddable":true,"href":"https:\/\/www.portalalerta.com.br\/index.php\/wp-json\/wp\/v2\/users\/2"}],"replies":[{"embeddable":true,"href":"https:\/\/www.portalalerta.com.br\/index.php\/wp-json\/wp\/v2\/comments?post=48556"}],"version-history":[{"count":1,"href":"https:\/\/www.portalalerta.com.br\/index.php\/wp-json\/wp\/v2\/posts\/48556\/revisions"}],"predecessor-version":[{"id":48557,"href":"https:\/\/www.portalalerta.com.br\/index.php\/wp-json\/wp\/v2\/posts\/48556\/revisions\/48557"}],"wp:featuredmedia":[{"embeddable":true,"href":"https:\/\/www.portalalerta.com.br\/index.php\/wp-json\/wp\/v2\/media\/20567"}],"wp:attachment":[{"href":"https:\/\/www.portalalerta.com.br\/index.php\/wp-json\/wp\/v2\/media?parent=48556"}],"wp:term":[{"taxonomy":"category","embeddable":true,"href":"https:\/\/www.portalalerta.com.br\/index.php\/wp-json\/wp\/v2\/categories?post=48556"},{"taxonomy":"post_tag","embeddable":true,"href":"https:\/\/www.portalalerta.com.br\/index.php\/wp-json\/wp\/v2\/tags?post=48556"}],"curies":[{"name":"wp","href":"https:\/\/api.w.org\/{rel}","templated":true}]}}