{"id":48558,"date":"2023-04-19T22:52:13","date_gmt":"2023-04-20T01:52:13","guid":{"rendered":"https:\/\/www.portalalerta.com.br\/?p=48558"},"modified":"2023-04-19T22:52:15","modified_gmt":"2023-04-20T01:52:15","slug":"escolas-promovem-dia-dedicado-a-cultura-da-paz-em-ribeira-do-pombal-ba","status":"publish","type":"post","link":"https:\/\/www.portalalerta.com.br\/index.php\/2023\/04\/19\/escolas-promovem-dia-dedicado-a-cultura-da-paz-em-ribeira-do-pombal-ba\/","title":{"rendered":"Escolas promovem dia dedicado \u00e0 cultura da paz, em Ribeira do Pombal-BA"},"content":{"rendered":"\n<p>A Secretaria de Educa\u00e7\u00e3o vai realizar nessa quinta-feira, 20, uma s\u00e9rie de atividades nas escolas municipais com o tema <strong>\u201cCultura da Paz na Escola\u201d<\/strong>. Durante todo o dia diversas a\u00e7\u00f5es estar\u00e3o acontecendo com participa\u00e7\u00e3o de professores e colaboradores das escolas debatendo o espa\u00e7o escolar como lugar de acolhimento e seguran\u00e7a para o perfeito desenvolvimento do processo de ensino-aprendizagem.<\/p>\n\n\n\n<!--more-->\n\n\n<div class=\"wp-block-image\">\n<figure class=\"alignleft size-full is-resized\"><img fetchpriority=\"high\" decoding=\"async\" src=\"https:\/\/www.portalalerta.com.br\/wp-content\/uploads\/2022\/03\/Cred-Real.1.jpg\" alt=\"\" class=\"wp-image-41523\" width=\"427\" height=\"342\" srcset=\"https:\/\/www.portalalerta.com.br\/wp-content\/uploads\/2022\/03\/Cred-Real.1.jpg 500w, https:\/\/www.portalalerta.com.br\/wp-content\/uploads\/2022\/03\/Cred-Real.1-300x240.jpg 300w, https:\/\/www.portalalerta.com.br\/wp-content\/uploads\/2022\/03\/Cred-Real.1-183x146.jpg 183w, https:\/\/www.portalalerta.com.br\/wp-content\/uploads\/2022\/03\/Cred-Real.1-50x40.jpg 50w, https:\/\/www.portalalerta.com.br\/wp-content\/uploads\/2022\/03\/Cred-Real.1-94x75.jpg 94w\" sizes=\"(max-width: 427px) 100vw, 427px\" \/><\/figure><\/div>\n\n\n<p>O Projeto faz parte do conjunto de iniciativas que a Prefeitura est\u00e1 adotando, junto com as for\u00e7as de seguran\u00e7a, como parte do esfor\u00e7o para manter um ambiente seguro e acolhedor nas escolas municipais, livres de quest\u00f5es relacionada aos ataques que ocorreram em outros lugares do Brasil.<\/p>\n\n\n\n<p>Foi planejado um dia especial onde, por um lado a GCM continuar\u00e1 presente de forma ostensiva nas escolas e nos entornos; e por outro lado a comunidade escolar agindo internamente para garantir que o ambiente escolar continue sendo o mais adequado para o desenvolvimento e forma\u00e7\u00e3o humana de crian\u00e7as e adolescentes.<\/p>\n\n\n\n<p><em>Fonte: SECOM\/ Ribeira do Pombal<\/em><\/p>\n","protected":false},"excerpt":{"rendered":"<p>A Secretaria de Educa\u00e7\u00e3o vai realizar nessa quinta-feira, 20, uma s\u00e9rie de atividades nas escolas municipais com o tema \u201cCultura da Paz na Escola\u201d. Durante todo o dia diversas a\u00e7\u00f5es estar\u00e3o acontecendo com participa\u00e7\u00e3o de professores e colaboradores das escolas debatendo o espa\u00e7o escolar como lugar de acolhimento e seguran\u00e7a para o perfeito desenvolvimento do &hellip;<\/p>\n","protected":false},"author":2,"featured_media":48559,"comment_status":"open","ping_status":"open","sticky":false,"template":"","format":"standard","meta":{"om_disable_all_campaigns":false,"_monsterinsights_skip_tracking":false,"_monsterinsights_sitenote_active":false,"_monsterinsights_sitenote_note":"","_monsterinsights_sitenote_category":0,"footnotes":""},"categories":[70,20,69,32,3],"tags":[100,71,48,75,4178,4180,140,560,129,107,4181,132,230,106,203,120,51,987,109,88,47,212,111,190],"class_list":["post-48558","post","type-post","status-publish","format-standard","has-post-thumbnail","hentry","category-destaques","category-educacao","category-noticias2","category-regiao","category-ribeira-do-pombal","tag-adustina","tag-antas","tag-araci","tag-cicero-dantas","tag-cipo-2","tag-crisopolis-2","tag-educacao","tag-escolas","tag-euclides-da-cunha","tag-fatima","tag-heliopolis-2","tag-itapicuru","tag-jeremoabo","tag-nova-soure","tag-novo-triunfo","tag-olindina","tag-paripiranga","tag-paz","tag-quijingue","tag-ribeira-do-amparo","tag-ribeira-do-pombal","tag-secretaria-de-educacao","tag-sitio-do-quinto","tag-tucano"],"aioseo_notices":[],"_links":{"self":[{"href":"https:\/\/www.portalalerta.com.br\/index.php\/wp-json\/wp\/v2\/posts\/48558","targetHints":{"allow":["GET"]}}],"collection":[{"href":"https:\/\/www.portalalerta.com.br\/index.php\/wp-json\/wp\/v2\/posts"}],"about":[{"href":"https:\/\/www.portalalerta.com.br\/index.php\/wp-json\/wp\/v2\/types\/post"}],"author":[{"embeddable":true,"href":"https:\/\/www.portalalerta.com.br\/index.php\/wp-json\/wp\/v2\/users\/2"}],"replies":[{"embeddable":true,"href":"https:\/\/www.portalalerta.com.br\/index.php\/wp-json\/wp\/v2\/comments?post=48558"}],"version-history":[{"count":1,"href":"https:\/\/www.portalalerta.com.br\/index.php\/wp-json\/wp\/v2\/posts\/48558\/revisions"}],"predecessor-version":[{"id":48560,"href":"https:\/\/www.portalalerta.com.br\/index.php\/wp-json\/wp\/v2\/posts\/48558\/revisions\/48560"}],"wp:featuredmedia":[{"embeddable":true,"href":"https:\/\/www.portalalerta.com.br\/index.php\/wp-json\/wp\/v2\/media\/48559"}],"wp:attachment":[{"href":"https:\/\/www.portalalerta.com.br\/index.php\/wp-json\/wp\/v2\/media?parent=48558"}],"wp:term":[{"taxonomy":"category","embeddable":true,"href":"https:\/\/www.portalalerta.com.br\/index.php\/wp-json\/wp\/v2\/categories?post=48558"},{"taxonomy":"post_tag","embeddable":true,"href":"https:\/\/www.portalalerta.com.br\/index.php\/wp-json\/wp\/v2\/tags?post=48558"}],"curies":[{"name":"wp","href":"https:\/\/api.w.org\/{rel}","templated":true}]}}