{"id":48561,"date":"2023-04-19T22:59:14","date_gmt":"2023-04-20T01:59:14","guid":{"rendered":"https:\/\/www.portalalerta.com.br\/?p=48561"},"modified":"2023-04-19T22:59:15","modified_gmt":"2023-04-20T01:59:15","slug":"eduardo-bolsonaro-parte-para-cima-de-deputado-petista-apos-facada-ser-questionada-te-enfio-a-mao-na-cara","status":"publish","type":"post","link":"https:\/\/www.portalalerta.com.br\/index.php\/2023\/04\/19\/eduardo-bolsonaro-parte-para-cima-de-deputado-petista-apos-facada-ser-questionada-te-enfio-a-mao-na-cara\/","title":{"rendered":"Eduardo Bolsonaro parte para cima de deputado petista ap\u00f3s facada ser questionada: \u201cTe enfio a m\u00e3o na cara\u201d"},"content":{"rendered":"\n<p>Confus\u00e3o entre filho do ex-presidente Jair Bolsonaro e o deputado Dionilso Marcon (PT-RS) ocorreu durante reuni\u00e3o da Comiss\u00e3o de Trabalho da C\u00e2mara dos Deputados<\/p>\n\n\n\n<!--more-->\n\n\n\n<p>O deputado federal\u00a0Eduardo Bolsonaro (PL-SP)\u00a0partiu para cima do deputado Dionilso Marcon (PT-RS) durante reuni\u00e3o da Comiss\u00e3o de Trabalho da C\u00e2mara dos Deputados nesta quarta-feira (19).<\/p>\n\n\n\n<p>A confus\u00e3o se iniciou ap\u00f3s Eduardo Bolsonaro fazer cr\u00edticas \u00e0 esquerda. Ele ent\u00e3o relembrou o epis\u00f3dio em que o ex-presidente Jair Bolsonaro (PL) sofreu uma facada durante as elei\u00e7\u00f5es de 2018.<\/p>\n\n\n\n<p>\u201cA esquerda pode enganar aos outros, mas a n\u00f3s aqui, que j\u00e1 inclusive tomamos facada de ex-membro do Psol, n\u00e3o engana\u201d, disse o parlamentar.<\/p>\n\n\n\n<p>O microfone da transmiss\u00e3o oficial da C\u00e2mara n\u00e3o capta, mas Eduardo Bolsonaro passa a alegar que Dionilso Marcon teria classificado como uma farsa o epis\u00f3dio envolvendo o ex-presidente. Em outros v\u00eddeos de redes sociais, \u00e9 poss\u00edvel ver o petista insinuando que a facada foi fake.<\/p>\n\n\n\n<p><strong><em>\u201cDar uma facada no seu bucho, eu quero ver o que voc\u00ea vai fazer, seu Z\u00e9. Vai te catar, rapaz. Vire homem\u201d<\/em><\/strong>, dispara Eduardo Bolsonaro contra o colega.<\/p>\n\n\n\n<p>Logo em seguida, o filho do ex-presidente se levanta e parte para cima de Marcon, mas \u00e9 contido por seguran\u00e7as antes que chegasse \u00e0 mesa do petista.<\/p>\n\n\n\n<p>Antes de deixar a reuni\u00e3o, Eduardo Bolsonaro profere uma s\u00e9rie de ofensas homof\u00f3bicas a Marcon e fala <strong><em>\u201cte enfio a m\u00e3o na cara\u201d<\/em><\/strong>. O presidente da comiss\u00e3o, Airton Faleiro (PT-PA), pede calma aos membros presentes.<\/p>\n\n\n\n<p>Nas redes sociais, Eduardo Bolsonaro compartilhou um v\u00eddeo com a discuss\u00e3o.<\/p>\n\n\n\n<p><strong><em>\u201cS\u00f3 eu, minha fam\u00edlia e os mais pr\u00f3ximos sabemos pelo que passamos. \u00c9 inaceit\u00e1vel baixar a cabe\u00e7a para deboche com a tentativa de assassinato de meu pai, chamando o fato de falso, de ter sangrado pouco. Meu mandato n\u00e3o estar acima da honra de meu pai, com ele vou at\u00e9 a morte\u201d<\/em><\/strong>, escreveu.<\/p>\n\n\n\n<blockquote class=\"twitter-tweet\"><p lang=\"pt\" dir=\"ltr\">S\u00f3 eu, minha fam\u00edlia e os mais pr\u00f3ximos sabemos pelo o que passamos. \u00c9 inaceit\u00e1vel baixar a cabe\u00e7a para deboche com a tentativa de assassinato de meu pai chamando o fato de falso, de ter sangrado pouco<br><br>Meu mandato n\u00e3o estar acima da honra de meu pai, com ele vou at\u00e9 a morte <a href=\"https:\/\/t.co\/9Tdjh7Dkyn\">pic.twitter.com\/9Tdjh7Dkyn<\/a><\/p>&mdash; Eduardo Bolsonaro\ud83c\udde7\ud83c\uddf7 (@BolsonaroSP) <a href=\"https:\/\/twitter.com\/BolsonaroSP\/status\/1648740189294952462?ref_src=twsrc%5Etfw\">April 19, 2023<\/a><\/blockquote> <script async src=\"https:\/\/platform.twitter.com\/widgets.js\" charset=\"utf-8\"><\/script>\n\n\n\n<p>No Plen\u00e1rio da C\u00e2mara, Dionilso Marcon afirmou, por sua vez, que Eduardo Bolsonaro apresenta \u201cdesequil\u00edbrio emocional\u201d.<\/p>\n\n\n\n<p><strong><em>\u201cO que foi feito hoje nesta comiss\u00e3o tem s\u00f3 uma palavra: n\u00e3o tem controle emocional. O PT vai entrar com uma representa\u00e7\u00e3o nesta Casa contra este deputado. As a\u00e7\u00f5es e as imagens deste deputado mostram desiquil\u00edbrio\u201d<\/em><\/strong>, disse Marcon.<\/p>\n\n\n\n<p><\/p>\n\n\n\n<blockquote class=\"twitter-tweet\"><p lang=\"pt\" dir=\"ltr\">VIOL\u00caNCIA AQUI N\u00c3O! O Partido dos Trabalhadores decidiu entrar com representa\u00e7\u00e3o no Conselho de \u00c9tica contra o Deputado Eduardo Bolsonaro por falta de decoro pelos ataques proferidos a mim durante a Comiss\u00e3o de Trabalho. N\u00e3o vamos tolerar nenhum tipo de viol\u00eancia!<\/p>&mdash; Deputado Marcon (@deputadomarcon) <a href=\"https:\/\/twitter.com\/deputadomarcon\/status\/1648743665483776016?ref_src=twsrc%5Etfw\">April 19, 2023<\/a><\/blockquote> <script async src=\"https:\/\/platform.twitter.com\/widgets.js\" charset=\"utf-8\"><\/script>\n\n\n\n<p><em>Fonte: CNN<\/em><\/p>\n","protected":false},"excerpt":{"rendered":"<p>Confus\u00e3o entre filho do ex-presidente Jair Bolsonaro e o deputado Dionilso Marcon (PT-RS) ocorreu durante reuni\u00e3o da Comiss\u00e3o de Trabalho da C\u00e2mara dos Deputados<\/p>\n","protected":false},"author":2,"featured_media":48562,"comment_status":"open","ping_status":"open","sticky":false,"template":"","format":"standard","meta":{"om_disable_all_campaigns":false,"_monsterinsights_skip_tracking":false,"_monsterinsights_sitenote_active":false,"_monsterinsights_sitenote_note":"","_monsterinsights_sitenote_category":0,"footnotes":""},"categories":[34,70,69,21],"tags":[100,71,48,93,186,75,4178,4180,215,2058,129,107,4181,132,230,6042,106,203,120,51,109,88,47,111,190],"class_list":["post-48561","post","type-post","status-publish","format-standard","has-post-thumbnail","hentry","category-brasil","category-destaques","category-noticias2","category-politica","tag-adustina","tag-antas","tag-araci","tag-brasil","tag-camara-dos-deputados","tag-cicero-dantas","tag-cipo-2","tag-crisopolis-2","tag-deputado-federal","tag-eduardo-bolsonaro","tag-euclides-da-cunha","tag-fatima","tag-heliopolis-2","tag-itapicuru","tag-jeremoabo","tag-marcon","tag-nova-soure","tag-novo-triunfo","tag-olindina","tag-paripiranga","tag-quijingue","tag-ribeira-do-amparo","tag-ribeira-do-pombal","tag-sitio-do-quinto","tag-tucano"],"aioseo_notices":[],"_links":{"self":[{"href":"https:\/\/www.portalalerta.com.br\/index.php\/wp-json\/wp\/v2\/posts\/48561","targetHints":{"allow":["GET"]}}],"collection":[{"href":"https:\/\/www.portalalerta.com.br\/index.php\/wp-json\/wp\/v2\/posts"}],"about":[{"href":"https:\/\/www.portalalerta.com.br\/index.php\/wp-json\/wp\/v2\/types\/post"}],"author":[{"embeddable":true,"href":"https:\/\/www.portalalerta.com.br\/index.php\/wp-json\/wp\/v2\/users\/2"}],"replies":[{"embeddable":true,"href":"https:\/\/www.portalalerta.com.br\/index.php\/wp-json\/wp\/v2\/comments?post=48561"}],"version-history":[{"count":1,"href":"https:\/\/www.portalalerta.com.br\/index.php\/wp-json\/wp\/v2\/posts\/48561\/revisions"}],"predecessor-version":[{"id":48563,"href":"https:\/\/www.portalalerta.com.br\/index.php\/wp-json\/wp\/v2\/posts\/48561\/revisions\/48563"}],"wp:featuredmedia":[{"embeddable":true,"href":"https:\/\/www.portalalerta.com.br\/index.php\/wp-json\/wp\/v2\/media\/48562"}],"wp:attachment":[{"href":"https:\/\/www.portalalerta.com.br\/index.php\/wp-json\/wp\/v2\/media?parent=48561"}],"wp:term":[{"taxonomy":"category","embeddable":true,"href":"https:\/\/www.portalalerta.com.br\/index.php\/wp-json\/wp\/v2\/categories?post=48561"},{"taxonomy":"post_tag","embeddable":true,"href":"https:\/\/www.portalalerta.com.br\/index.php\/wp-json\/wp\/v2\/tags?post=48561"}],"curies":[{"name":"wp","href":"https:\/\/api.w.org\/{rel}","templated":true}]}}