{"id":48567,"date":"2023-04-19T23:35:13","date_gmt":"2023-04-20T02:35:13","guid":{"rendered":"https:\/\/www.portalalerta.com.br\/?p=48567"},"modified":"2023-04-19T23:35:15","modified_gmt":"2023-04-20T02:35:15","slug":"goncalves-dias-pede-demissao-do-gsi-apos-video-em-que-aparece-no-planalto-durante-invasao","status":"publish","type":"post","link":"https:\/\/www.portalalerta.com.br\/index.php\/2023\/04\/19\/goncalves-dias-pede-demissao-do-gsi-apos-video-em-que-aparece-no-planalto-durante-invasao\/","title":{"rendered":"Gon\u00e7alves Dias pede demiss\u00e3o do GSI ap\u00f3s v\u00eddeo em que aparece no Planalto durante invas\u00e3o"},"content":{"rendered":"\n<p><strong>Pedido foi feito ap\u00f3s reuni\u00e3o de Dias com Lula e outros ministros no Pal\u00e1cio do Planalto. Imagens mostram atua\u00e7\u00e3o do ministro durante atos golpistas de 8 de janeiro.<\/strong><\/p>\n\n\n\n<!--more-->\n\n\n\n<p>O general Gon\u00e7alves Dias pediu nesta quarta-feira (19) demiss\u00e3o do cargo de ministro-chefe do Gabinete de Seguran\u00e7a Institucional (GSI) da Presid\u00eancia da Rep\u00fablica.<\/p>\n\n\n\n<p>O pedido ocorre ap\u00f3s\u00a0v\u00eddeo mostrando o ministro no Pal\u00e1cio do Planalto durante invas\u00f5es golpistas de 8 de janeiro.<\/p>\n\n\n\n<p>O general da reserva pediu demiss\u00e3o ap\u00f3s reuni\u00e3o com\u00a0Lula\u00a0e chefes de outras pastas, no Pal\u00e1cio do Planalto. Ele \u00e9 o primeiro ministro a deixar o governo no terceiro mandato de Lula.<\/p>\n\n\n\n<p>Em\u00a0entrevista \u00e0 TV Globo, Dias afirmou que estava no Planalto para retirar manifestantes. &#8220;Eu entrei no pal\u00e1cio depois que o pal\u00e1cio foi invadido e estava retirando as pessoas do 3\u00ba e 4\u00ba piso, para que houvesse a pris\u00e3o no 2\u00ba&#8221;, afirmou. O general tamb\u00e9m disse que sua imagem foi retirada do contexto.<\/p>\n\n\n\n<p><strong>V\u00eddeo<\/strong><\/p>\n\n\n\n<p>A atua\u00e7\u00e3o do GSI durante os atos de 8 de janeiro, em que apoiadores do ex-presidente\u00a0Jair Bolsonaro\u00a0(PL) invadiram e depredaram as sedes dos Tr\u00eas Poderes, \u00e9 alvo de cr\u00edticas.<\/p>\n\n\n\n<figure class=\"wp-block-embed is-type-video is-provider-youtube wp-block-embed-youtube wp-embed-aspect-16-9 wp-has-aspect-ratio\"><div class=\"wp-block-embed__wrapper\">\n<iframe title=\"GSI: v\u00eddeo da CNN Brasil mostra ministro Gon\u00e7alves Dias no Pal\u00e1cio do Planalto durante 8 de janeiro\" width=\"500\" height=\"281\" src=\"https:\/\/www.youtube.com\/embed\/VIrMqEHjARA?feature=oembed\" frameborder=\"0\" allow=\"accelerometer; autoplay; clipboard-write; encrypted-media; gyroscope; picture-in-picture; web-share\" referrerpolicy=\"strict-origin-when-cross-origin\" allowfullscreen><\/iframe>\n<\/div><\/figure>\n\n\n\n<p>A presen\u00e7a e a atua\u00e7\u00e3o de Dias no Pal\u00e1cio do Planalto, sede do Executivo, no dia dos atos foi divulgada em v\u00eddeo pela CNN Brasil.<\/p>\n\n\n\n<p>As imagens mostram Gon\u00e7alves Dias e funcion\u00e1rios do GSI circulando entre os invasores no Pal\u00e1cio do Planalto no dia 8 de janeiro.<\/p>\n\n\n\n<p>Um dos funcion\u00e1rios do GSI conversa com invasores e os cumprimenta. Outro trecho mostra servidores do \u00f3rg\u00e3o entregando \u00e1gua aos v\u00e2ndalos.<\/p>\n\n\n\n<p><strong>Justificativa do GSI<\/strong><\/p>\n\n\n\n<p>O GSI divulgou nota para justificar a presen\u00e7a do chefe do \u00f3rg\u00e3o no Pal\u00e1cio do Planalto, na qual afirma que as imagens mostram a <strong><em>\u201catua\u00e7\u00e3o dos agentes de seguran\u00e7a que foi, em um primeiro momento, no sentido de evacuar os quarto e terceiro pisos do Pal\u00e1cio do Planalto\u201d<\/em><\/strong>.<\/p>\n\n\n<div class=\"wp-block-image\">\n<figure class=\"alignleft size-full is-resized\"><img fetchpriority=\"high\" decoding=\"async\" src=\"https:\/\/www.portalalerta.com.br\/wp-content\/uploads\/2021\/04\/ELAB.jpg\" alt=\"\" class=\"wp-image-34795\" width=\"435\" height=\"347\" srcset=\"https:\/\/www.portalalerta.com.br\/wp-content\/uploads\/2021\/04\/ELAB.jpg 1000w, https:\/\/www.portalalerta.com.br\/wp-content\/uploads\/2021\/04\/ELAB-300x240.jpg 300w, https:\/\/www.portalalerta.com.br\/wp-content\/uploads\/2021\/04\/ELAB-768x614.jpg 768w, https:\/\/www.portalalerta.com.br\/wp-content\/uploads\/2021\/04\/ELAB-183x146.jpg 183w, https:\/\/www.portalalerta.com.br\/wp-content\/uploads\/2021\/04\/ELAB-50x40.jpg 50w, https:\/\/www.portalalerta.com.br\/wp-content\/uploads\/2021\/04\/ELAB-94x75.jpg 94w\" sizes=\"(max-width: 435px) 100vw, 435px\" \/><\/figure><\/div>\n\n\n<p><strong><em>&#8220;A respeito de reportagem veiculada no dia de hoje, sobre os ataques do 8 de janeiro, o Gabinete de Seguran\u00e7a Institucional da Presid\u00eancia da Rep\u00fablica (GSI) esclarece que as imagens mostram a atua\u00e7\u00e3o dos agentes de seguran\u00e7a que foi, em um primeiro momento, no sentido de evacuar os quarto e terceiro pisos do Pal\u00e1cio do Planalto, concentrando os manifestantes no segundo andar, onde, ap\u00f3s aguardar o refor\u00e7o do pelot\u00e3o de choque da PM\/DF, foi poss\u00edvel realizar a pris\u00e3o dos mesmos&#8221;,<\/em><\/strong> explicou o GSI.<\/p>\n\n\n\n<p>Segundo o\u00a0blog do Camarotti, a situa\u00e7\u00e3o de Dias foi agravada porque o presidente Lula lhe pediu as imagens de frente do gabinete presidencial durante a invas\u00e3o, mas Dias, segundo fontes, respondeu que elas estavam indispon\u00edveis.<\/p>\n\n\n\n<p>Em nota divulgada ap\u00f3s o pedido de demiss\u00e3o, a Secretaria de Comunica\u00e7\u00e3o da Presid\u00eancia diz que <strong><em>&#8220;a viol\u00eancia terrorista que se instalou no dia 8 de janeiro contra os Tr\u00eas Poderes da Rep\u00fablica alcan\u00e7ou um governo rec\u00e9m-empossado, portanto, com muitas equipes ainda remanescentes da gest\u00e3o anterior, inclusive no Gabinete de Seguran\u00e7a Institucional (GSI), que foram afastados nos dias subsequentes ao epis\u00f3dio&#8221;.<\/em><\/strong><\/p>\n\n\n\n<p><strong><em>O \u00f3rg\u00e3o afirma que 81 militares, inclusive do GSI, j\u00e1 foram ouvidos no inqu\u00e9rito sobre os atos e que &#8220;o governo tem tomado todas as medidas que lhe cabem na investiga\u00e7\u00e3o do epis\u00f3dio&#8221;<\/em><\/strong>.<\/p>\n\n\n\n<p><strong>Envolvimento de militares com atos<\/strong><\/p>\n\n\n\n<p>O GSI, formado majoritariamente por militares, \u00e9 o \u00f3rg\u00e3o respons\u00e1vel pela seguran\u00e7a das instala\u00e7\u00f5es da Presid\u00eancia da Rep\u00fablica. At\u00e9 o in\u00edcio de 2023, tamb\u00e9m fazia a seguran\u00e7a pessoal do presidente e de seus familiares.<\/p>\n\n\n\n<p>Mas Lula decidiu ter sua seguran\u00e7a composta por policiais federais, alguns que j\u00e1 o acompanharam durante a campanha presidencial.<\/p>\n\n\n\n<p>Lula e boa parte do governo t\u00eam receio da atua\u00e7\u00e3o de militares no n\u00facleo da administra\u00e7\u00e3o federal. A quantidade de militares que participaram do governo Bolsonaro deixou a impress\u00e3o no governo petista de que parte das For\u00e7as Armadas assumiu uma atua\u00e7\u00e3o ideol\u00f3gica.<\/p>\n\n\n\n<p>V\u00eddeos gravados durante o dia 8 de janeiro mostram, por exemplo, o ent\u00e3o comandante do Batalh\u00e3o de Guarda Presidencial (BGP) pedindo uma atua\u00e7\u00e3o mais branda da Pol\u00edcia Militar do Distrito Federal com os invasores.<\/p>\n\n\n\n<p><strong>Quem \u00e9 Gon\u00e7alves Dias?<\/strong><\/p>\n\n\n\n<p>Marco Edson Gon\u00e7alves Dias \u00e9 natural de Americana (SP). Ele entrou para o Ex\u00e9rcito em 1969, por meio da Escola Preparat\u00f3ria de Cadetes do Ex\u00e9rcito. Cursou a Escola de Aperfei\u00e7oamento de Oficiais em 1986 e a Escola de Comando e Estado Maior do Ex\u00e9rcito em 1994.<\/p>\n\n\n\n<p>Chegou a ocupar o cargo de Comandante da Sexta Regi\u00e3o Militar e a comandar o 19\u00b0 Batalh\u00e3o de Infantaria Motorizado. Foi al\u00e7ado ao cargo de general e, atualmente, est\u00e1 na reserva (como os militares chamam a sua aposentadoria).<\/p>\n\n\n\n<p>Dentro do governo, j\u00e1 foi Secret\u00e1rio de Seguran\u00e7a da Presid\u00eancia da Rep\u00fablica do governo Lula e chefe da Coordenadoria de Seguran\u00e7a Institucional da ex-presidente Dilma Rousseff (PT).<\/p>\n\n\n\n<p><em>Fonte: G1<\/em><\/p>\n","protected":false},"excerpt":{"rendered":"<p>Pedido foi feito ap\u00f3s reuni\u00e3o de Dias com Lula e outros ministros no Pal\u00e1cio do Planalto. Imagens mostram atua\u00e7\u00e3o do ministro durante atos golpistas de 8 de janeiro.<\/p>\n","protected":false},"author":2,"featured_media":48568,"comment_status":"open","ping_status":"open","sticky":false,"template":"","format":"standard","meta":{"om_disable_all_campaigns":false,"_monsterinsights_skip_tracking":false,"_monsterinsights_sitenote_active":false,"_monsterinsights_sitenote_note":"","_monsterinsights_sitenote_category":0,"footnotes":""},"categories":[34,70,35,69,21,22,68],"tags":[100,71,48,93,75,4178,4180,616,129,107,6043,4181,132,230,561,106,203,120,51,109,88,47,111,190],"class_list":["post-48567","post","type-post","status-publish","format-standard","has-post-thumbnail","hentry","category-brasil","category-destaques","category-mundo","category-noticias2","category-politica","category-seguranca","category-videos","tag-adustina","tag-antas","tag-araci","tag-brasil","tag-cicero-dantas","tag-cipo-2","tag-crisopolis-2","tag-demissao","tag-euclides-da-cunha","tag-fatima","tag-gsi","tag-heliopolis-2","tag-itapicuru","tag-jeremoabo","tag-ministro","tag-nova-soure","tag-novo-triunfo","tag-olindina","tag-paripiranga","tag-quijingue","tag-ribeira-do-amparo","tag-ribeira-do-pombal","tag-sitio-do-quinto","tag-tucano"],"aioseo_notices":[],"_links":{"self":[{"href":"https:\/\/www.portalalerta.com.br\/index.php\/wp-json\/wp\/v2\/posts\/48567","targetHints":{"allow":["GET"]}}],"collection":[{"href":"https:\/\/www.portalalerta.com.br\/index.php\/wp-json\/wp\/v2\/posts"}],"about":[{"href":"https:\/\/www.portalalerta.com.br\/index.php\/wp-json\/wp\/v2\/types\/post"}],"author":[{"embeddable":true,"href":"https:\/\/www.portalalerta.com.br\/index.php\/wp-json\/wp\/v2\/users\/2"}],"replies":[{"embeddable":true,"href":"https:\/\/www.portalalerta.com.br\/index.php\/wp-json\/wp\/v2\/comments?post=48567"}],"version-history":[{"count":1,"href":"https:\/\/www.portalalerta.com.br\/index.php\/wp-json\/wp\/v2\/posts\/48567\/revisions"}],"predecessor-version":[{"id":48569,"href":"https:\/\/www.portalalerta.com.br\/index.php\/wp-json\/wp\/v2\/posts\/48567\/revisions\/48569"}],"wp:featuredmedia":[{"embeddable":true,"href":"https:\/\/www.portalalerta.com.br\/index.php\/wp-json\/wp\/v2\/media\/48568"}],"wp:attachment":[{"href":"https:\/\/www.portalalerta.com.br\/index.php\/wp-json\/wp\/v2\/media?parent=48567"}],"wp:term":[{"taxonomy":"category","embeddable":true,"href":"https:\/\/www.portalalerta.com.br\/index.php\/wp-json\/wp\/v2\/categories?post=48567"},{"taxonomy":"post_tag","embeddable":true,"href":"https:\/\/www.portalalerta.com.br\/index.php\/wp-json\/wp\/v2\/tags?post=48567"}],"curies":[{"name":"wp","href":"https:\/\/api.w.org\/{rel}","templated":true}]}}