{"id":48570,"date":"2023-04-20T09:18:23","date_gmt":"2023-04-20T12:18:23","guid":{"rendered":"https:\/\/www.portalalerta.com.br\/?p=48570"},"modified":"2023-04-20T09:19:08","modified_gmt":"2023-04-20T12:19:08","slug":"casa-branca-entra-em-contato-com-governo-brasileiro-apos-falas-polemicas-de-lula-sobre-a-guerra-na-ucrania","status":"publish","type":"post","link":"https:\/\/www.portalalerta.com.br\/index.php\/2023\/04\/20\/casa-branca-entra-em-contato-com-governo-brasileiro-apos-falas-polemicas-de-lula-sobre-a-guerra-na-ucrania\/","title":{"rendered":"Casa Branca entra em contato com governo brasileiro ap\u00f3s falas pol\u00eamicas de Lula sobre a guerra na Ucr\u00e2nia"},"content":{"rendered":"\n<p>O assessor internacional da Presid\u00eancia da Rep\u00fablica, Celso Amorim, recebeu uma liga\u00e7\u00e3o do conselheiro de Seguran\u00e7a Nacional dos Estados Unidos, Jake Sullivan, sobre as falas do presidente Luiz In\u00e1cio Lula da Silva (PT) a respeito da Guerra da Ucr\u00e2nia. A informa\u00e7\u00e3o foi divulgada em comunicado emitido pela Casa Branca.<\/p>\n\n\n\n<!--more-->\n\n\n<div class=\"wp-block-image\">\n<figure class=\"alignleft size-full is-resized\"><img fetchpriority=\"high\" decoding=\"async\" src=\"https:\/\/www.portalalerta.com.br\/wp-content\/uploads\/2022\/03\/Cred-Real.1.jpg\" alt=\"\" class=\"wp-image-41523\" width=\"412\" height=\"330\" srcset=\"https:\/\/www.portalalerta.com.br\/wp-content\/uploads\/2022\/03\/Cred-Real.1.jpg 500w, https:\/\/www.portalalerta.com.br\/wp-content\/uploads\/2022\/03\/Cred-Real.1-300x240.jpg 300w, https:\/\/www.portalalerta.com.br\/wp-content\/uploads\/2022\/03\/Cred-Real.1-183x146.jpg 183w, https:\/\/www.portalalerta.com.br\/wp-content\/uploads\/2022\/03\/Cred-Real.1-50x40.jpg 50w, https:\/\/www.portalalerta.com.br\/wp-content\/uploads\/2022\/03\/Cred-Real.1-94x75.jpg 94w\" sizes=\"(max-width: 412px) 100vw, 412px\" \/><\/figure><\/div>\n\n\n<p>Al\u00e9m da guerra, segundo a nota divulgada pelo governo estadunidense, tamb\u00e9m foram discutidas tem\u00e1ticas como \u201ca coopera\u00e7\u00e3o cont\u00ednua para combater as mudan\u00e7as clim\u00e1ticas e proteger o meio ambiente, o G-20 e nossos esfor\u00e7os compartilhados para salvaguardar as institui\u00e7\u00f5es democr\u00e1ticas\u201d.<\/p>\n\n\n\n<p>As declara\u00e7\u00f5es de Lula a respeito da guerra foram feitas durante a viagem que o presidente realizou \u00e0 China. O petista afirmou que a Ucr\u00e2nia tem tanta culpa no conflito quanto a R\u00fassia e condenou a postura adotada pelos Estados Unidos e pela Europa, que enviaram armas ao governo ucraniano.<\/p>\n\n\n\n<p>Diante da repercuss\u00e3o das falas de Lula,\u00a0o porta-voz do Minist\u00e9rio das Rela\u00e7\u00f5es Exteriores do da Ucr\u00e2nia, Oleg Nikolenko, convidou, nesta segunda-feira (17),\u00a0o presidente brasileiro para uma visita em Kiev,\u00a0para que ele entenda\u00a0<strong><em>\u201cas reais causas e ess\u00eancia da agress\u00e3o russa\u201d<\/em><\/strong>.<\/p>\n\n\n\n<p><em>Fonte: Metro1<\/em><\/p>\n","protected":false},"excerpt":{"rendered":"<p>O assessor internacional da Presid\u00eancia da Rep\u00fablica, Celso Amorim, recebeu uma liga\u00e7\u00e3o do conselheiro de Seguran\u00e7a Nacional dos Estados Unidos, Jake Sullivan, sobre as falas do presidente Luiz In\u00e1cio Lula da Silva (PT) a respeito da Guerra da Ucr\u00e2nia. A informa\u00e7\u00e3o foi divulgada em comunicado emitido pela Casa Branca.<\/p>\n","protected":false},"author":2,"featured_media":48571,"comment_status":"open","ping_status":"open","sticky":false,"template":"","format":"standard","meta":{"om_disable_all_campaigns":false,"_monsterinsights_skip_tracking":false,"_monsterinsights_sitenote_active":false,"_monsterinsights_sitenote_note":"","_monsterinsights_sitenote_category":0,"footnotes":""},"categories":[34,70,35,69,21],"tags":[100,71,48,93,75,4178,4180,327,129,107,4181,132,230,339,106,203,120,51,109,88,47,111],"class_list":["post-48570","post","type-post","status-publish","format-standard","has-post-thumbnail","hentry","category-brasil","category-destaques","category-mundo","category-noticias2","category-politica","tag-adustina","tag-antas","tag-araci","tag-brasil","tag-cicero-dantas","tag-cipo-2","tag-crisopolis-2","tag-eua","tag-euclides-da-cunha","tag-fatima","tag-heliopolis-2","tag-itapicuru","tag-jeremoabo","tag-mundo","tag-nova-soure","tag-novo-triunfo","tag-olindina","tag-paripiranga","tag-quijingue","tag-ribeira-do-amparo","tag-ribeira-do-pombal","tag-sitio-do-quinto"],"aioseo_notices":[],"_links":{"self":[{"href":"https:\/\/www.portalalerta.com.br\/index.php\/wp-json\/wp\/v2\/posts\/48570","targetHints":{"allow":["GET"]}}],"collection":[{"href":"https:\/\/www.portalalerta.com.br\/index.php\/wp-json\/wp\/v2\/posts"}],"about":[{"href":"https:\/\/www.portalalerta.com.br\/index.php\/wp-json\/wp\/v2\/types\/post"}],"author":[{"embeddable":true,"href":"https:\/\/www.portalalerta.com.br\/index.php\/wp-json\/wp\/v2\/users\/2"}],"replies":[{"embeddable":true,"href":"https:\/\/www.portalalerta.com.br\/index.php\/wp-json\/wp\/v2\/comments?post=48570"}],"version-history":[{"count":2,"href":"https:\/\/www.portalalerta.com.br\/index.php\/wp-json\/wp\/v2\/posts\/48570\/revisions"}],"predecessor-version":[{"id":48573,"href":"https:\/\/www.portalalerta.com.br\/index.php\/wp-json\/wp\/v2\/posts\/48570\/revisions\/48573"}],"wp:featuredmedia":[{"embeddable":true,"href":"https:\/\/www.portalalerta.com.br\/index.php\/wp-json\/wp\/v2\/media\/48571"}],"wp:attachment":[{"href":"https:\/\/www.portalalerta.com.br\/index.php\/wp-json\/wp\/v2\/media?parent=48570"}],"wp:term":[{"taxonomy":"category","embeddable":true,"href":"https:\/\/www.portalalerta.com.br\/index.php\/wp-json\/wp\/v2\/categories?post=48570"},{"taxonomy":"post_tag","embeddable":true,"href":"https:\/\/www.portalalerta.com.br\/index.php\/wp-json\/wp\/v2\/tags?post=48570"}],"curies":[{"name":"wp","href":"https:\/\/api.w.org\/{rel}","templated":true}]}}