{"id":48576,"date":"2023-04-20T10:51:54","date_gmt":"2023-04-20T13:51:54","guid":{"rendered":"https:\/\/www.portalalerta.com.br\/?p=48576"},"modified":"2023-04-20T10:51:55","modified_gmt":"2023-04-20T13:51:55","slug":"autorizada-a-contratacao-imediata-de-248-professores-indigenas-para-72-escolas-da-bahia","status":"publish","type":"post","link":"https:\/\/www.portalalerta.com.br\/index.php\/2023\/04\/20\/autorizada-a-contratacao-imediata-de-248-professores-indigenas-para-72-escolas-da-bahia\/","title":{"rendered":"Autorizada a contrata\u00e7\u00e3o imediata de 248 professores ind\u00edgenas para 72 escolas da Bahia"},"content":{"rendered":"\n<p>O governador Jer\u00f4nimo Rodrigues assinou, nesta quarta-feira (19), autoriza\u00e7\u00e3o para a contrata\u00e7\u00e3o imediata de 248 professores da Educa\u00e7\u00e3o Ind\u00edgena para seis territ\u00f3rios de identidade da rede estadual do interior da Bahia. Na data que marca o Dia Nacional dos Povos Ind\u00edgenas, o chefe do executivo se reuniu com lideran\u00e7as, educadores e estudantes ind\u00edgenas das comunidades kiriri, patax\u00f3, patax\u00f3 h\u00e3 h\u00e3 h\u00e3e, tupinamb\u00e1 e kaimb\u00e9, para formalizar o an\u00fancio no \u00e2mbito da educa\u00e7\u00e3o ind\u00edgena, que vai beneficiar 72 escolas ind\u00edgenas e 11 etnias dos territ\u00f3rios do Velho Chico, Litoral Sul, Extremo Sul, Semi\u00e1rido Nordeste II, Itaparica e Costa do Descobrimento.<\/p>\n\n\n\n<!--more-->\n\n\n\n<p><strong><em>\u201c19 de abril \u00e9 o Dia dos povos ind\u00edgenas. Dia de celebrar as conquistas, mas tamb\u00e9m de reafirmar o compromisso de seguir lutando. Hoje, celebramos o chamamento de quase 250 professores ind\u00edgenas, que ter\u00e3o a oportunidade de contribuir com a educa\u00e7\u00e3o no pa\u00eds\u201d<\/em><\/strong>, afirmou o governador.<\/p>\n\n\n<div class=\"wp-block-image\">\n<figure class=\"alignleft size-full is-resized\"><img fetchpriority=\"high\" decoding=\"async\" src=\"https:\/\/www.portalalerta.com.br\/wp-content\/uploads\/2021\/04\/ELAB.jpg\" alt=\"\" class=\"wp-image-34795\" width=\"431\" height=\"344\" srcset=\"https:\/\/www.portalalerta.com.br\/wp-content\/uploads\/2021\/04\/ELAB.jpg 1000w, https:\/\/www.portalalerta.com.br\/wp-content\/uploads\/2021\/04\/ELAB-300x240.jpg 300w, https:\/\/www.portalalerta.com.br\/wp-content\/uploads\/2021\/04\/ELAB-768x614.jpg 768w, https:\/\/www.portalalerta.com.br\/wp-content\/uploads\/2021\/04\/ELAB-183x146.jpg 183w, https:\/\/www.portalalerta.com.br\/wp-content\/uploads\/2021\/04\/ELAB-50x40.jpg 50w, https:\/\/www.portalalerta.com.br\/wp-content\/uploads\/2021\/04\/ELAB-94x75.jpg 94w\" sizes=\"(max-width: 431px) 100vw, 431px\" \/><\/figure><\/div>\n\n\n<p>Durante o evento, a secret\u00e1ria da Educa\u00e7\u00e3o, Ad\u00e9lia Pinheiro, explicou que ser\u00e3o 150 professores contratados por edital do REDA, j\u00e1 realizado, e a convoca\u00e7\u00e3o dos aprovados no cadastro de reserva ocorrer\u00e1 a partir desta quinta-feira (20). Os outros 98 professores ser\u00e3o contratados por meio de processo seletivo emergencial por an\u00e1lise curricular. Os detalhes v\u00e3o estar dispon\u00edveis no Di\u00e1rio Oficial.<\/p>\n\n\n\n<p>A assinatura prev\u00ea a amplia\u00e7\u00e3o de vagas para atua\u00e7\u00e3o nas Unidades Escolares de Educa\u00e7\u00e3o Ind\u00edgena, sob o regime de 20 horas semanais. Os professores v\u00e3o atuar nas grandes \u00e1reas de conhecimento, que envolve as Ci\u00eancias da Natureza, as Ci\u00eancias Humanas, Matem\u00e1tica e Linguagens.<\/p>\n\n\n\n<p><strong><em>\u201cOs estudantes v\u00e3o ficar muito felizes em receber os novos docentes, por que as escolas est\u00e3o muito carentes, com essa not\u00edcia de hoje, vamos poder suprir a necessidade de ter mais professores ensinando nosso dialeto\u201d,<\/em><\/strong> comemorou Katu Tupinamb\u00e1, diretor da Escola Estadual Ind\u00edgena Tupinamb\u00e1 de Abaet\u00e9, em Ilh\u00e9us, um dos territ\u00f3rios de identidade contemplados.<\/p>\n\n\n\n<p>Estiveram presentes tamb\u00e9m na reuni\u00e3o a secret\u00e1ria da Igualdade Racial e dos Povos Origin\u00e1rios, \u00c2ngela Guimar\u00e3es, a superintendente de Pol\u00edticas para os Povos Ind\u00edgenas, Patr\u00edcia Patax\u00f3, e o coordenador geral de Pol\u00edticas para Juventude da Bahia, Nivaldo Millet.<\/p>\n\n\n\n<p><em>Fonte: Paripiranguense.com<\/em><\/p>\n","protected":false},"excerpt":{"rendered":"<p>O governador Jer\u00f4nimo Rodrigues assinou, nesta quarta-feira (19), autoriza\u00e7\u00e3o para a contrata\u00e7\u00e3o imediata de 248 professores da Educa\u00e7\u00e3o Ind\u00edgena para seis territ\u00f3rios de identidade da rede estadual do interior da Bahia. Na data que marca o Dia Nacional dos Povos Ind\u00edgenas, o chefe do executivo se reuniu com lideran\u00e7as, educadores e estudantes ind\u00edgenas das comunidades &hellip;<\/p>\n","protected":false},"author":2,"featured_media":48577,"comment_status":"open","ping_status":"open","sticky":false,"template":"","format":"standard","meta":{"om_disable_all_campaigns":false,"_monsterinsights_skip_tracking":false,"_monsterinsights_sitenote_active":false,"_monsterinsights_sitenote_note":"","_monsterinsights_sitenote_category":0,"footnotes":""},"categories":[33,70,20,69],"tags":[100,71,48,54,75,4178,4180,140,129,107,4181,483,132,230,106,203,120,51,109,88,47,111,190],"class_list":["post-48576","post","type-post","status-publish","format-standard","has-post-thumbnail","hentry","category-bahia","category-destaques","category-educacao","category-noticias2","tag-adustina","tag-antas","tag-araci","tag-bahia","tag-cicero-dantas","tag-cipo-2","tag-crisopolis-2","tag-educacao","tag-euclides-da-cunha","tag-fatima","tag-heliopolis-2","tag-indios","tag-itapicuru","tag-jeremoabo","tag-nova-soure","tag-novo-triunfo","tag-olindina","tag-paripiranga","tag-quijingue","tag-ribeira-do-amparo","tag-ribeira-do-pombal","tag-sitio-do-quinto","tag-tucano"],"aioseo_notices":[],"_links":{"self":[{"href":"https:\/\/www.portalalerta.com.br\/index.php\/wp-json\/wp\/v2\/posts\/48576","targetHints":{"allow":["GET"]}}],"collection":[{"href":"https:\/\/www.portalalerta.com.br\/index.php\/wp-json\/wp\/v2\/posts"}],"about":[{"href":"https:\/\/www.portalalerta.com.br\/index.php\/wp-json\/wp\/v2\/types\/post"}],"author":[{"embeddable":true,"href":"https:\/\/www.portalalerta.com.br\/index.php\/wp-json\/wp\/v2\/users\/2"}],"replies":[{"embeddable":true,"href":"https:\/\/www.portalalerta.com.br\/index.php\/wp-json\/wp\/v2\/comments?post=48576"}],"version-history":[{"count":1,"href":"https:\/\/www.portalalerta.com.br\/index.php\/wp-json\/wp\/v2\/posts\/48576\/revisions"}],"predecessor-version":[{"id":48578,"href":"https:\/\/www.portalalerta.com.br\/index.php\/wp-json\/wp\/v2\/posts\/48576\/revisions\/48578"}],"wp:featuredmedia":[{"embeddable":true,"href":"https:\/\/www.portalalerta.com.br\/index.php\/wp-json\/wp\/v2\/media\/48577"}],"wp:attachment":[{"href":"https:\/\/www.portalalerta.com.br\/index.php\/wp-json\/wp\/v2\/media?parent=48576"}],"wp:term":[{"taxonomy":"category","embeddable":true,"href":"https:\/\/www.portalalerta.com.br\/index.php\/wp-json\/wp\/v2\/categories?post=48576"},{"taxonomy":"post_tag","embeddable":true,"href":"https:\/\/www.portalalerta.com.br\/index.php\/wp-json\/wp\/v2\/tags?post=48576"}],"curies":[{"name":"wp","href":"https:\/\/api.w.org\/{rel}","templated":true}]}}