{"id":48586,"date":"2023-04-21T23:55:13","date_gmt":"2023-04-22T02:55:13","guid":{"rendered":"https:\/\/www.portalalerta.com.br\/?p=48586"},"modified":"2023-04-21T23:55:14","modified_gmt":"2023-04-22T02:55:14","slug":"moraes-determina-quebra-do-sigilo-de-imagens-de-vandalismo-no-planalto","status":"publish","type":"post","link":"https:\/\/www.portalalerta.com.br\/index.php\/2023\/04\/21\/moraes-determina-quebra-do-sigilo-de-imagens-de-vandalismo-no-planalto\/","title":{"rendered":"Moraes determina quebra do sigilo de imagens de vandalismo no Planalto"},"content":{"rendered":"\n<p><em>Decis\u00e3o faz parte de investiga\u00e7\u00e3o no STF por atos golpistas<\/em><\/p>\n\n\n\n<!--more-->\n\n\n\n<p>O ministro Alexandre de Moraes, do Supremo Tribunal Federal (STF), determinou nesta sexta-feira&nbsp;(21) a quebra do sigilo das imagens do Gabinete de Seguran\u00e7a Institucional (GSI) captadas durante a invas\u00e3o do Pal\u00e1cio do Planalto em 8 de janeiro. Com a decis\u00e3o, todas as grava\u00e7\u00f5es dever\u00e3o ser enviadas para investiga\u00e7\u00e3o que est\u00e1 em andamento da Corte.<\/p>\n\n\n\n<p>A determina\u00e7\u00e3o foi tomada ap\u00f3s a gest\u00e3o interina do GSI informar ao Supremo que uma sindic\u00e2ncia foi aberta em 26 de janeiro pelo \u00f3rg\u00e3o para apurar a condutar de agentes que estavam em servi\u00e7o, mas as imagens da a\u00e7\u00e3o dos v\u00e2ndalos n\u00e3o foram divulgadas em fun\u00e7\u00e3o do sigilo da investiga\u00e7\u00e3o.&nbsp;<\/p>\n\n\n\n<p>Na mesma decis\u00e3o, Moraes tamb\u00e9m mandou que a Pol\u00edcia Federal (PF) realize, em 48 horas, o depoimento de todos os funcion\u00e1rios do GSI que foram identificados ap\u00f3s grava\u00e7\u00f5es divulgadas pela CNN Brasil mostrarem o ex-ministro do GSI Gon\u00e7alves Dias e outros servidores no interior do Pal\u00e1cio do Planalto durante os atos golpistas.<\/p>\n\n\n\n<p>Na decis\u00e3o, o ministro afirmou que j\u00e1 havia determinado que todas as imagens da invas\u00e3o deveriam ser anexadas \u00e0 investiga\u00e7\u00e3o dos atos que tramita no Supremo.&nbsp;<\/p>\n\n\n\n<p><strong>Responsabilidade<\/strong><\/p>\n\n\n\n<p>Para Moraes, as grava\u00e7\u00f5es s\u00e3o necess\u00e1rias para apurar a responsabilidade criminal dos envolvidos.&nbsp;<\/p>\n\n\n\n<p><strong><em>&#8220;Portanto, inexiste sigilo das imagens, com base na Lei de Acesso \u00e0 Informa\u00e7\u00e3o, sobretudo por serem absolutamente necess\u00e1rias \u00e0 tutela jurisdicional dos direitos fundamentais, ao regime democr\u00e1tico e republicano, que foram covardemente desrespeitados no ataque criminoso \u00e0 nossa democracia, no dia 8\/01\/2023&#8221;<\/em><\/strong>, escreveu o ministro.<\/p>\n\n\n\n<p>Alexandre de Moraes ressaltou que a investiga\u00e7\u00e3o sobre os atos golpistas tamb\u00e9m apura as responsabilidades de agentes civis e militares que foram coniventes com os atos.<\/p>\n\n\n\n<p><strong><em>&#8220;A investiga\u00e7\u00e3o dos atos golpistas n\u00e3o est\u00e1 restrita somente aos indiv\u00edduos e agentes p\u00fablicos civis e militares que criminosamente pretenderam causar ruptura do Estado Democr\u00e1tico de Direito, na tentativa de viola\u00e7\u00e3o de direitos fundamentais e na separa\u00e7\u00e3o de poderes, mas, tamb\u00e9m, na identifica\u00e7\u00e3o e responsabiliza\u00e7\u00e3o das condutas de todos aqueles, inclusive de agentes p\u00fablicos civis e militares, que, durante a consuma\u00e7\u00e3o das infra\u00e7\u00f5es penais do dia 8\/1 ou, posteriormente, comissiva ou omissivamente, foram coniventes ou deixaram de exercer suas atribui\u00e7\u00f5es legais&#8221;<\/em><\/strong>, concluiu.<\/p>\n\n\n\n<p>Mais cedo, o ex-ministro do GSI Gon\u00e7alves Dias\u00a0prestou depoimento\u00a0\u00e0 Pol\u00edcia Federal (PF), em Bras\u00edlia.<\/p>\n\n\n\n<p>O depoimento foi determinado ontem (20) pelo ministro Alexandre de Moraes, que deu prazo de 48 horas para que o depoimento fosse realizado.<\/p>\n\n\n\n<p><em>Fonte: Ag\u00eancia Brasil<\/em><\/p>\n","protected":false},"excerpt":{"rendered":"<p>Decis\u00e3o faz parte de investiga\u00e7\u00e3o no STF por atos golpistas<\/p>\n","protected":false},"author":2,"featured_media":16331,"comment_status":"open","ping_status":"open","sticky":false,"template":"","format":"standard","meta":{"om_disable_all_campaigns":false,"_monsterinsights_skip_tracking":false,"_monsterinsights_sitenote_active":false,"_monsterinsights_sitenote_note":"","_monsterinsights_sitenote_category":0,"footnotes":""},"categories":[34,70,69,21],"tags":[100,1173,71,48,93,75,4178,4180,129,107,6043,4181,132,230,106,203,120,51,109,88,47,111,190],"class_list":["post-48586","post","type-post","status-publish","format-standard","has-post-thumbnail","hentry","category-brasil","category-destaques","category-noticias2","category-politica","tag-adustina","tag-alexandre-de-moraes","tag-antas","tag-araci","tag-brasil","tag-cicero-dantas","tag-cipo-2","tag-crisopolis-2","tag-euclides-da-cunha","tag-fatima","tag-gsi","tag-heliopolis-2","tag-itapicuru","tag-jeremoabo","tag-nova-soure","tag-novo-triunfo","tag-olindina","tag-paripiranga","tag-quijingue","tag-ribeira-do-amparo","tag-ribeira-do-pombal","tag-sitio-do-quinto","tag-tucano"],"aioseo_notices":[],"_links":{"self":[{"href":"https:\/\/www.portalalerta.com.br\/index.php\/wp-json\/wp\/v2\/posts\/48586","targetHints":{"allow":["GET"]}}],"collection":[{"href":"https:\/\/www.portalalerta.com.br\/index.php\/wp-json\/wp\/v2\/posts"}],"about":[{"href":"https:\/\/www.portalalerta.com.br\/index.php\/wp-json\/wp\/v2\/types\/post"}],"author":[{"embeddable":true,"href":"https:\/\/www.portalalerta.com.br\/index.php\/wp-json\/wp\/v2\/users\/2"}],"replies":[{"embeddable":true,"href":"https:\/\/www.portalalerta.com.br\/index.php\/wp-json\/wp\/v2\/comments?post=48586"}],"version-history":[{"count":1,"href":"https:\/\/www.portalalerta.com.br\/index.php\/wp-json\/wp\/v2\/posts\/48586\/revisions"}],"predecessor-version":[{"id":48587,"href":"https:\/\/www.portalalerta.com.br\/index.php\/wp-json\/wp\/v2\/posts\/48586\/revisions\/48587"}],"wp:featuredmedia":[{"embeddable":true,"href":"https:\/\/www.portalalerta.com.br\/index.php\/wp-json\/wp\/v2\/media\/16331"}],"wp:attachment":[{"href":"https:\/\/www.portalalerta.com.br\/index.php\/wp-json\/wp\/v2\/media?parent=48586"}],"wp:term":[{"taxonomy":"category","embeddable":true,"href":"https:\/\/www.portalalerta.com.br\/index.php\/wp-json\/wp\/v2\/categories?post=48586"},{"taxonomy":"post_tag","embeddable":true,"href":"https:\/\/www.portalalerta.com.br\/index.php\/wp-json\/wp\/v2\/tags?post=48586"}],"curies":[{"name":"wp","href":"https:\/\/api.w.org\/{rel}","templated":true}]}}