{"id":48588,"date":"2023-04-22T00:14:00","date_gmt":"2023-04-22T03:14:00","guid":{"rendered":"https:\/\/www.portalalerta.com.br\/?p=48588"},"modified":"2023-04-22T00:14:02","modified_gmt":"2023-04-22T03:14:02","slug":"ministerio-publico-federal-pede-perda-de-mandato-de-ricardo-maia-alem-de-devolucao-de-mais-de-r-6-milhoes-aos-cofres-publicos","status":"publish","type":"post","link":"https:\/\/www.portalalerta.com.br\/index.php\/2023\/04\/22\/ministerio-publico-federal-pede-perda-de-mandato-de-ricardo-maia-alem-de-devolucao-de-mais-de-r-6-milhoes-aos-cofres-publicos\/","title":{"rendered":"Minist\u00e9rio P\u00fablico Federal pede perda de mandato de Ricardo Maia, al\u00e9m de devolu\u00e7\u00e3o de mais de R$ 6 milh\u00f5es aos cofres p\u00fablicos"},"content":{"rendered":"\n<p>O Minist\u00e9rio P\u00fablico Federal numa decis\u00e3o do dia 23 de janeiro de 2023, e assinada eletronicamente no dia 13 de mar\u00e7o de 2023, pediu a condena\u00e7\u00e3o do ex-prefeito de Ribeira do Pombal-BA e Deputado Federal, Ricardo Maia, al\u00e9m de outros r\u00e9us, sendo: <strong>TJ TRANSPORTES E CONTRU\u00c7\u00d5ES LTDA -EPP e seu propriet\u00e1rio MAYKON ANDRADE DE SANTANA; e TJ TRANSPORTES E CONSTRU\u00c7\u00d5ES LTDA e seu propriet\u00e1rio ANTONIVAL PINHO DE SOUZA.<\/strong><\/p>\n\n\n\n<!--more-->\n\n\n\n<p>De acordo com o Procurador da Rep\u00fablica, Eduardo da Silva Villas-B\u00f4as, da Procuradoria da Rep\u00fablica em Alagoinhas, tanto Ricardo quanto os empres\u00e1rios desviaram recursos p\u00fablicos, destinados ao pagamento de transportes escolares, entre os anos de 2013 e 2018, per\u00edodo em que Maia foi prefeito em Ribeira do Pombal. Segundo o procurador, as pr\u00e1ticas foram realizadas nas modalidades de <strong>Sobrepre\u00e7o<\/strong>, quando \u00e9 cobrado um valor acima do pre\u00e7o de mercado, e do <strong>superfaturamento<\/strong>, que na ocasi\u00e3o, segundo o Minist\u00e9rio P\u00fablico, a quilometragem percorrida nos roteiros, eram muito maiores no contrato, do que o percurso real.<\/p>\n\n\n<div class=\"wp-block-image\">\n<figure class=\"alignleft size-full is-resized\"><img fetchpriority=\"high\" decoding=\"async\" src=\"https:\/\/www.portalalerta.com.br\/wp-content\/uploads\/2021\/04\/ELAB.jpg\" alt=\"\" class=\"wp-image-34795\" width=\"423\" height=\"338\" srcset=\"https:\/\/www.portalalerta.com.br\/wp-content\/uploads\/2021\/04\/ELAB.jpg 1000w, https:\/\/www.portalalerta.com.br\/wp-content\/uploads\/2021\/04\/ELAB-300x240.jpg 300w, https:\/\/www.portalalerta.com.br\/wp-content\/uploads\/2021\/04\/ELAB-768x614.jpg 768w, https:\/\/www.portalalerta.com.br\/wp-content\/uploads\/2021\/04\/ELAB-183x146.jpg 183w, https:\/\/www.portalalerta.com.br\/wp-content\/uploads\/2021\/04\/ELAB-50x40.jpg 50w, https:\/\/www.portalalerta.com.br\/wp-content\/uploads\/2021\/04\/ELAB-94x75.jpg 94w\" sizes=\"(max-width: 423px) 100vw, 423px\" \/><\/figure><\/div>\n\n\n<p>Ainda segundo Eduardo, a Controladoria Geral da Uni\u00e3o, esteve na prefeitura Municipal, onde teria constatado atrav\u00e9s de documentos, entre eles alguns fornecidos pela pr\u00f3pria prefeitura, que de fato o munic\u00edpio teria pago \u00e0s empresas em tela, valores acima dos que de fato deveriam ser pagos.<\/p>\n\n\n\n<p>Por conta disso, o Procurador concluiu pedindo: <strong>a condena\u00e7\u00e3o dos r\u00e9us ao ressarcimento integral da les\u00e3o ao er\u00e1rio demonstrada na presente a\u00e7\u00e3o, no montante hist\u00f3rico de R$ 6.270.498,98, a ser acrescido dos juros e corre\u00e7\u00e3o monet\u00e1ria desde a data dos fatos; a condena\u00e7\u00e3o dos r\u00e9us em todas as demais san\u00e7\u00f5es do art. 12, II, da Lei n\u00b0 8.429\/92 (multa, perda de bens e valores, perda do cargo, suspens\u00e3o dos direitos pol\u00edticos, proibi\u00e7\u00e3o de contratar com o poder p\u00fablico ou de receber benef\u00edcios ou incentivos fiscais ou credit\u00edcios), nos patamares m\u00e1ximos ali previstos; a condena\u00e7\u00e3o dos r\u00e9us nas despesas processuais; a produ\u00e7\u00e3o de todos os meios de prova admitidos<\/strong>.<\/p>\n\n\n\n<p>Vale ressaltar que o pedido do Minist\u00e9rio P\u00fablico n\u00e3o se refere a uma decis\u00e3o condenat\u00f3ria, tendo em vista, que os r\u00e9us poder\u00e3o apresentar defesa, e na sequ\u00eancia, o juiz do caso dever\u00e1 aplicar a senten\u00e7a.<\/p>\n\n\n\n<p><strong>Ricardo Maia<\/strong><\/p>\n\n\n\n<p>Em nota, o Deputado Federal afirmou que ainda n\u00e3o foi notificado sobre o posicionamento do MPF, ao tempo em que chamou de pol\u00edtica suja dos opositores locais, que segundo ele <strong><em>\u201cutilizam de fatos jur\u00eddicos para fazer ataques infundados\u201d<\/em><\/strong>. &nbsp;<strong>Veja a nota na \u00edntegra:<\/strong><\/p>\n\n\n\n<p><strong><em>Recebemos a not\u00edcia dessa a\u00e7\u00e3o proposta pelo Minist\u00e9rio P\u00fablico com muita tranquilidade. \u00c9 papel e fun\u00e7\u00e3o do MP fiscalizar o bom cumprimento das normas e diretrizes da administra\u00e7\u00e3o p\u00fablica, como tamb\u00e9m sempre foi o nosso papel como gestor municipal cumprir essas normas.<\/em><\/strong><\/p>\n\n\n\n<p><strong><em>Ainda n\u00e3o fui citado para me manifestar nos autos do processo, na verdade nem o juiz se manifestou ainda acerca do recebimento da a\u00e7\u00e3o.<\/em><\/strong><\/p>\n\n\n\n<p><strong><em>De certa forma, a gente j\u00e1 t\u00e1 acostumado com essa forma da oposi\u00e7\u00e3o local de fazer pol\u00edtica, com ataques infundados que utilizam fatos jur\u00eddicos para fazer uma pol\u00edtica suja, foi assim com a minha candidatura para Deputado Federal e mostramos que quando se age em conformidade com a lei n\u00e3o h\u00e1 o que temer.<\/em><\/strong><\/p>\n\n\n\n<p><strong><em>No momento oportuno minha assessoria Jur\u00eddica ir\u00e1 se manifestar para apresentar a defesa pautada com a nossa conduta, que sempre foi trabalhar com lisura e transpar\u00eancia.<\/em><\/strong><\/p>\n\n\n\n<p><em>Reda\u00e7\u00e3o: Portal Alerta &nbsp;<\/em><\/p>\n","protected":false},"excerpt":{"rendered":"<p>O Minist\u00e9rio P\u00fablico Federal numa decis\u00e3o do dia 23 de janeiro de 2023, e assinada eletronicamente no dia 13 de mar\u00e7o de 2023, pediu a condena\u00e7\u00e3o do ex-prefeito de Ribeira do Pombal-BA e Deputado Federal, Ricardo Maia, al\u00e9m de outros r\u00e9us, sendo: TJ TRANSPORTES E CONTRU\u00c7\u00d5ES LTDA -EPP e seu propriet\u00e1rio MAYKON ANDRADE DE SANTANA; &hellip;<\/p>\n","protected":false},"author":2,"featured_media":48589,"comment_status":"open","ping_status":"open","sticky":false,"template":"","format":"standard","meta":{"om_disable_all_campaigns":false,"_monsterinsights_skip_tracking":false,"_monsterinsights_sitenote_active":false,"_monsterinsights_sitenote_note":"","_monsterinsights_sitenote_category":0,"footnotes":""},"categories":[33,34,70,69,21,32,3],"tags":[100,71,48,75,4178,4180,215,129,134,107,4181,132,230,440,106,203,120,51,109,88,47,146,111,190],"class_list":["post-48588","post","type-post","status-publish","format-standard","has-post-thumbnail","hentry","category-bahia","category-brasil","category-destaques","category-noticias2","category-politica","category-regiao","category-ribeira-do-pombal","tag-adustina","tag-antas","tag-araci","tag-cicero-dantas","tag-cipo-2","tag-crisopolis-2","tag-deputado-federal","tag-euclides-da-cunha","tag-ex-prefeito","tag-fatima","tag-heliopolis-2","tag-itapicuru","tag-jeremoabo","tag-mpf","tag-nova-soure","tag-novo-triunfo","tag-olindina","tag-paripiranga","tag-quijingue","tag-ribeira-do-amparo","tag-ribeira-do-pombal","tag-ricardo-maia","tag-sitio-do-quinto","tag-tucano"],"aioseo_notices":[],"_links":{"self":[{"href":"https:\/\/www.portalalerta.com.br\/index.php\/wp-json\/wp\/v2\/posts\/48588","targetHints":{"allow":["GET"]}}],"collection":[{"href":"https:\/\/www.portalalerta.com.br\/index.php\/wp-json\/wp\/v2\/posts"}],"about":[{"href":"https:\/\/www.portalalerta.com.br\/index.php\/wp-json\/wp\/v2\/types\/post"}],"author":[{"embeddable":true,"href":"https:\/\/www.portalalerta.com.br\/index.php\/wp-json\/wp\/v2\/users\/2"}],"replies":[{"embeddable":true,"href":"https:\/\/www.portalalerta.com.br\/index.php\/wp-json\/wp\/v2\/comments?post=48588"}],"version-history":[{"count":1,"href":"https:\/\/www.portalalerta.com.br\/index.php\/wp-json\/wp\/v2\/posts\/48588\/revisions"}],"predecessor-version":[{"id":48590,"href":"https:\/\/www.portalalerta.com.br\/index.php\/wp-json\/wp\/v2\/posts\/48588\/revisions\/48590"}],"wp:featuredmedia":[{"embeddable":true,"href":"https:\/\/www.portalalerta.com.br\/index.php\/wp-json\/wp\/v2\/media\/48589"}],"wp:attachment":[{"href":"https:\/\/www.portalalerta.com.br\/index.php\/wp-json\/wp\/v2\/media?parent=48588"}],"wp:term":[{"taxonomy":"category","embeddable":true,"href":"https:\/\/www.portalalerta.com.br\/index.php\/wp-json\/wp\/v2\/categories?post=48588"},{"taxonomy":"post_tag","embeddable":true,"href":"https:\/\/www.portalalerta.com.br\/index.php\/wp-json\/wp\/v2\/tags?post=48588"}],"curies":[{"name":"wp","href":"https:\/\/api.w.org\/{rel}","templated":true}]}}