{"id":48591,"date":"2023-04-22T00:20:42","date_gmt":"2023-04-22T03:20:42","guid":{"rendered":"https:\/\/www.portalalerta.com.br\/?p=48591"},"modified":"2023-04-22T00:20:43","modified_gmt":"2023-04-22T03:20:43","slug":"ex-ministro-do-gsi-diz-nao-ter-qualquer-responsabilidade-nos-fatos-de-8-de-janeiro","status":"publish","type":"post","link":"https:\/\/www.portalalerta.com.br\/index.php\/2023\/04\/22\/ex-ministro-do-gsi-diz-nao-ter-qualquer-responsabilidade-nos-fatos-de-8-de-janeiro\/","title":{"rendered":"Ex-ministro do GSI diz n\u00e3o ter &#8216;qualquer responsabilidade nos fatos de 8 de janeiro&#8217;"},"content":{"rendered":"\n<p><strong>Gon\u00e7alves Dias dep\u00f4s por cerca de quatro horas \u00e0 PF sobre sua presen\u00e7a no Planalto durante a depreda\u00e7\u00e3o por extremistas&nbsp;<\/strong><\/p>\n\n\n\n<!--more-->\n\n\n<div class=\"wp-block-image\">\n<figure class=\"alignleft size-full\"><img fetchpriority=\"high\" decoding=\"async\" width=\"400\" height=\"300\" src=\"https:\/\/www.portalalerta.com.br\/wp-content\/uploads\/2023\/01\/Auto-Escola-Sonho.jpg\" alt=\"\" class=\"wp-image-47083\" srcset=\"https:\/\/www.portalalerta.com.br\/wp-content\/uploads\/2023\/01\/Auto-Escola-Sonho.jpg 400w, https:\/\/www.portalalerta.com.br\/wp-content\/uploads\/2023\/01\/Auto-Escola-Sonho-320x240.jpg 320w\" sizes=\"(max-width: 400px) 100vw, 400px\" \/><\/figure><\/div>\n\n\n<p>O ex-ministro do Gabinete de Seguran\u00e7a Institucional (GSI)\u00a0Gon\u00e7alves Dias\u00a0afirmou ao\u00a0<strong>R7\u00a0<\/strong>que o depoimento que deu nesta sexta-feira (21)\u00a0\u00e0 Pol\u00edcia Federal\u00a0vai contribuir para esclarecer os fatos e mostrar que ele n\u00e3o teve responsabilidade nos\u00a0atos extremistas de 8 de janeiro.\u00a0<br><br><strong><em>&#8220;O comparecimento \u00e0 sede da Pol\u00edcia Federal \u00e9, para mim, uma grande oportunidade de esclarecer os fatos que t\u00eam sido explorados na imprensa. Confio na investiga\u00e7\u00e3o e na Justi\u00e7a, que apontar\u00e3o que n\u00e3o tenho qualquer responsabilidade, seja omissiva ou comissiva, nos fatos do dia 8 de janeiro.&#8221;<\/em><\/strong><\/p>\n\n\n\n<p><strong>Grava\u00e7\u00f5es de c\u00e2meras de seguran\u00e7a do Pal\u00e1cio do Planalto<\/strong>\u00a0mostram o ex-ministro ao andar entre os invasores, sem esbo\u00e7ar rea\u00e7\u00e3o. As imagens tamb\u00e9m sugerem que servidores do GSI \u00e0 \u00e9poca teriam facilitado a a\u00e7\u00e3o dos v\u00e2ndalos. Em alguns v\u00eddeos, agentes aparecem oferecendo \u00e1gua aos extremistas.<\/p>\n\n\n\n<p>Gon\u00e7alves dias deixou a Pol\u00edcia Federal\u00a0por volta das 13h30, ap\u00f3s ter prestado depoimento por mais de quatro horas nesta sexta-feira (21), sobre sua presen\u00e7a no Pal\u00e1cio do Planalto em 8 de janeiro, quando o pr\u00e9dio foi depredado por extremistas.<\/p>\n\n\n\n<p>O ex-ministro do GSI n\u00e3o falou com a imprensa. O advogado dele tamb\u00e9m saiu sem dar declara\u00e7\u00f5es.<\/p>\n\n\n\n<p><em>Fonte: R7<\/em><\/p>\n","protected":false},"excerpt":{"rendered":"<p>Gon\u00e7alves Dias dep\u00f4s por cerca de quatro horas \u00e0 PF sobre sua presen\u00e7a no Planalto durante a depreda\u00e7\u00e3o por extremistas&nbsp;<\/p>\n","protected":false},"author":2,"featured_media":48592,"comment_status":"open","ping_status":"open","sticky":false,"template":"","format":"standard","meta":{"om_disable_all_campaigns":false,"_monsterinsights_skip_tracking":false,"_monsterinsights_sitenote_active":false,"_monsterinsights_sitenote_note":"","_monsterinsights_sitenote_category":0,"footnotes":""},"categories":[34,70,69,21],"tags":[100,71,48,93,75,4178,4180,129,107,6044,6043,4181,132,230,106,203,120,51,173,109,88,47,111,190],"class_list":["post-48591","post","type-post","status-publish","format-standard","has-post-thumbnail","hentry","category-brasil","category-destaques","category-noticias2","category-politica","tag-adustina","tag-antas","tag-araci","tag-brasil","tag-cicero-dantas","tag-cipo-2","tag-crisopolis-2","tag-euclides-da-cunha","tag-fatima","tag-goncalves-dias","tag-gsi","tag-heliopolis-2","tag-itapicuru","tag-jeremoabo","tag-nova-soure","tag-novo-triunfo","tag-olindina","tag-paripiranga","tag-policia-federal","tag-quijingue","tag-ribeira-do-amparo","tag-ribeira-do-pombal","tag-sitio-do-quinto","tag-tucano"],"aioseo_notices":[],"_links":{"self":[{"href":"https:\/\/www.portalalerta.com.br\/index.php\/wp-json\/wp\/v2\/posts\/48591","targetHints":{"allow":["GET"]}}],"collection":[{"href":"https:\/\/www.portalalerta.com.br\/index.php\/wp-json\/wp\/v2\/posts"}],"about":[{"href":"https:\/\/www.portalalerta.com.br\/index.php\/wp-json\/wp\/v2\/types\/post"}],"author":[{"embeddable":true,"href":"https:\/\/www.portalalerta.com.br\/index.php\/wp-json\/wp\/v2\/users\/2"}],"replies":[{"embeddable":true,"href":"https:\/\/www.portalalerta.com.br\/index.php\/wp-json\/wp\/v2\/comments?post=48591"}],"version-history":[{"count":1,"href":"https:\/\/www.portalalerta.com.br\/index.php\/wp-json\/wp\/v2\/posts\/48591\/revisions"}],"predecessor-version":[{"id":48593,"href":"https:\/\/www.portalalerta.com.br\/index.php\/wp-json\/wp\/v2\/posts\/48591\/revisions\/48593"}],"wp:featuredmedia":[{"embeddable":true,"href":"https:\/\/www.portalalerta.com.br\/index.php\/wp-json\/wp\/v2\/media\/48592"}],"wp:attachment":[{"href":"https:\/\/www.portalalerta.com.br\/index.php\/wp-json\/wp\/v2\/media?parent=48591"}],"wp:term":[{"taxonomy":"category","embeddable":true,"href":"https:\/\/www.portalalerta.com.br\/index.php\/wp-json\/wp\/v2\/categories?post=48591"},{"taxonomy":"post_tag","embeddable":true,"href":"https:\/\/www.portalalerta.com.br\/index.php\/wp-json\/wp\/v2\/tags?post=48591"}],"curies":[{"name":"wp","href":"https:\/\/api.w.org\/{rel}","templated":true}]}}