{"id":48594,"date":"2023-04-22T18:42:38","date_gmt":"2023-04-22T21:42:38","guid":{"rendered":"https:\/\/www.portalalerta.com.br\/?p=48594"},"modified":"2023-04-22T18:42:39","modified_gmt":"2023-04-22T21:42:39","slug":"em-portugal-lula-recebe-convite-para-ir-a-ucrania-e-diz-que-enviara-assessor-especial","status":"publish","type":"post","link":"https:\/\/www.portalalerta.com.br\/index.php\/2023\/04\/22\/em-portugal-lula-recebe-convite-para-ir-a-ucrania-e-diz-que-enviara-assessor-especial\/","title":{"rendered":"Em Portugal, Lula recebe convite para ir \u00e0 Ucr\u00e2nia e diz que enviar\u00e1 assessor especial"},"content":{"rendered":"\n<p><strong>Ministro da Secretaria-Geral da Presid\u00eancia,&nbsp;M\u00e1rcio Mac\u00eado, disse que petista recebeu uma carta com pedido para intervir na guerra<\/strong><\/p>\n\n\n\n<!--more-->\n\n\n\n<p>O ministro da Secretaria-Geral da Presid\u00eancia da Rep\u00fablica, M\u00e1rcio Mac\u00eado, disse que o\u00a0presidente Luiz In\u00e1cio Lula da Silva (PT)\u00a0afirmou que vai enviar \u00e0 Ucr\u00e2nia o assessor especial da Presid\u00eancia para assuntos internacionais, o ex-chanceler Celso Amorim.<\/p>\n\n\n\n<p>De acordo com Mac\u00eado, a promessa do presidente foi feita ap\u00f3s uma reuni\u00e3o na Embaixada do Brasil em Portugal entre o ministro e ucranianos. Na ocasi\u00e3o, eles entregaram uma carta em que convidam Lula&nbsp;a ir ao pa\u00eds europeu e pedem ao petista que fa\u00e7a uma interven\u00e7\u00e3o no conflito.<\/p>\n\n\n<div class=\"wp-block-image\">\n<figure class=\"alignleft size-full is-resized\"><img fetchpriority=\"high\" decoding=\"async\" src=\"https:\/\/www.portalalerta.com.br\/wp-content\/uploads\/2022\/03\/Cred-Real.1.jpg\" alt=\"\" class=\"wp-image-41523\" width=\"421\" height=\"337\" srcset=\"https:\/\/www.portalalerta.com.br\/wp-content\/uploads\/2022\/03\/Cred-Real.1.jpg 500w, https:\/\/www.portalalerta.com.br\/wp-content\/uploads\/2022\/03\/Cred-Real.1-300x240.jpg 300w, https:\/\/www.portalalerta.com.br\/wp-content\/uploads\/2022\/03\/Cred-Real.1-183x146.jpg 183w, https:\/\/www.portalalerta.com.br\/wp-content\/uploads\/2022\/03\/Cred-Real.1-50x40.jpg 50w, https:\/\/www.portalalerta.com.br\/wp-content\/uploads\/2022\/03\/Cred-Real.1-94x75.jpg 94w\" sizes=\"(max-width: 421px) 100vw, 421px\" \/><\/figure><\/div>\n\n\n<p><strong><em>&#8220;O presidente Lula determinou e me orientou que dissesse que o assessor especial da Presid\u00eancia da Rep\u00fablica para assuntos internacionais, o\u00a0ex-chanceler Celso Amorim, vai visitar a Ucr\u00e2nia&#8221;<\/em><\/strong>, afirmou.\u00a0Ainda n\u00e3o h\u00e1 data prevista para a viagem.<\/p>\n\n\n\n<p><strong><em>&#8220;O presidente Lula determinou que eu os recebesse, e n\u00f3s conversamos. Explicitei bem qual \u00e9 a posi\u00e7\u00e3o do governo brasileiro e a do presidente. A posi\u00e7\u00e3o do Brasil e do presidente \u00e9 pela paz. O presidente vai trabalhar para unir outros pa\u00edses em busca de uma alternativa para acabar com esse conflito&#8221;,<\/em><\/strong> afirmou o ministro.<\/p>\n\n\n\n<p>O encontro ocorreu seis dias ap\u00f3s Lula ter afirmado, em Abu Dhabi, capital dos Emirados \u00c1rabes Unidos, que\u00a0os EUA e a Europa contribuem para o prolongamento da guerra na Ucr\u00e2nia\u00a0e defendido a cria\u00e7\u00e3o de uma esp\u00e9cie de G20 para restabelecer a paz.<\/p>\n\n\n\n<p>No dia seguinte, a Casa Branca criticou o posicionamento do presidente brasileiro e afirmou que\u00a0o Brasil est\u00e1 &#8220;papagueando&#8221; o discurso adotado pela R\u00fassia\u00a0para negar que tem culpa pelo conflito.<\/p>\n\n\n\n<p>Questionado sobre a fala de Lula de que a Europa e os Estados Unidos estariam ajudando a prolongar a guerra, M\u00e1rcio Mac\u00eado disse que o Brasil respeita a posi\u00e7\u00e3o dos pa\u00edses europeus mas ocupa uma posi\u00e7\u00e3o de neutralidade.<\/p>\n\n\n\n<p>Confrontado com a fala do\u00a0presidente dos Estados Unidos, Joe Biden, de que o Brasil teria deixado a posi\u00e7\u00e3o de neutralidade com a afirma\u00e7\u00e3o, Mac\u00eado disse se tratar de uma &#8220;interpreta\u00e7\u00e3o&#8221;.<\/p>\n\n\n\n<p><strong><em>&#8220;Se o Brasil tomar partido, perder\u00e1 a oportunidade de encontrar pares e pa\u00edses para um caminho para a paz. O Brasil assina a resolu\u00e7\u00e3o da ONU [Organiza\u00e7\u00e3o das Na\u00e7\u00f5es Unidas], que condena a invas\u00e3o de um pa\u00eds por outro&#8221;<\/em><\/strong>, afirmou o ministro.<\/p>\n\n\n\n<p><em>Fonte: R7<\/em><\/p>\n","protected":false},"excerpt":{"rendered":"<p>Ministro da Secretaria-Geral da Presid\u00eancia,&nbsp;M\u00e1rcio Mac\u00eado, disse que petista recebeu uma carta com pedido para intervir na guerra<\/p>\n","protected":false},"author":2,"featured_media":48595,"comment_status":"open","ping_status":"open","sticky":false,"template":"","format":"standard","meta":{"om_disable_all_campaigns":false,"_monsterinsights_skip_tracking":false,"_monsterinsights_sitenote_active":false,"_monsterinsights_sitenote_note":"","_monsterinsights_sitenote_category":0,"footnotes":""},"categories":[34,70,35,69,21],"tags":[100,71,48,93,6045,75,4178,4180,129,107,4181,132,230,339,106,203,120,51,1049,109,88,47,111,190,3331],"class_list":["post-48594","post","type-post","status-publish","format-standard","has-post-thumbnail","hentry","category-brasil","category-destaques","category-mundo","category-noticias2","category-politica","tag-adustina","tag-antas","tag-araci","tag-brasil","tag-celso-amorim","tag-cicero-dantas","tag-cipo-2","tag-crisopolis-2","tag-euclides-da-cunha","tag-fatima","tag-heliopolis-2","tag-itapicuru","tag-jeremoabo","tag-mundo","tag-nova-soure","tag-novo-triunfo","tag-olindina","tag-paripiranga","tag-portugal","tag-quijingue","tag-ribeira-do-amparo","tag-ribeira-do-pombal","tag-sitio-do-quinto","tag-tucano","tag-ucrania"],"aioseo_notices":[],"_links":{"self":[{"href":"https:\/\/www.portalalerta.com.br\/index.php\/wp-json\/wp\/v2\/posts\/48594","targetHints":{"allow":["GET"]}}],"collection":[{"href":"https:\/\/www.portalalerta.com.br\/index.php\/wp-json\/wp\/v2\/posts"}],"about":[{"href":"https:\/\/www.portalalerta.com.br\/index.php\/wp-json\/wp\/v2\/types\/post"}],"author":[{"embeddable":true,"href":"https:\/\/www.portalalerta.com.br\/index.php\/wp-json\/wp\/v2\/users\/2"}],"replies":[{"embeddable":true,"href":"https:\/\/www.portalalerta.com.br\/index.php\/wp-json\/wp\/v2\/comments?post=48594"}],"version-history":[{"count":1,"href":"https:\/\/www.portalalerta.com.br\/index.php\/wp-json\/wp\/v2\/posts\/48594\/revisions"}],"predecessor-version":[{"id":48596,"href":"https:\/\/www.portalalerta.com.br\/index.php\/wp-json\/wp\/v2\/posts\/48594\/revisions\/48596"}],"wp:featuredmedia":[{"embeddable":true,"href":"https:\/\/www.portalalerta.com.br\/index.php\/wp-json\/wp\/v2\/media\/48595"}],"wp:attachment":[{"href":"https:\/\/www.portalalerta.com.br\/index.php\/wp-json\/wp\/v2\/media?parent=48594"}],"wp:term":[{"taxonomy":"category","embeddable":true,"href":"https:\/\/www.portalalerta.com.br\/index.php\/wp-json\/wp\/v2\/categories?post=48594"},{"taxonomy":"post_tag","embeddable":true,"href":"https:\/\/www.portalalerta.com.br\/index.php\/wp-json\/wp\/v2\/tags?post=48594"}],"curies":[{"name":"wp","href":"https:\/\/api.w.org\/{rel}","templated":true}]}}