{"id":48600,"date":"2023-04-22T19:13:03","date_gmt":"2023-04-22T22:13:03","guid":{"rendered":"https:\/\/www.portalalerta.com.br\/?p=48600"},"modified":"2023-04-22T19:13:04","modified_gmt":"2023-04-22T22:13:04","slug":"desembargador-do-trf-4-pede-afastamento-de-processos-da-lava-jato","status":"publish","type":"post","link":"https:\/\/www.portalalerta.com.br\/index.php\/2023\/04\/22\/desembargador-do-trf-4-pede-afastamento-de-processos-da-lava-jato\/","title":{"rendered":"Desembargador do TRF-4 pede afastamento de processos da Lava Jato"},"content":{"rendered":"\n<p><strong>Malucelli disse&nbsp;que&nbsp;a decis\u00e3o tem natureza de cunho estritamente&nbsp;pessoal e \u00e9 prerrogativa do magistrado<\/strong><\/p>\n\n\n\n<!--more-->\n\n\n\n<p>O desembargador Marcelo Malucelli, do Tribunal Regional Federal da 4\u00aa Regi\u00e3o (TRF-4), pediu o afastamento dos processos que envolvem o advogado Rodrigo Tacla Duran e a Opera\u00e7\u00e3o Lava Jato.<br><br>Segundo o magistrado, a declara\u00e7\u00e3o de suspei\u00e7\u00e3o por motivo de foro \u00edntimo \u00e9 dotada de imunidade constitucional.<\/p>\n\n\n<div class=\"wp-block-image\">\n<figure class=\"alignleft size-full is-resized\"><img fetchpriority=\"high\" decoding=\"async\" src=\"https:\/\/www.portalalerta.com.br\/wp-content\/uploads\/2021\/04\/ELAB.jpg\" alt=\"\" class=\"wp-image-34795\" width=\"462\" height=\"369\" srcset=\"https:\/\/www.portalalerta.com.br\/wp-content\/uploads\/2021\/04\/ELAB.jpg 1000w, https:\/\/www.portalalerta.com.br\/wp-content\/uploads\/2021\/04\/ELAB-300x240.jpg 300w, https:\/\/www.portalalerta.com.br\/wp-content\/uploads\/2021\/04\/ELAB-768x614.jpg 768w, https:\/\/www.portalalerta.com.br\/wp-content\/uploads\/2021\/04\/ELAB-183x146.jpg 183w, https:\/\/www.portalalerta.com.br\/wp-content\/uploads\/2021\/04\/ELAB-50x40.jpg 50w, https:\/\/www.portalalerta.com.br\/wp-content\/uploads\/2021\/04\/ELAB-94x75.jpg 94w\" sizes=\"(max-width: 462px) 100vw, 462px\" \/><\/figure><\/div>\n\n\n<p><strong><em>&#8220;Ante a ocorr\u00eancia de circunst\u00e2ncias posteriores \u00e0 data em que assumi os processos oriundos da presente opera\u00e7\u00e3o (em tr\u00e2mite junto ao Ju\u00edzo Federal da 13\u00aa Vara Federal de Curitiba\/PR) e que se relacionam com a integridade f\u00edsica e moral de membros da minha fam\u00edlia, declaro minha suspei\u00e7\u00e3o superveniente, por motivo de foro \u00edntimo, para atuar neste e em todos os demais processos relacionados por preven\u00e7\u00e3o, a partir desta data&#8221;<\/em><\/strong>, disse em trecho do documento.&nbsp;<\/p>\n\n\n\n<p>Em 11 de abril,&nbsp;o desembargador restabeleceu a pris\u00e3o preventiva do advogado Tacla Duran, que havia sido revogada pelo juiz Eduardo Appio, da 13\u00aa Vara Federal de Curitiba. A decis\u00e3o veio ap\u00f3s o ministro Ricardo Lewandowski, do STF, ter suspendido as duas a\u00e7\u00f5es penais contra Tacla Duran.<\/p>\n\n\n\n<p>O desembargador \u00e9 pai do advogado Jo\u00e3o Eduardo Malucelli, que \u00e9 s\u00f3cio do ex-juiz Sergio Moro em um escrit\u00f3rio de advocacia e namorado da filha mais velha dele.<\/p>\n\n\n\n<p><em>Fonte: R7<\/em><\/p>\n","protected":false},"excerpt":{"rendered":"<p>Malucelli disse&nbsp;que&nbsp;a decis\u00e3o tem natureza de cunho estritamente&nbsp;pessoal e \u00e9 prerrogativa do magistrado<\/p>\n","protected":false},"author":2,"featured_media":48601,"comment_status":"open","ping_status":"open","sticky":false,"template":"","format":"standard","meta":{"om_disable_all_campaigns":false,"_monsterinsights_skip_tracking":false,"_monsterinsights_sitenote_active":false,"_monsterinsights_sitenote_note":"","_monsterinsights_sitenote_category":0,"footnotes":""},"categories":[34,70,69,21],"tags":[100,1120,71,48,93,75,4178,4180,417,129,107,4181,132,230,247,106,203,120,51,199,109,88,47,111,484],"class_list":["post-48600","post","type-post","status-publish","format-standard","has-post-thumbnail","hentry","category-brasil","category-destaques","category-noticias2","category-politica","tag-adustina","tag-afastamento","tag-antas","tag-araci","tag-brasil","tag-cicero-dantas","tag-cipo-2","tag-crisopolis-2","tag-desembargador","tag-euclides-da-cunha","tag-fatima","tag-heliopolis-2","tag-itapicuru","tag-jeremoabo","tag-lava-jato","tag-nova-soure","tag-novo-triunfo","tag-olindina","tag-paripiranga","tag-politica","tag-quijingue","tag-ribeira-do-amparo","tag-ribeira-do-pombal","tag-sitio-do-quinto","tag-trf"],"aioseo_notices":[],"_links":{"self":[{"href":"https:\/\/www.portalalerta.com.br\/index.php\/wp-json\/wp\/v2\/posts\/48600","targetHints":{"allow":["GET"]}}],"collection":[{"href":"https:\/\/www.portalalerta.com.br\/index.php\/wp-json\/wp\/v2\/posts"}],"about":[{"href":"https:\/\/www.portalalerta.com.br\/index.php\/wp-json\/wp\/v2\/types\/post"}],"author":[{"embeddable":true,"href":"https:\/\/www.portalalerta.com.br\/index.php\/wp-json\/wp\/v2\/users\/2"}],"replies":[{"embeddable":true,"href":"https:\/\/www.portalalerta.com.br\/index.php\/wp-json\/wp\/v2\/comments?post=48600"}],"version-history":[{"count":1,"href":"https:\/\/www.portalalerta.com.br\/index.php\/wp-json\/wp\/v2\/posts\/48600\/revisions"}],"predecessor-version":[{"id":48602,"href":"https:\/\/www.portalalerta.com.br\/index.php\/wp-json\/wp\/v2\/posts\/48600\/revisions\/48602"}],"wp:featuredmedia":[{"embeddable":true,"href":"https:\/\/www.portalalerta.com.br\/index.php\/wp-json\/wp\/v2\/media\/48601"}],"wp:attachment":[{"href":"https:\/\/www.portalalerta.com.br\/index.php\/wp-json\/wp\/v2\/media?parent=48600"}],"wp:term":[{"taxonomy":"category","embeddable":true,"href":"https:\/\/www.portalalerta.com.br\/index.php\/wp-json\/wp\/v2\/categories?post=48600"},{"taxonomy":"post_tag","embeddable":true,"href":"https:\/\/www.portalalerta.com.br\/index.php\/wp-json\/wp\/v2\/tags?post=48600"}],"curies":[{"name":"wp","href":"https:\/\/api.w.org\/{rel}","templated":true}]}}