{"id":48603,"date":"2023-04-22T19:18:45","date_gmt":"2023-04-22T22:18:45","guid":{"rendered":"https:\/\/www.portalalerta.com.br\/?p=48603"},"modified":"2023-04-22T19:40:25","modified_gmt":"2023-04-22T22:40:25","slug":"camara-dos-deputados-abre-enquete-para-discutir-projeto-de-lei-que-autoriza-criacao-da-universidade-federal-do-nordeste-da-bahia-vote","status":"publish","type":"post","link":"https:\/\/www.portalalerta.com.br\/index.php\/2023\/04\/22\/camara-dos-deputados-abre-enquete-para-discutir-projeto-de-lei-que-autoriza-criacao-da-universidade-federal-do-nordeste-da-bahia-vote\/","title":{"rendered":"C\u00e2mara dos Deputados abre enquete para discutir Projeto de Lei que autoriza cria\u00e7\u00e3o da Universidade Federal do Nordeste da Bahia. Vote!"},"content":{"rendered":"\n<p>A cria\u00e7\u00e3o da Universidade Federal do Nordeste da Bahia &#8211; UFNB, ganhou um novo cap\u00edtulo na \u00faltima semana, ap\u00f3s o Projeto de Lei 1800\/2023, de autoria do Deputado Federal Ricardo Maia, que autoriza o Poder Executivo a criar a referida Universidade.<\/p>\n\n\n\n<!--more-->\n\n\n<div class=\"wp-block-image\">\n<figure class=\"alignleft size-full\"><img fetchpriority=\"high\" decoding=\"async\" width=\"400\" height=\"300\" src=\"https:\/\/www.portalalerta.com.br\/wp-content\/uploads\/2023\/01\/Auto-Escola-Sonho.jpg\" alt=\"\" class=\"wp-image-47083\" srcset=\"https:\/\/www.portalalerta.com.br\/wp-content\/uploads\/2023\/01\/Auto-Escola-Sonho.jpg 400w, https:\/\/www.portalalerta.com.br\/wp-content\/uploads\/2023\/01\/Auto-Escola-Sonho-320x240.jpg 320w\" sizes=\"(max-width: 400px) 100vw, 400px\" \/><\/figure><\/div>\n\n\n<p>A UFNB \u00e9 um sonho que originou em meados de 2012, nos moradores de aproximadamente 70 munic\u00edpios, que comp\u00f5em os territ\u00f3rios do Litoral Norte, agreste baiano, Sisal, Semi\u00e1rido Nordeste II, e Bacia do Jacu\u00edpe. A cria\u00e7\u00e3o desta Universidade visa promover o ensino, a pesquisa e a extens\u00e3o de \u00e1reas de conhecimentos estrat\u00e9gicos para o desenvolvimento das regi\u00f5es em quest\u00e3o.<\/p>\n\n\n\n<p>Vale ressaltar que o referido Projeto de Lei tem car\u00e1ter orientador, e mesmo sendo aprovado pela Casa Legislativa, depender\u00e1 do Poder Executivo a cria\u00e7\u00e3o da t\u00e3o sonhada Universidade.<\/p>\n\n\n\n<p>Desta forma, a C\u00e2mara dos Deputados abriu uma enquete querendo ouvir a popula\u00e7\u00e3o sobre a cria\u00e7\u00e3o da UFNB. Clique <strong><a href=\"https:\/\/forms.camara.leg.br\/ex\/enquetes\/2355754\/posicionamentos\">AQUI<\/a><\/strong> e vote!<\/p>\n\n\n\n<p><em>Reda\u00e7\u00e3o: Portal Alerta &nbsp;<\/em><\/p>\n","protected":false},"excerpt":{"rendered":"<p>A cria\u00e7\u00e3o da Universidade Federal do Nordeste da Bahia &#8211; UFNB, ganhou um novo cap\u00edtulo na \u00faltima semana, ap\u00f3s o Projeto de Lei 1800\/2023, de autoria do Deputado Federal Ricardo Maia, que autoriza o Poder Executivo a criar a referida Universidade.<\/p>\n","protected":false},"author":2,"featured_media":48604,"comment_status":"open","ping_status":"open","sticky":false,"template":"","format":"standard","meta":{"om_disable_all_campaigns":false,"_monsterinsights_skip_tracking":false,"_monsterinsights_sitenote_active":false,"_monsterinsights_sitenote_note":"","_monsterinsights_sitenote_category":0,"footnotes":""},"categories":[40,5,41,33,39,4,13,42,70,20,17,10,6,18,9,69,14,8,15,11,21,43,32,16,3,7,12],"tags":[100,71,48,54,186,75,4178,4180,129,107,4181,132,230,106,203,120,51,731,109,88,47,111,190,5845],"class_list":["post-48603","post","type-post","status-publish","format-standard","has-post-thumbnail","hentry","category-adustina","category-antas","category-araci","category-bahia","category-banzae","category-cicero-dantas","category-cipo","category-crisopolis","category-destaques","category-educacao","category-euclides-da-cunha","category-fatima","category-heliopolis","category-itapicuru","category-jeremoabo","category-noticias2","category-nova-soure","category-novo-triunfo","category-olindina","category-paripiranga","category-politica","category-quijingue","category-regiao","category-ribeira-do-amparo","category-ribeira-do-pombal","category-sitio-do-quinto","category-tucano","tag-adustina","tag-antas","tag-araci","tag-bahia","tag-camara-dos-deputados","tag-cicero-dantas","tag-cipo-2","tag-crisopolis-2","tag-euclides-da-cunha","tag-fatima","tag-heliopolis-2","tag-itapicuru","tag-jeremoabo","tag-nova-soure","tag-novo-triunfo","tag-olindina","tag-paripiranga","tag-projeto-de-lei","tag-quijingue","tag-ribeira-do-amparo","tag-ribeira-do-pombal","tag-sitio-do-quinto","tag-tucano","tag-ufnb"],"aioseo_notices":[],"_links":{"self":[{"href":"https:\/\/www.portalalerta.com.br\/index.php\/wp-json\/wp\/v2\/posts\/48603","targetHints":{"allow":["GET"]}}],"collection":[{"href":"https:\/\/www.portalalerta.com.br\/index.php\/wp-json\/wp\/v2\/posts"}],"about":[{"href":"https:\/\/www.portalalerta.com.br\/index.php\/wp-json\/wp\/v2\/types\/post"}],"author":[{"embeddable":true,"href":"https:\/\/www.portalalerta.com.br\/index.php\/wp-json\/wp\/v2\/users\/2"}],"replies":[{"embeddable":true,"href":"https:\/\/www.portalalerta.com.br\/index.php\/wp-json\/wp\/v2\/comments?post=48603"}],"version-history":[{"count":3,"href":"https:\/\/www.portalalerta.com.br\/index.php\/wp-json\/wp\/v2\/posts\/48603\/revisions"}],"predecessor-version":[{"id":48610,"href":"https:\/\/www.portalalerta.com.br\/index.php\/wp-json\/wp\/v2\/posts\/48603\/revisions\/48610"}],"wp:featuredmedia":[{"embeddable":true,"href":"https:\/\/www.portalalerta.com.br\/index.php\/wp-json\/wp\/v2\/media\/48604"}],"wp:attachment":[{"href":"https:\/\/www.portalalerta.com.br\/index.php\/wp-json\/wp\/v2\/media?parent=48603"}],"wp:term":[{"taxonomy":"category","embeddable":true,"href":"https:\/\/www.portalalerta.com.br\/index.php\/wp-json\/wp\/v2\/categories?post=48603"},{"taxonomy":"post_tag","embeddable":true,"href":"https:\/\/www.portalalerta.com.br\/index.php\/wp-json\/wp\/v2\/tags?post=48603"}],"curies":[{"name":"wp","href":"https:\/\/api.w.org\/{rel}","templated":true}]}}