{"id":48606,"date":"2023-04-22T19:26:06","date_gmt":"2023-04-22T22:26:06","guid":{"rendered":"https:\/\/www.portalalerta.com.br\/?p=48606"},"modified":"2023-04-22T19:26:08","modified_gmt":"2023-04-22T22:26:08","slug":"lula-anuncia-abertura-de-escritorio-da-apex-em-lisboa","status":"publish","type":"post","link":"https:\/\/www.portalalerta.com.br\/index.php\/2023\/04\/22\/lula-anuncia-abertura-de-escritorio-da-apex-em-lisboa\/","title":{"rendered":"Lula anuncia abertura de escrit\u00f3rio da Apex em Lisboa"},"content":{"rendered":"\n<p><em>Ao todo, 13 acordos foram assinados entre Brasil e Portugal<\/em><\/p>\n\n\n\n<!--more-->\n\n\n\n<p>O presidente Luiz In\u00e1cio Lula da Silva anunciou&nbsp;neste s\u00e1bado (22) a instala\u00e7\u00e3o de um escrit\u00f3rio da Ag\u00eancia Brasileira de Promo\u00e7\u00e3o de Exporta\u00e7\u00f5es e Investimentos (ApexBrasil) em Lisboa.<\/p>\n\n\n<div class=\"wp-block-image\">\n<figure class=\"alignleft size-full is-resized\"><img fetchpriority=\"high\" decoding=\"async\" src=\"https:\/\/www.portalalerta.com.br\/wp-content\/uploads\/2022\/03\/Cred-Real.1.jpg\" alt=\"\" class=\"wp-image-41523\" width=\"393\" height=\"314\" srcset=\"https:\/\/www.portalalerta.com.br\/wp-content\/uploads\/2022\/03\/Cred-Real.1.jpg 500w, https:\/\/www.portalalerta.com.br\/wp-content\/uploads\/2022\/03\/Cred-Real.1-300x240.jpg 300w, https:\/\/www.portalalerta.com.br\/wp-content\/uploads\/2022\/03\/Cred-Real.1-183x146.jpg 183w, https:\/\/www.portalalerta.com.br\/wp-content\/uploads\/2022\/03\/Cred-Real.1-50x40.jpg 50w, https:\/\/www.portalalerta.com.br\/wp-content\/uploads\/2022\/03\/Cred-Real.1-94x75.jpg 94w\" sizes=\"(max-width: 393px) 100vw, 393px\" \/><\/figure><\/div>\n\n\n<p>Segundo o presidente, a medida vai <strong><em>&#8220;mostrar a seriedade da rela\u00e7\u00e3o entre Brasil e Portugal\u201d<\/em><\/strong>. A declara\u00e7\u00e3o foi feita na&nbsp;XIII Cimeira Brasil-Portugal, evento realizado em Lisboa com o objetivo de estreitar a coopera\u00e7\u00e3o bilateral entre os dois pa\u00edses.<\/p>\n\n\n\n<p>A solenidade contou com a participa\u00e7\u00e3o do primeiro-ministro de Portugal, Ant\u00f3nio Costa, e\u00a0foram assinados\u00a013 acordos\u00a0nas \u00e1reas de educa\u00e7\u00e3o, justi\u00e7a, sa\u00fade, economia e cultura. Lula\u00a0destacou a import\u00e2ncia da assinatura dos acordos bilaterais, ap\u00f3s sete\u00a0anos de interrup\u00e7\u00e3o da Cimeira Brasil-Portugal.\u00a0<\/p>\n\n\n\n<p><strong>Integra\u00e7\u00e3o&nbsp;<\/strong><\/p>\n\n\n\n<p>Na \u00e1rea de educa\u00e7\u00e3o, foi assinado acordo que estabelece o enquadramento jur\u00eddico da concess\u00e3o de equival\u00eancia de estudos no Brasil (ensino fundamental e m\u00e9dio) e em Portugal (ensino b\u00e1sico e secund\u00e1rio), para promover uma adequada integra\u00e7\u00e3o escolar dos dois pa\u00edses. Outro acordo na \u00e1rea da educa\u00e7\u00e3o prev\u00ea a cria\u00e7\u00e3o da Escola Portuguesa de S\u00e3o Paulo.&nbsp;<\/p>\n\n\n\n<p>Os dois chefes de governo reafirmaram o compromisso, ao n\u00edvel da\u00a0Sa\u00fade P\u00fablica, para o desenvolvimento e inova\u00e7\u00e3o nas \u00e1reas da Sa\u00fade e Biotecnologia, <strong><em>\u201ccom especial enfoque na vigil\u00e2ncia epidemiol\u00f3gica, na prepara\u00e7\u00e3o e resposta a emerg\u00eancias em sa\u00fade p\u00fablica, na sa\u00fade digital, e no desenvolvimento e produ\u00e7\u00e3o de equipamentos para a sa\u00fade\u201d<\/em><\/strong>. \u00a0\u00a0<\/p>\n\n\n\n<p>No campo dos\u00a0direitos humanos, foram dois termos: um para a prote\u00e7\u00e3o de testemunhas em processo penal e outro que institui boas pr\u00e1ticas na promo\u00e7\u00e3o e defesa dos direitos das pessoas com defici\u00eancia.\u00a0<\/p>\n\n\n\n<p>A Ag\u00eancia Espacial Portuguesa e a Ag\u00eancia Espacial Brasileira firmaram&nbsp;coopera\u00e7\u00e3o de uso pac\u00edfico do espa\u00e7o, ci\u00eancias espaciais e tecnologias.&nbsp;<\/p>\n\n\n\n<p>Os ministros da Cultura de Portugal e do Brasil assinaram ainda um memorando de entendimento na \u00e1rea do cinema, com a participa\u00e7\u00e3o da Ag\u00eancia Nacional do Cinema (Ancine), com foco na promo\u00e7\u00e3o da produ\u00e7\u00e3o cinematogr\u00e1fica de Portugal e do Brasil, atrav\u00e9s do cofinanciamento de projetos dos dois pa\u00edses.&nbsp;<\/p>\n\n\n\n<p>Os dois pa\u00edses tamb\u00e9m assinaram memorando de entendimento para promover o reconhecimento m\u00fatuo de t\u00edtulos de condu\u00e7\u00e3o (carteira de motorista). Tamb\u00e9m foram assinados memorandos nas \u00e1reas de Energia, Geologia e Minas, al\u00e9m da coopera\u00e7\u00e3o entre a\u00a0Empresa Brasil de Comunica\u00e7\u00e3o (EBC)\u00a0e Ag\u00eancia Lusa.\u00a0<\/p>\n\n\n\n<p><em>Fonte: Ag\u00eancia Brasil<\/em><\/p>\n","protected":false},"excerpt":{"rendered":"<p>Ao todo, 13 acordos foram assinados entre Brasil e Portugal<\/p>\n","protected":false},"author":2,"featured_media":48607,"comment_status":"open","ping_status":"open","sticky":false,"template":"","format":"standard","meta":{"om_disable_all_campaigns":false,"_monsterinsights_skip_tracking":false,"_monsterinsights_sitenote_active":false,"_monsterinsights_sitenote_note":"","_monsterinsights_sitenote_category":0,"footnotes":""},"categories":[34,70,35,69,21],"tags":[100,71,6046,48,93,75,4178,4180,129,107,4181,132,230,106,203,120,51,1049,109,88,47,111,190],"class_list":["post-48606","post","type-post","status-publish","format-standard","has-post-thumbnail","hentry","category-brasil","category-destaques","category-mundo","category-noticias2","category-politica","tag-adustina","tag-antas","tag-apex","tag-araci","tag-brasil","tag-cicero-dantas","tag-cipo-2","tag-crisopolis-2","tag-euclides-da-cunha","tag-fatima","tag-heliopolis-2","tag-itapicuru","tag-jeremoabo","tag-nova-soure","tag-novo-triunfo","tag-olindina","tag-paripiranga","tag-portugal","tag-quijingue","tag-ribeira-do-amparo","tag-ribeira-do-pombal","tag-sitio-do-quinto","tag-tucano"],"aioseo_notices":[],"_links":{"self":[{"href":"https:\/\/www.portalalerta.com.br\/index.php\/wp-json\/wp\/v2\/posts\/48606","targetHints":{"allow":["GET"]}}],"collection":[{"href":"https:\/\/www.portalalerta.com.br\/index.php\/wp-json\/wp\/v2\/posts"}],"about":[{"href":"https:\/\/www.portalalerta.com.br\/index.php\/wp-json\/wp\/v2\/types\/post"}],"author":[{"embeddable":true,"href":"https:\/\/www.portalalerta.com.br\/index.php\/wp-json\/wp\/v2\/users\/2"}],"replies":[{"embeddable":true,"href":"https:\/\/www.portalalerta.com.br\/index.php\/wp-json\/wp\/v2\/comments?post=48606"}],"version-history":[{"count":1,"href":"https:\/\/www.portalalerta.com.br\/index.php\/wp-json\/wp\/v2\/posts\/48606\/revisions"}],"predecessor-version":[{"id":48608,"href":"https:\/\/www.portalalerta.com.br\/index.php\/wp-json\/wp\/v2\/posts\/48606\/revisions\/48608"}],"wp:featuredmedia":[{"embeddable":true,"href":"https:\/\/www.portalalerta.com.br\/index.php\/wp-json\/wp\/v2\/media\/48607"}],"wp:attachment":[{"href":"https:\/\/www.portalalerta.com.br\/index.php\/wp-json\/wp\/v2\/media?parent=48606"}],"wp:term":[{"taxonomy":"category","embeddable":true,"href":"https:\/\/www.portalalerta.com.br\/index.php\/wp-json\/wp\/v2\/categories?post=48606"},{"taxonomy":"post_tag","embeddable":true,"href":"https:\/\/www.portalalerta.com.br\/index.php\/wp-json\/wp\/v2\/tags?post=48606"}],"curies":[{"name":"wp","href":"https:\/\/api.w.org\/{rel}","templated":true}]}}