{"id":48611,"date":"2023-04-24T07:00:00","date_gmt":"2023-04-24T10:00:00","guid":{"rendered":"https:\/\/www.portalalerta.com.br\/?p=48611"},"modified":"2023-04-23T20:48:53","modified_gmt":"2023-04-23T23:48:53","slug":"mudanca-na-lei-maria-da-penha-agiliza-concessao-de-medidas-protetivas","status":"publish","type":"post","link":"https:\/\/www.portalalerta.com.br\/index.php\/2023\/04\/24\/mudanca-na-lei-maria-da-penha-agiliza-concessao-de-medidas-protetivas\/","title":{"rendered":"Mudan\u00e7a na Lei Maria da Penha agiliza concess\u00e3o de medidas protetivas"},"content":{"rendered":"\n<p>O presidente Lula sancionou na \u00faltima quinta-feira (20) um projeto que altera a Lei Maria da Penha. A partir de agora, as mulheres t\u00eam mais rapidez em conseguir medidas protetivas.<\/p>\n\n\n\n<!--more-->\n\n\n\n<p>Depois de sofrer viol\u00eancia f\u00edsica e psicol\u00f3gica por v\u00e1rios anos, uma mulher deixou a casa onde vivia com o ex-companheiro s\u00f3 com a roupa do corpo e procurou a pol\u00edcia para garantir a pr\u00f3pria seguran\u00e7a. Mas ela n\u00e3o conseguiu a medida protetiva da primeira vez. O relato no Boletim de Ocorr\u00eancia n\u00e3o foi considerado suficiente.<\/p>\n\n\n<div class=\"wp-block-image\">\n<figure class=\"alignleft size-full is-resized\"><img fetchpriority=\"high\" decoding=\"async\" src=\"https:\/\/www.portalalerta.com.br\/wp-content\/uploads\/2022\/03\/Cred-Real.1.jpg\" alt=\"\" class=\"wp-image-41523\" width=\"398\" height=\"318\" srcset=\"https:\/\/www.portalalerta.com.br\/wp-content\/uploads\/2022\/03\/Cred-Real.1.jpg 500w, https:\/\/www.portalalerta.com.br\/wp-content\/uploads\/2022\/03\/Cred-Real.1-300x240.jpg 300w, https:\/\/www.portalalerta.com.br\/wp-content\/uploads\/2022\/03\/Cred-Real.1-183x146.jpg 183w, https:\/\/www.portalalerta.com.br\/wp-content\/uploads\/2022\/03\/Cred-Real.1-50x40.jpg 50w, https:\/\/www.portalalerta.com.br\/wp-content\/uploads\/2022\/03\/Cred-Real.1-94x75.jpg 94w\" sizes=\"(max-width: 398px) 100vw, 398px\" \/><\/figure><\/div>\n\n\n<p><strong><em>\u201cVoc\u00ea fica presa. Voc\u00ea \u00e9 a prisioneira. Porque voc\u00ea n\u00e3o pode sair na rua, voc\u00ea n\u00e3o tem o seu trabalho, voc\u00ea n\u00e3o tem a sua vida. Voc\u00ea p\u00f5e o p\u00e9 na rua de manh\u00e3 \u00e9 aquela sensa\u00e7\u00e3o de que voc\u00ea olha para os lados\u2026 Barulho de um carro, de uma moto, seu cora\u00e7\u00e3o trava\u201d<\/em><\/strong>, conta uma v\u00edtima.<\/p>\n\n\n\n<p>S\u00f3 com ajuda de um advogado ela conseguiu reunir as provas que foram pedidas, e o resultado demorou.<\/p>\n\n\n\n<p><strong><em>\u201cA prova, \u00e1udio, v\u00eddeo, foto, depoimento escrito. Foi um processo que come\u00e7ou no dia 18 do m\u00eas passado e a minha medida protetiva s\u00f3 saiu na semana passada. Essa \u00e9 a pior parte, porque eu sou a v\u00edtima ali\u201d<\/em><\/strong>, lamenta a mulher.<\/p>\n\n\n\n<p>As mudan\u00e7as sancionadas agora na Lei Maria da Penha s\u00e3o para evitar que casos como o dela se repitam e para que mulheres v\u00edtimas de viol\u00eancia dentro do ambiente familiar tenham maiores garantias de prote\u00e7\u00e3o.<\/p>\n\n\n\n<p>O novo texto prev\u00ea que a mulher ter\u00e1 direito \u00e0 concess\u00e3o da medida protetiva a partir do momento em que fizer a den\u00fancia \u00e0 pol\u00edcia ou apresentar as alega\u00e7\u00f5es por escrito para a Justi\u00e7a. A medida tamb\u00e9m n\u00e3o poder\u00e1 mais ter um prazo definido. Pelo novo texto, ela deve vigorar enquanto persistir o risco.<\/p>\n\n\n\n<p>Segundo a promotora de Justi\u00e7a Silvia Chakian, isso d\u00e1 mais import\u00e2ncia \u00e0 palavra da v\u00edtima.<\/p>\n\n\n\n<p><strong><em>\u201cEvita-se a exig\u00eancia de requisitos \u2013 muitas vezes imposs\u00edveis dessas mulheres conseguirem como comprova\u00e7\u00e3o por meio de um conjunto de provas robustas para conseguir a prote\u00e7\u00e3o legal. A ideia da lei \u00e9 fortalecer o aspecto protetivo acautelat\u00f3rio de frear a escalada da viol\u00eancia. Ent\u00e3o, isso \u00e9 bastante importante e evita-se com isso que essa medida protetiva esteja condicionada a uma investiga\u00e7\u00e3o, a um processo criminal, porque isso nem sempre \u00e9 poss\u00edvel\u201d<\/em><\/strong>, explica.<\/p>\n\n\n\n<p>A mulher tamb\u00e9m poder\u00e1 pedir a medida protetiva mesmo que n\u00e3o exista uma investiga\u00e7\u00e3o aberta, um processo na Justi\u00e7a ou mesmo um boletim de ocorr\u00eancia. E esse direito vale para todos os casos de viol\u00eancia contra a mulher no ambiente familiar, sem considerar a causa ou a motiva\u00e7\u00e3o das agress\u00f5es.<\/p>\n\n\n\n<p><strong><em>\u201cSe essa mulher n\u00e3o for at\u00e9 uma delegacia ou porque n\u00e3o aconteceu um crime, ela deve ir em uma defensoria p\u00fablica, por exemplo. Ela pode pedir a medida protetiva e quem ir\u00e1 pedir essa protetiva ser\u00e1 a defensoria p\u00fablica sem necessidade do registro de um B.O\u201d<\/em><\/strong>, conta a coordenadora das delegacias de Defesa da Mulher de SP, Jamila Jorge Ferrari.<em>Fonte: Not\u00edcias de SantaLuz<\/em><\/p>\n","protected":false},"excerpt":{"rendered":"<p>O presidente Lula sancionou na \u00faltima quinta-feira (20) um projeto que altera a Lei Maria da Penha. A partir de agora, as mulheres t\u00eam mais rapidez em conseguir medidas protetivas.<\/p>\n","protected":false},"author":2,"featured_media":30169,"comment_status":"open","ping_status":"open","sticky":false,"template":"","format":"standard","meta":{"om_disable_all_campaigns":false,"_monsterinsights_skip_tracking":false,"_monsterinsights_sitenote_active":false,"_monsterinsights_sitenote_note":"","_monsterinsights_sitenote_category":0,"footnotes":""},"categories":[34,70,69,22],"tags":[100,71,48,93,75,4178,4180,129,107,249,4181,132,230,4756,106,203,120,51,109,88,47,111,190],"class_list":["post-48611","post","type-post","status-publish","format-standard","has-post-thumbnail","hentry","category-brasil","category-destaques","category-noticias2","category-seguranca","tag-adustina","tag-antas","tag-araci","tag-brasil","tag-cicero-dantas","tag-cipo-2","tag-crisopolis-2","tag-euclides-da-cunha","tag-fatima","tag-governo-federal","tag-heliopolis-2","tag-itapicuru","tag-jeremoabo","tag-lei-maria-da-penha","tag-nova-soure","tag-novo-triunfo","tag-olindina","tag-paripiranga","tag-quijingue","tag-ribeira-do-amparo","tag-ribeira-do-pombal","tag-sitio-do-quinto","tag-tucano"],"aioseo_notices":[],"_links":{"self":[{"href":"https:\/\/www.portalalerta.com.br\/index.php\/wp-json\/wp\/v2\/posts\/48611","targetHints":{"allow":["GET"]}}],"collection":[{"href":"https:\/\/www.portalalerta.com.br\/index.php\/wp-json\/wp\/v2\/posts"}],"about":[{"href":"https:\/\/www.portalalerta.com.br\/index.php\/wp-json\/wp\/v2\/types\/post"}],"author":[{"embeddable":true,"href":"https:\/\/www.portalalerta.com.br\/index.php\/wp-json\/wp\/v2\/users\/2"}],"replies":[{"embeddable":true,"href":"https:\/\/www.portalalerta.com.br\/index.php\/wp-json\/wp\/v2\/comments?post=48611"}],"version-history":[{"count":1,"href":"https:\/\/www.portalalerta.com.br\/index.php\/wp-json\/wp\/v2\/posts\/48611\/revisions"}],"predecessor-version":[{"id":48612,"href":"https:\/\/www.portalalerta.com.br\/index.php\/wp-json\/wp\/v2\/posts\/48611\/revisions\/48612"}],"wp:featuredmedia":[{"embeddable":true,"href":"https:\/\/www.portalalerta.com.br\/index.php\/wp-json\/wp\/v2\/media\/30169"}],"wp:attachment":[{"href":"https:\/\/www.portalalerta.com.br\/index.php\/wp-json\/wp\/v2\/media?parent=48611"}],"wp:term":[{"taxonomy":"category","embeddable":true,"href":"https:\/\/www.portalalerta.com.br\/index.php\/wp-json\/wp\/v2\/categories?post=48611"},{"taxonomy":"post_tag","embeddable":true,"href":"https:\/\/www.portalalerta.com.br\/index.php\/wp-json\/wp\/v2\/tags?post=48611"}],"curies":[{"name":"wp","href":"https:\/\/api.w.org\/{rel}","templated":true}]}}