{"id":48615,"date":"2023-04-24T07:02:00","date_gmt":"2023-04-24T10:02:00","guid":{"rendered":"https:\/\/www.portalalerta.com.br\/?p=48615"},"modified":"2023-04-23T21:02:54","modified_gmt":"2023-04-24T00:02:54","slug":"com-temor-de-danos-no-congresso-governo-lula-condena-invasoes-mas-cede-cargos-ao-mst","status":"publish","type":"post","link":"https:\/\/www.portalalerta.com.br\/index.php\/2023\/04\/24\/com-temor-de-danos-no-congresso-governo-lula-condena-invasoes-mas-cede-cargos-ao-mst\/","title":{"rendered":"Com temor de danos no Congresso, governo Lula condena invas\u00f5es, mas cede cargos ao MST"},"content":{"rendered":"\n<p>Pressionado por novas invas\u00f5es do Movimento dos Trabalhadores Rurais Sem Terra (MST), seu aliado hist\u00f3rico e ativo na \u00faltima campanha eleitoral, o governo Lula cedeu ao grupo e trocou, nesta ter\u00e7a-feira, mais postos regionais do Instituto Nacional de Coloniza\u00e7\u00e3o e Reforma Agr\u00e1ria (Incra). Em p\u00fablico, por\u00e9m, ministros elevaram o tom contra o movimento e criticaram as a\u00e7\u00f5es, na tentativa de conter danos no Congresso. Respons\u00e1vel pela \u00e1rea, Paulo Teixeira (Desenvolvimento Agr\u00e1rio) condicionou a continuidade do programa de reforma agr\u00e1ria \u00e0 desocupa\u00e7\u00e3o das propriedades.<\/p>\n\n\n\n<!--more-->\n\n\n\n<p>Em paralelo, das 29 superintend\u00eancias do Incra, sete foram trocadas por nomes indicados por movimentos populares do campo de cada estado. As mudan\u00e7as foram publicadas no Di\u00e1rio Oficial da Uni\u00e3o. O governo j\u00e1 havia atendido em parte a reivindica\u00e7\u00e3o de substituir superintendentes nomeados durante o governo de Jair Bolsonaro.<\/p>\n\n\n<div class=\"wp-block-image\">\n<figure class=\"alignleft size-full\"><img fetchpriority=\"high\" decoding=\"async\" width=\"400\" height=\"300\" src=\"https:\/\/www.portalalerta.com.br\/wp-content\/uploads\/2023\/01\/Auto-Escola-Sonho.jpg\" alt=\"\" class=\"wp-image-47083\" srcset=\"https:\/\/www.portalalerta.com.br\/wp-content\/uploads\/2023\/01\/Auto-Escola-Sonho.jpg 400w, https:\/\/www.portalalerta.com.br\/wp-content\/uploads\/2023\/01\/Auto-Escola-Sonho-320x240.jpg 320w\" sizes=\"(max-width: 400px) 100vw, 400px\" \/><\/figure><\/div>\n\n\n<p>Nos \u00faltimos dias, o MST invadiu fazendas em Pernambuco, uma \u00e1rea da Empresa Brasileira de Pesquisa Agropecu\u00e1ria (Embrapa) no estado e outra da empresa Suzano no Esp\u00edrito Santo, al\u00e9m de ocupar sedes do Incra em 12 estados. Para dar uma resposta, o ministro Paulo Teixeira se posicionou pela desocupa\u00e7\u00e3o das terras.<\/p>\n\n\n\n<p><strong><em>\u201cA minha opini\u00e3o \u00e9 que essa jornada de luta j\u00e1 acabou. Estamos pedindo as retiradas, para prosseguir o programa de reforma agr\u00e1ria. O nosso condicionante \u00e9 esse. O governo j\u00e1 tem compromisso com a reforma agr\u00e1ria. Tem programas a apresentar. E sse tipo de a\u00e7\u00e3o nessa dire\u00e7\u00e3o n\u00e3o muda nada\u201d<\/em><\/strong>, afirmou ao GLOBO.<\/p>\n\n\n\n<p>De acordo com aliados de Lula, o presidente vem afirmando que \u00e9 contra invas\u00f5es de terras produtivas. Segundo relatos, o petista chegou a afirmar que, se o governo \u00e9 contra invas\u00f5es ao Pal\u00e1cio do Planalto, ao Congresso e ao Supremo Tribunal Federal (STF), em refer\u00eancia aos atos golpistas de 8 de janeiro, ser\u00e1 contra a ocupa\u00e7\u00e3o de \u00e1reas privadas e produtivas. O petista, contudo, n\u00e3o pretende se manifestar publicamente.<\/p>\n\n\n\n<p>A falta de posicionamento mais contundente poder\u00e1 criar obst\u00e1culos no Legislativo. Integrantes de partidos da base aliada afirmam que as bandeiras do MST n\u00e3o t\u00eam respaldo em diversas legendas, o que pode refletir em constrangimentos.<\/p>\n\n\n\n<p>O deputado Evair de Melo (PP-ES), um dos vice-presidentes da Frente Parlamentar da Agropecu\u00e1ria (FPA), chegou a protocolar na Procuradoria-Geral da Rep\u00fablica (PGR) um pedido de pris\u00e3o de Jo\u00e3o Pedro St\u00e9dile, l\u00edder do MST que foi \u00e0 China na comitiva de Lula. Na avalia\u00e7\u00e3o do deputado, os posicionamentos de ministros s\u00e3o insuficientes.<\/p>\n\n\n\n<p><strong><em>\u201cO governo est\u00e1 numa sinuca de bico. Aceitou apoio pol\u00edtico do MST durante a campanha eleitoral. O MST diz que caminhou com Lula e agora est\u00e1 cobrando apoio de volta. O governo percebeu que n\u00e3o tem apoio da popula\u00e7\u00e3o para isso. A grande maioria \u00e9 contra invas\u00e3o de propriedade privada. O governo est\u00e1 com um elefante na sala, pois n\u00e3o tem como se livrar do MST\u201d<\/em><\/strong>, diz o parlamentar.<\/p>\n\n\n\n<p>O MST foi um dos respons\u00e1veis por organizar a Vig\u00edlia Lula Livre, que esteve por 580 dias em frente \u00e0 sede da Pol\u00edcia Federal em Curitiba, enquanto o petista esteve preso. Lula j\u00e1 agradeceu publicamente o apoio do movimento neste per\u00edodo. Jo\u00e3o Paulo Rodrigues, l\u00edder nacional do MST, foi um dos coordenadores da campanha de Lula \u00e0 Presid\u00eancia.<\/p>\n\n\n\n<p><em>Fonte: Not\u00edcias de SantaLuz<\/em><\/p>\n","protected":false},"excerpt":{"rendered":"<p>Pressionado por novas invas\u00f5es do Movimento dos Trabalhadores Rurais Sem Terra (MST), seu aliado hist\u00f3rico e ativo na \u00faltima campanha eleitoral, o governo Lula cedeu ao grupo e trocou, nesta ter\u00e7a-feira, mais postos regionais do Instituto Nacional de Coloniza\u00e7\u00e3o e Reforma Agr\u00e1ria (Incra). Em p\u00fablico, por\u00e9m, ministros elevaram o tom contra o movimento e criticaram &hellip;<\/p>\n","protected":false},"author":2,"featured_media":48389,"comment_status":"open","ping_status":"open","sticky":false,"template":"","format":"standard","meta":{"om_disable_all_campaigns":false,"_monsterinsights_skip_tracking":false,"_monsterinsights_sitenote_active":false,"_monsterinsights_sitenote_note":"","_monsterinsights_sitenote_category":0,"footnotes":""},"categories":[34,70,69,21],"tags":[100,71,48,93,75,4178,234,4180,129,107,4181,2360,6047,132,230,303,2294,106,203,120,51,199,109,88,47,111,190],"class_list":["post-48615","post","type-post","status-publish","format-standard","has-post-thumbnail","hentry","category-brasil","category-destaques","category-noticias2","category-politica","tag-adustina","tag-antas","tag-araci","tag-brasil","tag-cicero-dantas","tag-cipo-2","tag-congresso-nacional","tag-crisopolis-2","tag-euclides-da-cunha","tag-fatima","tag-heliopolis-2","tag-incra","tag-invasoes-de-terras","tag-itapicuru","tag-jeremoabo","tag-lula","tag-mst","tag-nova-soure","tag-novo-triunfo","tag-olindina","tag-paripiranga","tag-politica","tag-quijingue","tag-ribeira-do-amparo","tag-ribeira-do-pombal","tag-sitio-do-quinto","tag-tucano"],"aioseo_notices":[],"_links":{"self":[{"href":"https:\/\/www.portalalerta.com.br\/index.php\/wp-json\/wp\/v2\/posts\/48615","targetHints":{"allow":["GET"]}}],"collection":[{"href":"https:\/\/www.portalalerta.com.br\/index.php\/wp-json\/wp\/v2\/posts"}],"about":[{"href":"https:\/\/www.portalalerta.com.br\/index.php\/wp-json\/wp\/v2\/types\/post"}],"author":[{"embeddable":true,"href":"https:\/\/www.portalalerta.com.br\/index.php\/wp-json\/wp\/v2\/users\/2"}],"replies":[{"embeddable":true,"href":"https:\/\/www.portalalerta.com.br\/index.php\/wp-json\/wp\/v2\/comments?post=48615"}],"version-history":[{"count":1,"href":"https:\/\/www.portalalerta.com.br\/index.php\/wp-json\/wp\/v2\/posts\/48615\/revisions"}],"predecessor-version":[{"id":48616,"href":"https:\/\/www.portalalerta.com.br\/index.php\/wp-json\/wp\/v2\/posts\/48615\/revisions\/48616"}],"wp:featuredmedia":[{"embeddable":true,"href":"https:\/\/www.portalalerta.com.br\/index.php\/wp-json\/wp\/v2\/media\/48389"}],"wp:attachment":[{"href":"https:\/\/www.portalalerta.com.br\/index.php\/wp-json\/wp\/v2\/media?parent=48615"}],"wp:term":[{"taxonomy":"category","embeddable":true,"href":"https:\/\/www.portalalerta.com.br\/index.php\/wp-json\/wp\/v2\/categories?post=48615"},{"taxonomy":"post_tag","embeddable":true,"href":"https:\/\/www.portalalerta.com.br\/index.php\/wp-json\/wp\/v2\/tags?post=48615"}],"curies":[{"name":"wp","href":"https:\/\/api.w.org\/{rel}","templated":true}]}}