{"id":48622,"date":"2023-04-24T11:01:00","date_gmt":"2023-04-24T14:01:00","guid":{"rendered":"https:\/\/www.portalalerta.com.br\/?p=48622"},"modified":"2023-04-24T11:06:24","modified_gmt":"2023-04-24T14:06:24","slug":"governo-quita-divida-de-r-500-milhoes-com-fundo-do-mercosul","status":"publish","type":"post","link":"https:\/\/www.portalalerta.com.br\/index.php\/2023\/04\/24\/governo-quita-divida-de-r-500-milhoes-com-fundo-do-mercosul\/","title":{"rendered":"Governo quita d\u00edvida de R$ 500 milh\u00f5es com fundo do Mercosul"},"content":{"rendered":"\n<p>O governo federal anunciou na quarta-feira (20) que quitou uma d\u00edvida de R$ 500 milh\u00f5es do Brasil com o Fundo para a Converg\u00eancia Estrutural do Mercosul (Focem). Desde a gest\u00e3o da ex-presidente Dilma Rousseff (PT), em meio \u00e0 crise econ\u00f4mica, o pa\u00eds n\u00e3o fazia os aportes acordados para o fundo.<\/p>\n\n\n\n<!--more-->\n\n\n\n<p>Em nota, o Minist\u00e9rio das Rela\u00e7\u00f5es Exteriores informou que, com a quita\u00e7\u00e3o do d\u00e9bito, o Brasil ter\u00e1 direito a acessar R$ 350 milh\u00f5es do fundo.<\/p>\n\n\n<div class=\"wp-block-image\">\n<figure class=\"alignleft size-full is-resized\"><img fetchpriority=\"high\" decoding=\"async\" src=\"https:\/\/www.portalalerta.com.br\/wp-content\/uploads\/2021\/04\/ELAB.jpg\" alt=\"\" class=\"wp-image-34795\" width=\"431\" height=\"344\" srcset=\"https:\/\/www.portalalerta.com.br\/wp-content\/uploads\/2021\/04\/ELAB.jpg 1000w, https:\/\/www.portalalerta.com.br\/wp-content\/uploads\/2021\/04\/ELAB-300x240.jpg 300w, https:\/\/www.portalalerta.com.br\/wp-content\/uploads\/2021\/04\/ELAB-768x614.jpg 768w, https:\/\/www.portalalerta.com.br\/wp-content\/uploads\/2021\/04\/ELAB-183x146.jpg 183w, https:\/\/www.portalalerta.com.br\/wp-content\/uploads\/2021\/04\/ELAB-50x40.jpg 50w, https:\/\/www.portalalerta.com.br\/wp-content\/uploads\/2021\/04\/ELAB-94x75.jpg 94w\" sizes=\"(max-width: 431px) 100vw, 431px\" \/><\/figure><\/div>\n\n\n<p>Os recursos devem ser utilizados para financiar projetos em munic\u00edpios brasileiros em regi\u00f5es de fronteira com os pa\u00edses do bloco \u2013 Brasil, Paraguai, Uruguai e Argentina \u2013, em setores como infraestrutura urbana, seguran\u00e7a, saneamento b\u00e1sico e sa\u00fade.<\/p>\n\n\n\n<p>A verba \u00e9 entregue em car\u00e1ter de doa\u00e7\u00e3o n\u00e3o reembols\u00e1vel, para financiar at\u00e9 85% do valor do projeto. As propostas, no entanto, precisam ser aprovadas pelos participantes do Mercosul.<\/p>\n\n\n\n<p>Desde o in\u00edcio do terceiro mandato, o governo do presidente Luiz In\u00e1cio Lula da Silva (PT) tem feito esfor\u00e7os para quitar d\u00edvidas com organismos internacionais.<\/p>\n\n\n\n<p>No entanto, o valor pago representa pouco mais de 10% dos d\u00e9bitos. Segundo balan\u00e7o apresentado em 10 de abril, quando a gest\u00e3o completou 100 dias, foram quitados R$ 526 milh\u00f5es. A soma dos d\u00e9bitos internacionais, por\u00e9m, chega a 4,8 bilh\u00f5es.<\/p>\n\n\n\n<p><em>Fonte: Not\u00edcias de SantaLuz<\/em><\/p>\n","protected":false},"excerpt":{"rendered":"<p>O governo federal anunciou na quarta-feira (20) que quitou uma d\u00edvida de R$ 500 milh\u00f5es do Brasil com o Fundo para a Converg\u00eancia Estrutural do Mercosul (Focem). Desde a gest\u00e3o da ex-presidente Dilma Rousseff (PT), em meio \u00e0 crise econ\u00f4mica, o pa\u00eds n\u00e3o fazia os aportes acordados para o fundo.<\/p>\n","protected":false},"author":2,"featured_media":48623,"comment_status":"open","ping_status":"open","sticky":false,"template":"","format":"standard","meta":{"om_disable_all_campaigns":false,"_monsterinsights_skip_tracking":false,"_monsterinsights_sitenote_active":false,"_monsterinsights_sitenote_note":"","_monsterinsights_sitenote_category":0,"footnotes":""},"categories":[34,70,35,69],"tags":[100,71,48,93,75,4178,4180,1337,129,107,6048,4181,132,230,106,203,120,51,109,88,47,111,190],"class_list":["post-48622","post","type-post","status-publish","format-standard","has-post-thumbnail","hentry","category-brasil","category-destaques","category-mundo","category-noticias2","tag-adustina","tag-antas","tag-araci","tag-brasil","tag-cicero-dantas","tag-cipo-2","tag-crisopolis-2","tag-debito","tag-euclides-da-cunha","tag-fatima","tag-fundo-do-mercosul","tag-heliopolis-2","tag-itapicuru","tag-jeremoabo","tag-nova-soure","tag-novo-triunfo","tag-olindina","tag-paripiranga","tag-quijingue","tag-ribeira-do-amparo","tag-ribeira-do-pombal","tag-sitio-do-quinto","tag-tucano"],"aioseo_notices":[],"_links":{"self":[{"href":"https:\/\/www.portalalerta.com.br\/index.php\/wp-json\/wp\/v2\/posts\/48622","targetHints":{"allow":["GET"]}}],"collection":[{"href":"https:\/\/www.portalalerta.com.br\/index.php\/wp-json\/wp\/v2\/posts"}],"about":[{"href":"https:\/\/www.portalalerta.com.br\/index.php\/wp-json\/wp\/v2\/types\/post"}],"author":[{"embeddable":true,"href":"https:\/\/www.portalalerta.com.br\/index.php\/wp-json\/wp\/v2\/users\/2"}],"replies":[{"embeddable":true,"href":"https:\/\/www.portalalerta.com.br\/index.php\/wp-json\/wp\/v2\/comments?post=48622"}],"version-history":[{"count":2,"href":"https:\/\/www.portalalerta.com.br\/index.php\/wp-json\/wp\/v2\/posts\/48622\/revisions"}],"predecessor-version":[{"id":48642,"href":"https:\/\/www.portalalerta.com.br\/index.php\/wp-json\/wp\/v2\/posts\/48622\/revisions\/48642"}],"wp:featuredmedia":[{"embeddable":true,"href":"https:\/\/www.portalalerta.com.br\/index.php\/wp-json\/wp\/v2\/media\/48623"}],"wp:attachment":[{"href":"https:\/\/www.portalalerta.com.br\/index.php\/wp-json\/wp\/v2\/media?parent=48622"}],"wp:term":[{"taxonomy":"category","embeddable":true,"href":"https:\/\/www.portalalerta.com.br\/index.php\/wp-json\/wp\/v2\/categories?post=48622"},{"taxonomy":"post_tag","embeddable":true,"href":"https:\/\/www.portalalerta.com.br\/index.php\/wp-json\/wp\/v2\/tags?post=48622"}],"curies":[{"name":"wp","href":"https:\/\/api.w.org\/{rel}","templated":true}]}}