{"id":48650,"date":"2023-04-25T09:02:00","date_gmt":"2023-04-25T12:02:00","guid":{"rendered":"https:\/\/www.portalalerta.com.br\/?p=48650"},"modified":"2023-04-24T23:03:29","modified_gmt":"2023-04-25T02:03:29","slug":"comarca-de-euclides-da-cunha-transfere-para-tre-ba-processo-que-acusa-esquema-de-fraudes-na-prefeitura","status":"publish","type":"post","link":"https:\/\/www.portalalerta.com.br\/index.php\/2023\/04\/25\/comarca-de-euclides-da-cunha-transfere-para-tre-ba-processo-que-acusa-esquema-de-fraudes-na-prefeitura\/","title":{"rendered":"Comarca de Euclides da Cunha transfere para TRE-BA processo que acusa esquema de fraudes na prefeitura"},"content":{"rendered":"\n<p>A Vara Criminal de Euclides da Cunha-BA, remeteu uma investiga\u00e7\u00e3o contra a gest\u00e3o do prefeito Luciano Pinheiro (PDT) para o Tribunal Regional Eleitoral (TRE-BA). A decis\u00e3o, publicada na \u00faltima quarta-feira (19), afirma a incompet\u00eancia da Vara para julgar o processo.<\/p>\n\n\n\n<!--more-->\n\n\n\n<p>Apesar de Pinheiro n\u00e3o ser r\u00e9u no processo, o vice-prefeito eleito em 2016, Jos\u00e9 Alberto de Macedo Campos, e v\u00e1rios secret\u00e1rios da prefeitura respondem na Justi\u00e7a por suspeita de operar um esquema de fraudes seriadas e sist\u00eamicas em licita\u00e7\u00f5es.<\/p>\n\n\n<div class=\"wp-block-image\">\n<figure class=\"alignleft size-full\"><img fetchpriority=\"high\" decoding=\"async\" width=\"400\" height=\"300\" src=\"https:\/\/www.portalalerta.com.br\/wp-content\/uploads\/2023\/01\/Auto-Escola-Sonho.jpg\" alt=\"\" class=\"wp-image-47083\" srcset=\"https:\/\/www.portalalerta.com.br\/wp-content\/uploads\/2023\/01\/Auto-Escola-Sonho.jpg 400w, https:\/\/www.portalalerta.com.br\/wp-content\/uploads\/2023\/01\/Auto-Escola-Sonho-320x240.jpg 320w\" sizes=\"(max-width: 400px) 100vw, 400px\" \/><\/figure><\/div>\n\n\n<p>Ao todo, 12 pessoas foram denunciadas pelo Minist\u00e9rio P\u00fablico do Estado (MP-BA) pelos crimes de organiza\u00e7\u00e3o criminosa, peculato, corrup\u00e7\u00e3o passiva, corrup\u00e7\u00e3o ativa, falsidades documentais e frustra\u00e7\u00e3o do car\u00e1ter competitivo de licita\u00e7\u00e3o.<\/p>\n\n\n\n<p>Em agosto do ano passado,\u00a0<a href=\"https:\/\/www.portalalerta.com.br\/index.php\/2022\/08\/04\/operacao-graft-apura-crimes-fraudulentos-com-atuacao-na-prefeitura-de-euclides-da-cunha-ba\/\"><strong>os suspeitos foram alvo da \u201cOpera\u00e7\u00e3o Graft\u201d, deflagrada pelo mesmo MP-BA. A opera\u00e7\u00e3o cumpriu dez mandados de pris\u00e3o preventiva e 22 de busca e apreens\u00e3o em Euclides da Cunha<\/strong><\/a>, como tamb\u00e9m em Salvador, Monte Santo, Teofil\u00e2ndia, Lauro de Freitas, Araci e Pojuca.<\/p>\n\n\n\n<p>De acordo com as investiga\u00e7\u00f5es, o esquema, coordenado pelo vice-prefeito, consistia em fraudes de licita\u00e7\u00f5es mediante inser\u00e7\u00f5es retroativas dos di\u00e1rios oficiais, com objetivo de mascarar a montagem das licita\u00e7\u00f5es cujo objetivo era afastar a concorr\u00eancia.<\/p>\n\n\n\n<p>S\u00e3o apontadas tr\u00eas empresas no suposto esquema: a Atl\u00e2ntico Loca\u00e7\u00f5es de Equipamentos e Pavimenta\u00e7\u00f5es Ltda., a JP de Ara\u00fajo e a Publicgov. Conforme a opera\u00e7\u00e3o, entre 2020 e 2021, pelo menos, 14 licita\u00e7\u00f5es tinham sido fraudadas.<\/p>\n\n\n\n<p><em>Fonte: Calila Not\u00edcias<\/em><\/p>\n\n\n\n<p><em>Com informa\u00e7\u00f5es: Bahia Not\u00edcias<\/em><\/p>\n","protected":false},"excerpt":{"rendered":"<p>A Vara Criminal de Euclides da Cunha-BA, remeteu uma investiga\u00e7\u00e3o contra a gest\u00e3o do prefeito Luciano Pinheiro (PDT) para o Tribunal Regional Eleitoral (TRE-BA). A decis\u00e3o, publicada na \u00faltima quarta-feira (19), afirma a incompet\u00eancia da Vara para julgar o processo.<\/p>\n","protected":false},"author":2,"featured_media":44153,"comment_status":"open","ping_status":"open","sticky":false,"template":"","format":"standard","meta":{"om_disable_all_campaigns":false,"_monsterinsights_skip_tracking":false,"_monsterinsights_sitenote_active":false,"_monsterinsights_sitenote_note":"","_monsterinsights_sitenote_category":0,"footnotes":""},"categories":[70,17,69,21,32],"tags":[100,71,48,75,4178,4180,129,107,2350,4181,132,230,270,106,203,120,51,145,109,88,47,111,380,190],"class_list":["post-48650","post","type-post","status-publish","format-standard","has-post-thumbnail","hentry","category-destaques","category-euclides-da-cunha","category-noticias2","category-politica","category-regiao","tag-adustina","tag-antas","tag-araci","tag-cicero-dantas","tag-cipo-2","tag-crisopolis-2","tag-euclides-da-cunha","tag-fatima","tag-fraudes","tag-heliopolis-2","tag-itapicuru","tag-jeremoabo","tag-justica","tag-nova-soure","tag-novo-triunfo","tag-olindina","tag-paripiranga","tag-prefeitura","tag-quijingue","tag-ribeira-do-amparo","tag-ribeira-do-pombal","tag-sitio-do-quinto","tag-tre","tag-tucano"],"aioseo_notices":[],"_links":{"self":[{"href":"https:\/\/www.portalalerta.com.br\/index.php\/wp-json\/wp\/v2\/posts\/48650","targetHints":{"allow":["GET"]}}],"collection":[{"href":"https:\/\/www.portalalerta.com.br\/index.php\/wp-json\/wp\/v2\/posts"}],"about":[{"href":"https:\/\/www.portalalerta.com.br\/index.php\/wp-json\/wp\/v2\/types\/post"}],"author":[{"embeddable":true,"href":"https:\/\/www.portalalerta.com.br\/index.php\/wp-json\/wp\/v2\/users\/2"}],"replies":[{"embeddable":true,"href":"https:\/\/www.portalalerta.com.br\/index.php\/wp-json\/wp\/v2\/comments?post=48650"}],"version-history":[{"count":1,"href":"https:\/\/www.portalalerta.com.br\/index.php\/wp-json\/wp\/v2\/posts\/48650\/revisions"}],"predecessor-version":[{"id":48651,"href":"https:\/\/www.portalalerta.com.br\/index.php\/wp-json\/wp\/v2\/posts\/48650\/revisions\/48651"}],"wp:featuredmedia":[{"embeddable":true,"href":"https:\/\/www.portalalerta.com.br\/index.php\/wp-json\/wp\/v2\/media\/44153"}],"wp:attachment":[{"href":"https:\/\/www.portalalerta.com.br\/index.php\/wp-json\/wp\/v2\/media?parent=48650"}],"wp:term":[{"taxonomy":"category","embeddable":true,"href":"https:\/\/www.portalalerta.com.br\/index.php\/wp-json\/wp\/v2\/categories?post=48650"},{"taxonomy":"post_tag","embeddable":true,"href":"https:\/\/www.portalalerta.com.br\/index.php\/wp-json\/wp\/v2\/tags?post=48650"}],"curies":[{"name":"wp","href":"https:\/\/api.w.org\/{rel}","templated":true}]}}