{"id":48652,"date":"2023-04-25T09:03:00","date_gmt":"2023-04-25T12:03:00","guid":{"rendered":"https:\/\/www.portalalerta.com.br\/?p=48652"},"modified":"2023-04-24T23:20:59","modified_gmt":"2023-04-25T02:20:59","slug":"chuva-isola-cidades-e-aldeias-indigenas-no-extremo-sul-da-bahia","status":"publish","type":"post","link":"https:\/\/www.portalalerta.com.br\/index.php\/2023\/04\/25\/chuva-isola-cidades-e-aldeias-indigenas-no-extremo-sul-da-bahia\/","title":{"rendered":"Chuva isola cidades e aldeias ind\u00edgenas no extremo sul da Bahia"},"content":{"rendered":"\n<p><strong>Nos munic\u00edpios de Porto Seguro e Santa Cruz Cabr\u00e1lia, onde choveu 450 mm em quatro dias, 14 aldeias ind\u00edgenas foram alagadas. Quase mil ind\u00edgenas tiveram que deixar suas casas. Em Ilh\u00e9us, mais de 70 fam\u00edlias est\u00e3o desalojadas. Os tr\u00eas munic\u00edpios decretaram situa\u00e7\u00e3o de emerg\u00eancia.<\/strong><\/p>\n\n\n\n<!--more-->\n\n\n\n<p>Chuva isola cidades e aldeias ind\u00edgenas no extremo sul da Bahia<\/p>\n\n\n\n<p>A chuva forte provocou preju\u00edzos na Bahia, principalmente no sul do estado.<\/p>\n\n\n\n<p>Nos munic\u00edpios de\u00a0Porto Seguro\u00a0e\u00a0Santa Cruz Cabr\u00e1lia,\u00a014 aldeias ind\u00edgenas foram alagadas. Quase mil ind\u00edgenas tiveram que deixar suas casas.<\/p>\n\n\n<div class=\"wp-block-image\">\n<figure class=\"alignleft size-full is-resized\"><img fetchpriority=\"high\" decoding=\"async\" src=\"https:\/\/www.portalalerta.com.br\/wp-content\/uploads\/2022\/03\/Cred-Real.1.jpg\" alt=\"\" class=\"wp-image-41523\" width=\"398\" height=\"318\" srcset=\"https:\/\/www.portalalerta.com.br\/wp-content\/uploads\/2022\/03\/Cred-Real.1.jpg 500w, https:\/\/www.portalalerta.com.br\/wp-content\/uploads\/2022\/03\/Cred-Real.1-300x240.jpg 300w, https:\/\/www.portalalerta.com.br\/wp-content\/uploads\/2022\/03\/Cred-Real.1-183x146.jpg 183w, https:\/\/www.portalalerta.com.br\/wp-content\/uploads\/2022\/03\/Cred-Real.1-50x40.jpg 50w, https:\/\/www.portalalerta.com.br\/wp-content\/uploads\/2022\/03\/Cred-Real.1-94x75.jpg 94w\" sizes=\"(max-width: 398px) 100vw, 398px\" \/><\/figure><\/div>\n\n\n<p><strong><em>&#8220;As pessoas est\u00e3o sem poder sair, est\u00e3o ilhados nas casas. Ent\u00e3o \u00e9 um momento muito dif\u00edcil para gente&#8221;<\/em><\/strong>, conta o cacique da Aldeia Novos Guerreiros, Tucum Patax\u00f3.<\/p>\n\n\n\n<p><strong>Choveu 450 mil\u00edmetros em quatro dias<\/strong>&nbsp;em Santa Cruz Cabr\u00e1lia. Nesta segunda (24), doa\u00e7\u00f5es come\u00e7aram a chegar aos munic\u00edpios atingidos.<\/p>\n\n\n\n<p><strong><em>&#8220;N\u00f3s vamos seguir mobilizando na Bahia doa\u00e7\u00f5es que podem chegar aqui, nos pontos de coleta dos munic\u00edpios, porque as necessidades s\u00e3o muito maiores do que o que a gente at\u00e9 imaginava&#8221;<\/em><\/strong>, afirma a secret\u00e1ria de Promo\u00e7\u00e3o da Igualdade Racial da Bahia, \u00c2ngela Guimar\u00e3es.<\/p>\n\n\n\n<p>Em Ilh\u00e9us, mais de 70 fam\u00edlias est\u00e3o desalojadas. O munic\u00edpio decretou situa\u00e7\u00e3o de emerg\u00eancia, assim como Porto Seguro e Santa Cruz Cabr\u00e1lia.<\/p>\n\n\n\n<p>O ministro da Integra\u00e7\u00e3o e Desenvolvimento Regional,\u00a0Waldez\u00a0G\u00f3es, esteve nesta segunda (24) na regi\u00e3o.\u00a0Ele sobrevoou \u00e1reas atingidas pelas chuvas acompanhado\u00a0do ministro da Casa Civil,\u00a0Rui Costa, e do governador da Bahia,\u00a0Jer\u00f4nimo\u00a0Rodrigues.<\/p>\n\n\n\n<p>Em\u00a0Salvador, v\u00e1rias ruas tamb\u00e9m ficaram alagadas. Uma \u00e1rvore caiu em cima de um carro &#8211; ningu\u00e9m se feriu.\u00a0No maior terminal de \u00f4nibus da capital, a cobertura n\u00e3o deu conta da chuva.<\/p>\n\n\n\n<p>Em um outro bairro, os preju\u00edzos foram causados pelo<strong>&nbsp;<\/strong>deslizamento do barranco<strong>&nbsp;<\/strong>de um terreno onde est\u00e1 sendo constru\u00eddo um supermercado. Depois de duas horas de chuva forte, a terra acabou cedendo.&nbsp;A lama e o barro invadiram v\u00e1rias casas na rua, pegando os moradores de surpresa.<\/p>\n\n\n\n<p>Um deles gravou o momento do deslizamento. Na casa da N\u00edvea, a lama chegou a quase um metro. A situa\u00e7\u00e3o s\u00f3 n\u00e3o foi pior porque moradores conseguiram escoar a enxurrada.<\/p>\n\n\n\n<p><strong><em>&#8220;Comecei a gritar para os vizinhos: saiam, saiam de dentro de casa, porque o desespero foi t\u00e3o grande que eu pensei que tudo ia desabar&#8221;<\/em><\/strong>, conta a aut\u00f4noma N\u00edvea Silva.<\/p>\n\n\n\n<p><em>Fonte: R7<\/em><\/p>\n","protected":false},"excerpt":{"rendered":"<p>Nos munic\u00edpios de Porto Seguro e Santa Cruz Cabr\u00e1lia, onde choveu 450 mm em quatro dias, 14 aldeias ind\u00edgenas foram alagadas. Quase mil ind\u00edgenas tiveram que deixar suas casas. Em Ilh\u00e9us, mais de 70 fam\u00edlias est\u00e3o desalojadas. Os tr\u00eas munic\u00edpios decretaram situa\u00e7\u00e3o de emerg\u00eancia.<\/p>\n","protected":false},"author":2,"featured_media":48653,"comment_status":"open","ping_status":"open","sticky":false,"template":"","format":"standard","meta":{"om_disable_all_campaigns":false,"_monsterinsights_skip_tracking":false,"_monsterinsights_sitenote_active":false,"_monsterinsights_sitenote_note":"","_monsterinsights_sitenote_category":0,"footnotes":""},"categories":[33,70,69],"tags":[100,71,48,54,1977,75,4178,4180,129,107,4181,132,230,106,203,120,51,333,109,88,47,882,111,190],"class_list":["post-48652","post","type-post","status-publish","format-standard","has-post-thumbnail","hentry","category-bahia","category-destaques","category-noticias2","tag-adustina","tag-antas","tag-araci","tag-bahia","tag-chuvas","tag-cicero-dantas","tag-cipo-2","tag-crisopolis-2","tag-euclides-da-cunha","tag-fatima","tag-heliopolis-2","tag-itapicuru","tag-jeremoabo","tag-nova-soure","tag-novo-triunfo","tag-olindina","tag-paripiranga","tag-porto-seguro","tag-quijingue","tag-ribeira-do-amparo","tag-ribeira-do-pombal","tag-santa-cruz-cabralia","tag-sitio-do-quinto","tag-tucano"],"aioseo_notices":[],"_links":{"self":[{"href":"https:\/\/www.portalalerta.com.br\/index.php\/wp-json\/wp\/v2\/posts\/48652","targetHints":{"allow":["GET"]}}],"collection":[{"href":"https:\/\/www.portalalerta.com.br\/index.php\/wp-json\/wp\/v2\/posts"}],"about":[{"href":"https:\/\/www.portalalerta.com.br\/index.php\/wp-json\/wp\/v2\/types\/post"}],"author":[{"embeddable":true,"href":"https:\/\/www.portalalerta.com.br\/index.php\/wp-json\/wp\/v2\/users\/2"}],"replies":[{"embeddable":true,"href":"https:\/\/www.portalalerta.com.br\/index.php\/wp-json\/wp\/v2\/comments?post=48652"}],"version-history":[{"count":1,"href":"https:\/\/www.portalalerta.com.br\/index.php\/wp-json\/wp\/v2\/posts\/48652\/revisions"}],"predecessor-version":[{"id":48654,"href":"https:\/\/www.portalalerta.com.br\/index.php\/wp-json\/wp\/v2\/posts\/48652\/revisions\/48654"}],"wp:featuredmedia":[{"embeddable":true,"href":"https:\/\/www.portalalerta.com.br\/index.php\/wp-json\/wp\/v2\/media\/48653"}],"wp:attachment":[{"href":"https:\/\/www.portalalerta.com.br\/index.php\/wp-json\/wp\/v2\/media?parent=48652"}],"wp:term":[{"taxonomy":"category","embeddable":true,"href":"https:\/\/www.portalalerta.com.br\/index.php\/wp-json\/wp\/v2\/categories?post=48652"},{"taxonomy":"post_tag","embeddable":true,"href":"https:\/\/www.portalalerta.com.br\/index.php\/wp-json\/wp\/v2\/tags?post=48652"}],"curies":[{"name":"wp","href":"https:\/\/api.w.org\/{rel}","templated":true}]}}