{"id":48655,"date":"2023-04-25T16:00:00","date_gmt":"2023-04-25T19:00:00","guid":{"rendered":"https:\/\/www.portalalerta.com.br\/?p=48655"},"modified":"2023-04-24T23:30:32","modified_gmt":"2023-04-25T02:30:32","slug":"cappelli-anuncia-que-vai-acelerar-troca-de-servidores-do-gsi","status":"publish","type":"post","link":"https:\/\/www.portalalerta.com.br\/index.php\/2023\/04\/25\/cappelli-anuncia-que-vai-acelerar-troca-de-servidores-do-gsi\/","title":{"rendered":"Cappelli anuncia que vai acelerar troca de servidores do GSI"},"content":{"rendered":"\n<p><em>Ministro disse que 35% dos servidores foram trocados desde janeiro<\/em><\/p>\n\n\n\n<!--more-->\n\n\n\n<p>O ministro interino do Gabinete de Seguran\u00e7a Institucional (GSI), Ricardo Cappelli, disse hoje (24) que pretende acelerar a troca de servidores que permanecem no \u00f3rg\u00e3o desde o governo passado.&nbsp;<\/p>\n\n\n\n<p>Em entrevista ap\u00f3s participar de reuni\u00e3o com o ministro Alexandre de Moraes, do Supremo Tribunal Federal (STF), Cappelli informou que cerca de 35% dos servidores foram trocados desde o in\u00edcio do novo governo.&nbsp;<\/p>\n\n\n\n<p><strong><em>&#8220;J\u00e1 foram substitu\u00eddos 35% dos&nbsp;servidores que trabalhavam no GSI. Isso \u00e9 absolutamente natural. Quando h\u00e1 troca de governo, \u00e9 natural que se troque a maior parte do quadro funcional, faz parte da normalidade, e a gente vai acelerar esse processo\u201d<\/em><\/strong>, disse.&nbsp;<\/p>\n\n\n\n<p>O ministro interino tamb\u00e9m afirmou que h\u00e1 uma determina\u00e7\u00e3o do presidente Luiz In\u00e1cio Lula da Silva para acelerar a renova\u00e7\u00e3o do \u00f3rg\u00e3o. Cappelli disse que est\u00e1 fazendo um levantamento de informa\u00e7\u00f5es sobre a atua\u00e7\u00e3o da pasta para apresentar um \u201craio-x\u201d para Lula, que deve decidir quais altera\u00e7\u00f5es ser\u00e3o feitas no GSI ap\u00f3s retornar da viagem oficial \u00e0 Europa.&nbsp;<\/p>\n\n\n\n<p><strong><em>\u201c\u00c9 um esfor\u00e7o para coletar dados e informa\u00e7\u00f5es importantes para que se possa apresentar o melhor raio-x poss\u00edvel ao presidente da Rep\u00fablica na sua volta ao Brasil\u201d<\/em><\/strong>, acrescentou.&nbsp;<\/p>\n\n\n\n<p>Sobre a investiga\u00e7\u00e3o de servidores do GSI que estavam dentro do Pal\u00e1cio do Planalto no dia dos atos golpistas de\u00a08 de janeiro, Cappelli disse que o resultado da sindic\u00e2ncia aberta ser\u00e1 antecipada.\u00a0<\/p>\n\n\n\n<p><strong><em>\u201cO GSI \u00e9 um \u00f3rg\u00e3o de Estado. Se eventualmente alguns servidores cometeram desvios funcionais, os desvios ser\u00e3o apurados. A sindic\u00e2ncia vai at\u00e9 30 de maio. Eu determinei a antecipa\u00e7\u00e3o do resultado final da sindic\u00e2ncia. Em paralelo, h\u00e1 inquerito na PF e no STF apurando a conduta de todos, servidores civis e militares\u201d<\/em><\/strong>, completou.&nbsp;<\/p>\n\n\n\n<p>Ontem (23), nove servidores do GSI que apareceram nos v\u00eddeos prestaram depoimento \u00e0 Pol\u00edcia Federal (PF).&nbsp;<\/p>\n\n\n\n<p><em>Fonte: Ag\u00eancia Brasil<\/em><\/p>\n","protected":false},"excerpt":{"rendered":"<p>Ministro disse que 35% dos servidores foram trocados desde janeiro<\/p>\n","protected":false},"author":2,"featured_media":48656,"comment_status":"open","ping_status":"open","sticky":false,"template":"","format":"standard","meta":{"om_disable_all_campaigns":false,"_monsterinsights_skip_tracking":false,"_monsterinsights_sitenote_active":false,"_monsterinsights_sitenote_note":"","_monsterinsights_sitenote_category":0,"footnotes":""},"categories":[34,70,69,21],"tags":[100,71,48,93,75,4178,4180,129,107,6043,4181,132,230,106,203,120,51,109,88,47,6051,111],"class_list":["post-48655","post","type-post","status-publish","format-standard","has-post-thumbnail","hentry","category-brasil","category-destaques","category-noticias2","category-politica","tag-adustina","tag-antas","tag-araci","tag-brasil","tag-cicero-dantas","tag-cipo-2","tag-crisopolis-2","tag-euclides-da-cunha","tag-fatima","tag-gsi","tag-heliopolis-2","tag-itapicuru","tag-jeremoabo","tag-nova-soure","tag-novo-triunfo","tag-olindina","tag-paripiranga","tag-quijingue","tag-ribeira-do-amparo","tag-ribeira-do-pombal","tag-ricardo-capelli","tag-sitio-do-quinto"],"aioseo_notices":[],"_links":{"self":[{"href":"https:\/\/www.portalalerta.com.br\/index.php\/wp-json\/wp\/v2\/posts\/48655","targetHints":{"allow":["GET"]}}],"collection":[{"href":"https:\/\/www.portalalerta.com.br\/index.php\/wp-json\/wp\/v2\/posts"}],"about":[{"href":"https:\/\/www.portalalerta.com.br\/index.php\/wp-json\/wp\/v2\/types\/post"}],"author":[{"embeddable":true,"href":"https:\/\/www.portalalerta.com.br\/index.php\/wp-json\/wp\/v2\/users\/2"}],"replies":[{"embeddable":true,"href":"https:\/\/www.portalalerta.com.br\/index.php\/wp-json\/wp\/v2\/comments?post=48655"}],"version-history":[{"count":1,"href":"https:\/\/www.portalalerta.com.br\/index.php\/wp-json\/wp\/v2\/posts\/48655\/revisions"}],"predecessor-version":[{"id":48657,"href":"https:\/\/www.portalalerta.com.br\/index.php\/wp-json\/wp\/v2\/posts\/48655\/revisions\/48657"}],"wp:featuredmedia":[{"embeddable":true,"href":"https:\/\/www.portalalerta.com.br\/index.php\/wp-json\/wp\/v2\/media\/48656"}],"wp:attachment":[{"href":"https:\/\/www.portalalerta.com.br\/index.php\/wp-json\/wp\/v2\/media?parent=48655"}],"wp:term":[{"taxonomy":"category","embeddable":true,"href":"https:\/\/www.portalalerta.com.br\/index.php\/wp-json\/wp\/v2\/categories?post=48655"},{"taxonomy":"post_tag","embeddable":true,"href":"https:\/\/www.portalalerta.com.br\/index.php\/wp-json\/wp\/v2\/tags?post=48655"}],"curies":[{"name":"wp","href":"https:\/\/api.w.org\/{rel}","templated":true}]}}