{"id":48661,"date":"2023-04-25T16:02:00","date_gmt":"2023-04-25T19:02:00","guid":{"rendered":"https:\/\/www.portalalerta.com.br\/?p=48661"},"modified":"2023-04-24T23:49:32","modified_gmt":"2023-04-25T02:49:32","slug":"saude-libera-vacina-bivalente-contra-a-covid-19-a-pessoas-acima-de-18-anos","status":"publish","type":"post","link":"https:\/\/www.portalalerta.com.br\/index.php\/2023\/04\/25\/saude-libera-vacina-bivalente-contra-a-covid-19-a-pessoas-acima-de-18-anos\/","title":{"rendered":"Sa\u00fade libera vacina bivalente contra a Covid-19 a pessoas acima de 18 anos"},"content":{"rendered":"\n<p><strong>O imunizante era oferecido apenas aos grupos priorit\u00e1rios; a amplia\u00e7\u00e3o deve beneficiar ao menos 97 milh\u00f5es de brasileiros<\/strong><\/p>\n\n\n\n<!--more-->\n\n\n\n<p>O Minist\u00e9rio da Sa\u00fade anunciou nesta segunda-feira (24) que pessoas a partir de 18 anos, em todo o pa\u00eds, poder\u00e3o refor\u00e7ar a imuniza\u00e7\u00e3o contra a Covid-19 com a\u00a0vacina bivalente. Segundo a pasta, ao menos 97 milh\u00f5es de brasileiros devem ser atendidos.<\/p>\n\n\n<div class=\"wp-block-image\">\n<figure class=\"alignleft size-full\"><img fetchpriority=\"high\" decoding=\"async\" width=\"400\" height=\"300\" src=\"https:\/\/www.portalalerta.com.br\/wp-content\/uploads\/2023\/01\/Auto-Escola-Sonho.jpg\" alt=\"\" class=\"wp-image-47083\" srcset=\"https:\/\/www.portalalerta.com.br\/wp-content\/uploads\/2023\/01\/Auto-Escola-Sonho.jpg 400w, https:\/\/www.portalalerta.com.br\/wp-content\/uploads\/2023\/01\/Auto-Escola-Sonho-320x240.jpg 320w\" sizes=\"(max-width: 400px) 100vw, 400px\" \/><\/figure><\/div>\n\n\n<p>A orienta\u00e7\u00e3o para receber a vacina bivalente vale para quem j\u00e1 foi imunizado, pelo menos, com duas doses de vacinas monovalentes (CoronaVac, AstraZeneca ou Pfizer) como esquema prim\u00e1rio ou como dose de refor\u00e7o, respeitando-se um intervalo de quatro meses da \u00faltima dose. Quem ainda n\u00e3o completou o ciclo vacinal e est\u00e1 com alguma dose de refor\u00e7o em atraso deve procurar as unidades de sa\u00fade.<br>&nbsp;<\/p>\n\n\n\n<p>A vacina bivalente passou a ser aplicada no Brasil em fevereiro deste ano. A partir da\u00ed, ela era oferecida a pessoas de grupos priorit\u00e1rios, ou seja, que correm o risco de evoluir para casos graves da doen\u00e7a, como idosos a partir de 60 anos, pessoas que vivem e trabalham em institui\u00e7\u00f5es de longa perman\u00eancia, imunossuprimidos,\u00a0ind\u00edgenas, ribeirinhos e quilombolas, gestantes e pu\u00e9rperas e pessoas com defici\u00eancia, entre outros.<\/p>\n\n\n\n<p>Com a amplia\u00e7\u00e3o do p\u00fablico-alvo, o governo espera aumentar a cobertura vacinal contra a Covid-19.<\/p>\n\n\n\n<p><strong><em>Quero conclamar a uni\u00e3o de todos pelo nosso Movimento Nacional pela Vacina\u00e7\u00e3o. \u00c9 um movimento do Minist\u00e9rio da Sa\u00fade, dos estados, dos munic\u00edpios e de toda a sociedade civil. A ci\u00eancia voltou, e precisamos retomar a confian\u00e7a da popula\u00e7\u00e3o nas vacinas, \u00e9 uma miss\u00e3o de todos n\u00f3s.<\/em><\/strong><\/p>\n\n\n\n<p>N\u00cdSIA TRINDADE, MINISTRA DA SA\u00daDE<\/p>\n\n\n\n<p>Segundo a secret\u00e1ria da Secretaria de Vigil\u00e2ncia em Sa\u00fade e Ambiente do Minist\u00e9rio da Sa\u00fade, Ethel Maciel, aumentar as coberturas vacinais contra a Covid-19 \u00e9 prioridade. <strong><em>&#8220;A vacina\u00e7\u00e3o \u00e9 fundamental para minimizar a carga e prevenir o surgimento de complica\u00e7\u00f5es decorrentes da doen\u00e7a.&#8221;<\/em><\/strong><\/p>\n\n\n\n<p><em>Fonte: R7<\/em><\/p>\n","protected":false},"excerpt":{"rendered":"<p>O imunizante era oferecido apenas aos grupos priorit\u00e1rios; a amplia\u00e7\u00e3o deve beneficiar ao menos 97 milh\u00f5es de brasileiros<\/p>\n","protected":false},"author":2,"featured_media":21325,"comment_status":"open","ping_status":"open","sticky":false,"template":"","format":"standard","meta":{"om_disable_all_campaigns":false,"_monsterinsights_skip_tracking":false,"_monsterinsights_sitenote_active":false,"_monsterinsights_sitenote_note":"","_monsterinsights_sitenote_category":0,"footnotes":""},"categories":[34,70,69,19],"tags":[100,71,48,93,75,4178,3429,3486,4180,129,107,4181,132,230,635,106,203,120,51,109,88,47,111,3570,371],"class_list":["post-48661","post","type-post","status-publish","format-standard","has-post-thumbnail","hentry","category-brasil","category-destaques","category-noticias2","category-saude","tag-adustina","tag-antas","tag-araci","tag-brasil","tag-cicero-dantas","tag-cipo-2","tag-coronavirus","tag-covid-19","tag-crisopolis-2","tag-euclides-da-cunha","tag-fatima","tag-heliopolis-2","tag-itapicuru","tag-jeremoabo","tag-ministerio-da-saude","tag-nova-soure","tag-novo-triunfo","tag-olindina","tag-paripiranga","tag-quijingue","tag-ribeira-do-amparo","tag-ribeira-do-pombal","tag-sitio-do-quinto","tag-vacina","tag-vacinacao"],"aioseo_notices":[],"_links":{"self":[{"href":"https:\/\/www.portalalerta.com.br\/index.php\/wp-json\/wp\/v2\/posts\/48661","targetHints":{"allow":["GET"]}}],"collection":[{"href":"https:\/\/www.portalalerta.com.br\/index.php\/wp-json\/wp\/v2\/posts"}],"about":[{"href":"https:\/\/www.portalalerta.com.br\/index.php\/wp-json\/wp\/v2\/types\/post"}],"author":[{"embeddable":true,"href":"https:\/\/www.portalalerta.com.br\/index.php\/wp-json\/wp\/v2\/users\/2"}],"replies":[{"embeddable":true,"href":"https:\/\/www.portalalerta.com.br\/index.php\/wp-json\/wp\/v2\/comments?post=48661"}],"version-history":[{"count":1,"href":"https:\/\/www.portalalerta.com.br\/index.php\/wp-json\/wp\/v2\/posts\/48661\/revisions"}],"predecessor-version":[{"id":48662,"href":"https:\/\/www.portalalerta.com.br\/index.php\/wp-json\/wp\/v2\/posts\/48661\/revisions\/48662"}],"wp:featuredmedia":[{"embeddable":true,"href":"https:\/\/www.portalalerta.com.br\/index.php\/wp-json\/wp\/v2\/media\/21325"}],"wp:attachment":[{"href":"https:\/\/www.portalalerta.com.br\/index.php\/wp-json\/wp\/v2\/media?parent=48661"}],"wp:term":[{"taxonomy":"category","embeddable":true,"href":"https:\/\/www.portalalerta.com.br\/index.php\/wp-json\/wp\/v2\/categories?post=48661"},{"taxonomy":"post_tag","embeddable":true,"href":"https:\/\/www.portalalerta.com.br\/index.php\/wp-json\/wp\/v2\/tags?post=48661"}],"curies":[{"name":"wp","href":"https:\/\/api.w.org\/{rel}","templated":true}]}}