{"id":48665,"date":"2023-04-26T07:00:00","date_gmt":"2023-04-26T10:00:00","guid":{"rendered":"https:\/\/www.portalalerta.com.br\/?p=48665"},"modified":"2023-04-25T23:31:36","modified_gmt":"2023-04-26T02:31:36","slug":"presidente-do-bc-defende-taxa-de-juros-elevada-e-afirma-que-e-necessario-disciplina-das-contas-publicas","status":"publish","type":"post","link":"https:\/\/www.portalalerta.com.br\/index.php\/2023\/04\/26\/presidente-do-bc-defende-taxa-de-juros-elevada-e-afirma-que-e-necessario-disciplina-das-contas-publicas\/","title":{"rendered":"Presidente do BC defende taxa de juros elevada e afirma que \u00e9 necess\u00e1rio \u201cdisciplina das contas p\u00fablicas\u201d"},"content":{"rendered":"\n<p>Em audi\u00eancia no Senado, Roberto Campos Neto, presidente do BC, falou sobre as cr\u00edticas do atual governo \u00e0 taxa Selic<\/p>\n\n\n\n<!--more-->\n\n\n\n<p>O presidente do Banco Central, Roberto Campos Neto, defendeu que \u00e9 necess\u00e1ria <strong><em>\u201cdisciplina das contas p\u00fablicas\u201d<\/em><\/strong> em audi\u00eancia na Comiss\u00e3o de Assuntos Econ\u00f4micos (CAE) do Senado Federal nesta ter\u00e7a-feira (25). O tema da discuss\u00e3o era a alta taxa de juros, que \u00e9 alvo de cr\u00edticas do governo Lula (PT)&nbsp;<\/p>\n\n\n\n<p>A audi\u00eancia foi requerida pelo presidente da CAE, o senador Vanderlan Cardoso (PSD-GO), que justificou o encontro pelas cr\u00edticas da atual equipe econ\u00f4mica do governo federal \u00e0 taxa b\u00e1sica de juros (Selic), que \u00e9 de 13,75% desde setembro de 2022 e considerada elevada em meio a desacelera\u00e7\u00e3o da atividade econ\u00f4mica e aumento da inadimpl\u00eancia no pa\u00eds.<\/p>\n\n\n\n<p>Para Campos Neto, a inadimpl\u00eancia \u00e9 uma das justificativas do crescimento da taxa de juros, al\u00e9m da baixa taxa de poupan\u00e7a, da d\u00edvida bruta acima da m\u00e9dia, da <strong><em>&#8220;percep\u00e7\u00e3o de risco&#8221;<\/em><\/strong> e &#8220;alta propor\u00e7\u00e3o de cr\u00e9dito direcionado&#8221; \u2014 em vez de cr\u00e9dito geral, a partir do mercado de capitais.<\/p>\n\n\n\n<p>O presidente do Banco Central, que foi nomeado no governo Bolsonaro (PL), tamb\u00e9m negou vi\u00e9s pol\u00edtico na defini\u00e7\u00e3o da taxa Selic. <strong><em>\u201cO Banco Central, mesmo no per\u00edodo eleitoral, entendeu que a infla\u00e7\u00e3o ia subir, entendeu antes de grande parte dos outros pa\u00edses, mas fez uma subida muito grande no ano eleitoral\u201d<\/em><\/strong>, afirmou o gestor.<\/p>\n\n\n\n<p><em>Fonte: Metro1<\/em><\/p>\n","protected":false},"excerpt":{"rendered":"<p>Em audi\u00eancia no Senado, Roberto Campos Neto, presidente do BC, falou sobre as cr\u00edticas do atual governo \u00e0 taxa Selic<\/p>\n","protected":false},"author":2,"featured_media":48666,"comment_status":"open","ping_status":"open","sticky":false,"template":"","format":"standard","meta":{"om_disable_all_campaigns":false,"_monsterinsights_skip_tracking":false,"_monsterinsights_sitenote_active":false,"_monsterinsights_sitenote_note":"","_monsterinsights_sitenote_category":0,"footnotes":""},"categories":[34,70,69],"tags":[100,71,48,1486,93,75,4178,4180,129,107,4181,132,230,106,203,120,51,94,109,88,47,111,2705,190],"class_list":["post-48665","post","type-post","status-publish","format-standard","has-post-thumbnail","hentry","category-brasil","category-destaques","category-noticias2","tag-adustina","tag-antas","tag-araci","tag-banco-central","tag-brasil","tag-cicero-dantas","tag-cipo-2","tag-crisopolis-2","tag-euclides-da-cunha","tag-fatima","tag-heliopolis-2","tag-itapicuru","tag-jeremoabo","tag-nova-soure","tag-novo-triunfo","tag-olindina","tag-paripiranga","tag-presidente","tag-quijingue","tag-ribeira-do-amparo","tag-ribeira-do-pombal","tag-sitio-do-quinto","tag-taxa-de-juros","tag-tucano"],"aioseo_notices":[],"_links":{"self":[{"href":"https:\/\/www.portalalerta.com.br\/index.php\/wp-json\/wp\/v2\/posts\/48665","targetHints":{"allow":["GET"]}}],"collection":[{"href":"https:\/\/www.portalalerta.com.br\/index.php\/wp-json\/wp\/v2\/posts"}],"about":[{"href":"https:\/\/www.portalalerta.com.br\/index.php\/wp-json\/wp\/v2\/types\/post"}],"author":[{"embeddable":true,"href":"https:\/\/www.portalalerta.com.br\/index.php\/wp-json\/wp\/v2\/users\/2"}],"replies":[{"embeddable":true,"href":"https:\/\/www.portalalerta.com.br\/index.php\/wp-json\/wp\/v2\/comments?post=48665"}],"version-history":[{"count":1,"href":"https:\/\/www.portalalerta.com.br\/index.php\/wp-json\/wp\/v2\/posts\/48665\/revisions"}],"predecessor-version":[{"id":48667,"href":"https:\/\/www.portalalerta.com.br\/index.php\/wp-json\/wp\/v2\/posts\/48665\/revisions\/48667"}],"wp:featuredmedia":[{"embeddable":true,"href":"https:\/\/www.portalalerta.com.br\/index.php\/wp-json\/wp\/v2\/media\/48666"}],"wp:attachment":[{"href":"https:\/\/www.portalalerta.com.br\/index.php\/wp-json\/wp\/v2\/media?parent=48665"}],"wp:term":[{"taxonomy":"category","embeddable":true,"href":"https:\/\/www.portalalerta.com.br\/index.php\/wp-json\/wp\/v2\/categories?post=48665"},{"taxonomy":"post_tag","embeddable":true,"href":"https:\/\/www.portalalerta.com.br\/index.php\/wp-json\/wp\/v2\/tags?post=48665"}],"curies":[{"name":"wp","href":"https:\/\/api.w.org\/{rel}","templated":true}]}}