{"id":48668,"date":"2023-04-26T07:01:00","date_gmt":"2023-04-26T10:01:00","guid":{"rendered":"https:\/\/www.portalalerta.com.br\/?p=48668"},"modified":"2023-04-25T23:39:51","modified_gmt":"2023-04-26T02:39:51","slug":"prefeitura-de-ribeira-do-pombal-ba-abre-consulta-virtual-para-elaboracao-da-ldo-2024","status":"publish","type":"post","link":"https:\/\/www.portalalerta.com.br\/index.php\/2023\/04\/26\/prefeitura-de-ribeira-do-pombal-ba-abre-consulta-virtual-para-elaboracao-da-ldo-2024\/","title":{"rendered":"Prefeitura de Ribeira do Pombal-BA abre consulta virtual para elabora\u00e7\u00e3o da LDO 2024"},"content":{"rendered":"\n<p>A Prefeitura de Ribeira do Pombal-BA come\u00e7ou o processo de prepara\u00e7\u00e3o do or\u00e7amento para o ano 2024. O primeiro passo \u00e9 a elabora\u00e7\u00e3o da Lei de Diretrizes Or\u00e7ament\u00e1ria (LDO), onde estar\u00e3o definidas a\u00e7\u00f5es priorit\u00e1rias a serem realizadas no pr\u00f3ximo exerc\u00edcio fiscal.<\/p>\n\n\n\n<!--more-->\n\n\n<div class=\"wp-block-image\">\n<figure class=\"alignleft size-full is-resized\"><img fetchpriority=\"high\" decoding=\"async\" src=\"https:\/\/www.portalalerta.com.br\/wp-content\/uploads\/2021\/04\/ELAB.jpg\" alt=\"\" class=\"wp-image-34795\" width=\"397\" height=\"317\" srcset=\"https:\/\/www.portalalerta.com.br\/wp-content\/uploads\/2021\/04\/ELAB.jpg 1000w, https:\/\/www.portalalerta.com.br\/wp-content\/uploads\/2021\/04\/ELAB-300x240.jpg 300w, https:\/\/www.portalalerta.com.br\/wp-content\/uploads\/2021\/04\/ELAB-768x614.jpg 768w, https:\/\/www.portalalerta.com.br\/wp-content\/uploads\/2021\/04\/ELAB-183x146.jpg 183w, https:\/\/www.portalalerta.com.br\/wp-content\/uploads\/2021\/04\/ELAB-50x40.jpg 50w, https:\/\/www.portalalerta.com.br\/wp-content\/uploads\/2021\/04\/ELAB-94x75.jpg 94w\" sizes=\"(max-width: 397px) 100vw, 397px\" \/><\/figure><\/div>\n\n\n<p>Para consultar a Popula\u00e7\u00e3o de maneira direta e eficaz a Prefeitura est\u00e1 adotando mais uma vez a metodologia desenvolvida durante o per\u00edodo da pandemia da Covid-19, quando foram criadas ferramentas de participa\u00e7\u00e3o popular de forma eletr\u00f4nica e a dist\u00e2ncia: est\u00e1 disponibilizando um formul\u00e1rio onde todos podem acessar atrav\u00e9s da internet e indicar as prioridades que considera importantes para o munic\u00edpio.<\/p>\n\n\n\n<p>A elabora\u00e7\u00e3o da LDO utilizando esse instrumento de participa\u00e7\u00e3o via internet atende os artigos 165 a 167 da Constitui\u00e7\u00e3o Federal, como tamb\u00e9m, cumpre exig\u00eancia da Lei de Responsabilidade Fiscal (Lei Complementar n\u00b0. 101\/2000), visando \u00e0 transpar\u00eancia na gest\u00e3o fiscal e incentivar a participa\u00e7\u00e3o popular.<\/p>\n\n\n\n<p>A consulta foi iniciada nessa segunda-feira, 24 de abril e vai at\u00e9 o dia 14 de maio. O Per\u00edodo de consulta antecede a prepara\u00e7\u00e3o do Projeto de Lei que ainda receber\u00e1 contribui\u00e7\u00e3o das secretarias e antes de ser enviado \u00e0 Casa Legislativa para aprova\u00e7\u00e3o.<\/p>\n\n\n\n<p><a href=\"https:\/\/docs.google.com\/forms\/d\/e\/1FAIpQLSevSlO_CCp_Z2j16W7Xi2SqRjY87uMhG1sBERNa7nlPH47oWw\/viewform\" target=\"_blank\" rel=\"noreferrer noopener\"><strong><\/strong><strong>Acesse o link aqui e participe com sua opini\u00e3o<\/strong><\/a><\/p>\n\n\n\n<p><em>Fonte: SECOM\/ Ribeira do Pombal<\/em><\/p>\n","protected":false},"excerpt":{"rendered":"<p>A Prefeitura de Ribeira do Pombal-BA come\u00e7ou o processo de prepara\u00e7\u00e3o do or\u00e7amento para o ano 2024. O primeiro passo \u00e9 a elabora\u00e7\u00e3o da Lei de Diretrizes Or\u00e7ament\u00e1ria (LDO), onde estar\u00e3o definidas a\u00e7\u00f5es priorit\u00e1rias a serem realizadas no pr\u00f3ximo exerc\u00edcio fiscal.<\/p>\n","protected":false},"author":2,"featured_media":46959,"comment_status":"open","ping_status":"open","sticky":false,"template":"","format":"standard","meta":{"om_disable_all_campaigns":false,"_monsterinsights_skip_tracking":false,"_monsterinsights_sitenote_active":false,"_monsterinsights_sitenote_note":"","_monsterinsights_sitenote_category":0,"footnotes":""},"categories":[70,69,32,3],"tags":[100,71,48,75,4178,6052,4180,129,107,4181,132,230,1292,106,203,120,51,145,109,88,47,111,190],"class_list":["post-48668","post","type-post","status-publish","format-standard","has-post-thumbnail","hentry","category-destaques","category-noticias2","category-regiao","category-ribeira-do-pombal","tag-adustina","tag-antas","tag-araci","tag-cicero-dantas","tag-cipo-2","tag-consulta-virtual","tag-crisopolis-2","tag-euclides-da-cunha","tag-fatima","tag-heliopolis-2","tag-itapicuru","tag-jeremoabo","tag-ldo","tag-nova-soure","tag-novo-triunfo","tag-olindina","tag-paripiranga","tag-prefeitura","tag-quijingue","tag-ribeira-do-amparo","tag-ribeira-do-pombal","tag-sitio-do-quinto","tag-tucano"],"aioseo_notices":[],"_links":{"self":[{"href":"https:\/\/www.portalalerta.com.br\/index.php\/wp-json\/wp\/v2\/posts\/48668","targetHints":{"allow":["GET"]}}],"collection":[{"href":"https:\/\/www.portalalerta.com.br\/index.php\/wp-json\/wp\/v2\/posts"}],"about":[{"href":"https:\/\/www.portalalerta.com.br\/index.php\/wp-json\/wp\/v2\/types\/post"}],"author":[{"embeddable":true,"href":"https:\/\/www.portalalerta.com.br\/index.php\/wp-json\/wp\/v2\/users\/2"}],"replies":[{"embeddable":true,"href":"https:\/\/www.portalalerta.com.br\/index.php\/wp-json\/wp\/v2\/comments?post=48668"}],"version-history":[{"count":1,"href":"https:\/\/www.portalalerta.com.br\/index.php\/wp-json\/wp\/v2\/posts\/48668\/revisions"}],"predecessor-version":[{"id":48669,"href":"https:\/\/www.portalalerta.com.br\/index.php\/wp-json\/wp\/v2\/posts\/48668\/revisions\/48669"}],"wp:featuredmedia":[{"embeddable":true,"href":"https:\/\/www.portalalerta.com.br\/index.php\/wp-json\/wp\/v2\/media\/46959"}],"wp:attachment":[{"href":"https:\/\/www.portalalerta.com.br\/index.php\/wp-json\/wp\/v2\/media?parent=48668"}],"wp:term":[{"taxonomy":"category","embeddable":true,"href":"https:\/\/www.portalalerta.com.br\/index.php\/wp-json\/wp\/v2\/categories?post=48668"},{"taxonomy":"post_tag","embeddable":true,"href":"https:\/\/www.portalalerta.com.br\/index.php\/wp-json\/wp\/v2\/tags?post=48668"}],"curies":[{"name":"wp","href":"https:\/\/api.w.org\/{rel}","templated":true}]}}