{"id":48670,"date":"2023-04-26T07:02:00","date_gmt":"2023-04-26T10:02:00","guid":{"rendered":"https:\/\/www.portalalerta.com.br\/?p=48670"},"modified":"2023-04-25T23:47:31","modified_gmt":"2023-04-26T02:47:31","slug":"camara-aprova-regime-de-urgencia-para-votacao-do-pl-das-fake-news","status":"publish","type":"post","link":"https:\/\/www.portalalerta.com.br\/index.php\/2023\/04\/26\/camara-aprova-regime-de-urgencia-para-votacao-do-pl-das-fake-news\/","title":{"rendered":"C\u00e2mara aprova regime de urg\u00eancia para vota\u00e7\u00e3o do PL das fake news"},"content":{"rendered":"\n<p><em>M\u00e9rito do projeto ser\u00e1 analisado na pr\u00f3xima semana<\/em><\/p>\n\n\n\n<!--more-->\n\n\n\n<p>A C\u00e2mara dos Deputados aprovou nesta ter\u00e7a-feira (25), por 238 votos a 192, o pedido de urg\u00eancia para an\u00e1lise do PL das fake news. A proposta cria a Lei Brasileira de Liberdade, Responsabilidade e Transpar\u00eancia na Internet.<\/p>\n\n\n<div class=\"wp-block-image\">\n<figure class=\"alignleft size-full\"><img fetchpriority=\"high\" decoding=\"async\" width=\"400\" height=\"300\" src=\"https:\/\/www.portalalerta.com.br\/wp-content\/uploads\/2023\/01\/Auto-Escola-Sonho.jpg\" alt=\"\" class=\"wp-image-47083\" srcset=\"https:\/\/www.portalalerta.com.br\/wp-content\/uploads\/2023\/01\/Auto-Escola-Sonho.jpg 400w, https:\/\/www.portalalerta.com.br\/wp-content\/uploads\/2023\/01\/Auto-Escola-Sonho-320x240.jpg 320w\" sizes=\"(max-width: 400px) 100vw, 400px\" \/><\/figure><\/div>\n\n\n<p>Ap\u00f3s acordo anunciado pelo presidente da C\u00e2mara dos Deputados, Arthur Lira (PP-AL), os l\u00edderes decidiram votar urg\u00eancia na noite de hoje e a an\u00e1lise do m\u00e9rito na pr\u00f3xima semana. A medida foi articulada para que o relator, deputado Orlando Silva (PCdoB-SP), possa negociar as mudan\u00e7as propostas pelos partidos.<\/p>\n\n\n\n<p>Durante a sess\u00e3o desta noite, deputados contr\u00e1rios \u00e0 proposta&nbsp;negaram o acordo. Novo, PL e Frente Parlamentar Evang\u00e9lica se posicionaram contra a vota\u00e7\u00e3o da urg\u00eancia. Arthur Lira, no entanto, manteve a vota\u00e7\u00e3o sob o argumento de que a inclus\u00e3o do texto na pauta era sua &#8220;prerrogativa regimental&#8221;. &nbsp;<\/p>\n\n\n\n<p><strong>Responsabiliza\u00e7\u00e3o<\/strong><\/p>\n\n\n\n<p>Em meio a muita pol\u00eamica, o PL das fake news aguarda a vota\u00e7\u00e3o dos deputados desde junho de 2020, quando foi aprovado pelo Senado. Na ocasi\u00e3o, o texto seguiu para C\u00e2mara, onde mudou quase completamente. No ano passado, parlamentares rejeitaram a vota\u00e7\u00e3o em regime de urg\u00eancia por apenas oito votos e&nbsp;voltou ao est\u00e1gio em que precisa transitar por comiss\u00f5es ou grupo de trabalho espec\u00edfico.&nbsp;<\/p>\n\n\n\n<p>O projeto de lei prev\u00ea a transpar\u00eancia de redes sociais e de servi\u00e7os de mensagens privadas, sobretudo quanto \u00e0 responsabilidade dos provedores no combate \u00e0 desinforma\u00e7\u00e3o. A proposta tamb\u00e9m determina o aumento da transpar\u00eancia em rela\u00e7\u00e3o a conte\u00fados patrocinados e \u00e0 atua\u00e7\u00e3o do poder p\u00fablico.&nbsp;<\/p>\n\n\n\n<p>O texto estabelece pris\u00e3o de um a tr\u00eas anos e multa para quem promover ou financiar a dissemina\u00e7\u00e3o em massa de mensagens que contenham <strong><em>\u201cfato que se sabe inver\u00eddico\u201d<\/em><\/strong> e que possa comprometer a <strong><em>\u201chigidez\u201d<\/em><\/strong> do processo eleitoral ou causar dano \u00e0 integridade f\u00edsica. Al\u00e9m disso, as plataformas ter\u00e3o de publicar regularmente relat\u00f3rios semestrais de transpar\u00eancia com informa\u00e7\u00f5es sobre a modera\u00e7\u00e3o de conte\u00fado falso.<\/p>\n\n\n\n<p><em>Fonte: Ag\u00eancia Brasil<\/em><\/p>\n","protected":false},"excerpt":{"rendered":"<p>M\u00e9rito do projeto ser\u00e1 analisado na pr\u00f3xima semana<\/p>\n","protected":false},"author":2,"featured_media":22215,"comment_status":"open","ping_status":"open","sticky":false,"template":"","format":"standard","meta":{"om_disable_all_campaigns":false,"_monsterinsights_skip_tracking":false,"_monsterinsights_sitenote_active":false,"_monsterinsights_sitenote_note":"","_monsterinsights_sitenote_category":0,"footnotes":""},"categories":[34,70,69,21],"tags":[100,71,48,93,186,75,4178,4180,129,3399,821,107,4181,132,230,106,203,120,51,199,109,88,47,111,190],"class_list":["post-48670","post","type-post","status-publish","format-standard","has-post-thumbnail","hentry","category-brasil","category-destaques","category-noticias2","category-politica","tag-adustina","tag-antas","tag-araci","tag-brasil","tag-camara-dos-deputados","tag-cicero-dantas","tag-cipo-2","tag-crisopolis-2","tag-euclides-da-cunha","tag-fake-news","tag-fakenews","tag-fatima","tag-heliopolis-2","tag-itapicuru","tag-jeremoabo","tag-nova-soure","tag-novo-triunfo","tag-olindina","tag-paripiranga","tag-politica","tag-quijingue","tag-ribeira-do-amparo","tag-ribeira-do-pombal","tag-sitio-do-quinto","tag-tucano"],"aioseo_notices":[],"_links":{"self":[{"href":"https:\/\/www.portalalerta.com.br\/index.php\/wp-json\/wp\/v2\/posts\/48670","targetHints":{"allow":["GET"]}}],"collection":[{"href":"https:\/\/www.portalalerta.com.br\/index.php\/wp-json\/wp\/v2\/posts"}],"about":[{"href":"https:\/\/www.portalalerta.com.br\/index.php\/wp-json\/wp\/v2\/types\/post"}],"author":[{"embeddable":true,"href":"https:\/\/www.portalalerta.com.br\/index.php\/wp-json\/wp\/v2\/users\/2"}],"replies":[{"embeddable":true,"href":"https:\/\/www.portalalerta.com.br\/index.php\/wp-json\/wp\/v2\/comments?post=48670"}],"version-history":[{"count":1,"href":"https:\/\/www.portalalerta.com.br\/index.php\/wp-json\/wp\/v2\/posts\/48670\/revisions"}],"predecessor-version":[{"id":48671,"href":"https:\/\/www.portalalerta.com.br\/index.php\/wp-json\/wp\/v2\/posts\/48670\/revisions\/48671"}],"wp:featuredmedia":[{"embeddable":true,"href":"https:\/\/www.portalalerta.com.br\/index.php\/wp-json\/wp\/v2\/media\/22215"}],"wp:attachment":[{"href":"https:\/\/www.portalalerta.com.br\/index.php\/wp-json\/wp\/v2\/media?parent=48670"}],"wp:term":[{"taxonomy":"category","embeddable":true,"href":"https:\/\/www.portalalerta.com.br\/index.php\/wp-json\/wp\/v2\/categories?post=48670"},{"taxonomy":"post_tag","embeddable":true,"href":"https:\/\/www.portalalerta.com.br\/index.php\/wp-json\/wp\/v2\/tags?post=48670"}],"curies":[{"name":"wp","href":"https:\/\/api.w.org\/{rel}","templated":true}]}}