{"id":48677,"date":"2023-04-26T11:01:00","date_gmt":"2023-04-26T14:01:00","guid":{"rendered":"https:\/\/www.portalalerta.com.br\/?p=48677"},"modified":"2023-04-26T00:35:54","modified_gmt":"2023-04-26T03:35:54","slug":"major-diz-que-golpistas-exigiram-agua-durante-vandalismo-do-planalto","status":"publish","type":"post","link":"https:\/\/www.portalalerta.com.br\/index.php\/2023\/04\/26\/major-diz-que-golpistas-exigiram-agua-durante-vandalismo-do-planalto\/","title":{"rendered":"Major diz que golpistas exigiram \u00e1gua durante vandalismo do Planalto"},"content":{"rendered":"\n<p><em>Funcion\u00e1rio do GSI no dia dos atos de 8\/1 dep\u00f4s \u00e0 Pol\u00edcia Federal<\/em><\/p>\n\n\n\n<!--more-->\n\n\n\n<p>O major do Ex\u00e9rcito Jos\u00e9 Eduardo Natali, que estava lotado no Gabinete de Seguran\u00e7a Institucional (GSI) no dia dos atos golpistas de 8 de janeiro, disse em depoimento \u00e0 Pol\u00edcia Federal (PF) que entregou garrafas de \u00e1gua aos v\u00e2ndalos para acalm\u00e1-los e evitar que quebrassem as instala\u00e7\u00f5es de uma copa.<\/p>\n\n\n<div class=\"wp-block-image\">\n<figure class=\"alignleft size-full is-resized\"><img fetchpriority=\"high\" decoding=\"async\" src=\"https:\/\/www.portalalerta.com.br\/wp-content\/uploads\/2021\/04\/ELAB.jpg\" alt=\"\" class=\"wp-image-34795\" width=\"380\" height=\"303\" srcset=\"https:\/\/www.portalalerta.com.br\/wp-content\/uploads\/2021\/04\/ELAB.jpg 1000w, https:\/\/www.portalalerta.com.br\/wp-content\/uploads\/2021\/04\/ELAB-300x240.jpg 300w, https:\/\/www.portalalerta.com.br\/wp-content\/uploads\/2021\/04\/ELAB-768x614.jpg 768w, https:\/\/www.portalalerta.com.br\/wp-content\/uploads\/2021\/04\/ELAB-183x146.jpg 183w, https:\/\/www.portalalerta.com.br\/wp-content\/uploads\/2021\/04\/ELAB-50x40.jpg 50w, https:\/\/www.portalalerta.com.br\/wp-content\/uploads\/2021\/04\/ELAB-94x75.jpg 94w\" sizes=\"(max-width: 380px) 100vw, 380px\" \/><\/figure><\/div>\n\n\n<p>Natali e mais oito militares da pasta prestaram depoimento \u00e0 PF no \u00faltimo domingo (23) ap\u00f3s a divulga\u00e7\u00e3o de imagens das c\u00e2meras do interior do Pal\u00e1cio do Planalto durante a a\u00e7\u00e3o dos golpistas.<\/p>\n\n\n\n<p>Na grava\u00e7\u00e3o, o major aparece dando \u00e1gua para os invasores. Os depoimentos foram enviados hoje (25) ao ministro Alexandre de Moraes, do Supremo Tribunal Federal (STF), relator das investiga\u00e7\u00f5es sobre o dia 8 de janeiro.<\/p>\n\n\n\n<p>Aos investigadores, o major disse estava sozinho no momento registrado pelas c\u00e2meras e afirmou que pediu para os golpistas sa\u00edrem do pr\u00e9dio.<\/p>\n\n\n\n<p><strong><em>\u201cQue em outro momento, foi em dire\u00e7\u00e3o \u00e0 copa, pegou uma \u00e1gua e logo apareceram 3 ou 4 manifestantes que estavam exaltados. Os manifestantes questionaram de forma exaltada [que] local era aquele, ocasi\u00e3o na qual respondeu que se tratava de uma copa. Que ent\u00e3o os manifestantes exigiram que lhes dessem \u00e1gua. Que o declarante entregou algumas garrafas de \u00e1gua com o intuito de acalm\u00e1-los e que n\u00e3o danificassem a copa e ainda solicitou que sa\u00edssem do local. Que o declarante encontrava-se sozinho at\u00e9 o momento. Sem nenhum agente p\u00fablico por aproximadamente uma hora e que durante esse per\u00edodo permaneceu em contato com seus superiores pedindo refor\u00e7o e atualizando-os sobre a situa\u00e7\u00e3o da invas\u00e3o\u201d,<\/em><\/strong> diz o depoimento.<\/p>\n\n\n\n<p>Ele tamb\u00e9m relatou aos delegados que se infiltrou no meio dos v\u00e2ndalos ao ser avisado que a <strong><em>\u201cseguran\u00e7a tinha colapsado\u201d<\/em><\/strong> e que foi hostilizado pelos golpistas. <strong><em>\u201cQue ent\u00e3o foi informado pelo coronel que a seguran\u00e7a do PP [Pal\u00e1cio do Planalto] havia colapsado. Que retirou o palet\u00f3, a gravata e a pistola para infiltrar-se no Pal\u00e1cio tomado pelos manifestantes, a fim de conter danos, bem corno evitar o furto de sua arma, j\u00e1 que estava sozinho\u201d<\/em><\/strong>, declarou.<\/p>\n\n\n\n<p><strong>Alerta laranja<\/strong><\/p>\n\n\n\n<p>Natali tamb\u00e9m confirmou que, para aquele dia, existia um alerta de cor laranja de seguran\u00e7a por parte do setor de avalia\u00e7\u00e3o de riscos do \u00f3rg\u00e3o. Segundo ele, o grau corresponde ao terceiro n\u00edvel de risco, num total de cinco.<\/p>\n\n\n\n<p><strong><em>\u201cQue a t\u00edtulo de exemplo, o evento de posse presidencial era n\u00edvel vermelho ou preto (4\u00ba ou 5\u00ba n\u00edvel). Que para o n\u00edvel de criticidade laranja, o efetivo previsto era de um pelot\u00e3o, compreendendo cerca de 30 a 40 pessoas de prontid\u00e3o no Pal\u00e1cio do Planalto (no dia 08 o pelot\u00e3o chegou por volta de 12 h)\u201d<\/em><\/strong>, diz trecho do depoimento.<\/p>\n\n\n\n<p><strong>Gon\u00e7alves Dias<\/strong><\/p>\n\n\n\n<p>O tenente-coronel do Corpo de Bombeiros do Distrito Federal Marcos Vin\u00edcius Braz de Camargo, que trabalhava como assessor parlamentar do GSI, tamb\u00e9m prestou depoimento disse que encontrou com o ex-ministro do GSI Gon\u00e7alves Dias no pr\u00e9dio durante a depreda\u00e7\u00e3o.<\/p>\n\n\n\n<p><strong><em>\u201cE o declarante encontrou com o gen. Gon\u00e7alves Dias no terceiro piso e procurou saber se ele estava bem, ao que o general respondeu que quase havia sido agredido por um manifestante\u201d,<\/em><\/strong> disse.<\/p>\n\n\n\n<p>Na \u00faltima quarta-feira (19), Dias pediu demiss\u00e3o do cargo ap\u00f3s imagens divulgadas pela CNN Brasil mostrarem ele e outros funcion\u00e1rios do GSI no interior do Pal\u00e1cio do Planalto<\/p>\n\n\n\n<p>Ontem (24), o ministro interino do GSI, Ricardo Cappelli, disse que pretende\u00a0acelerar a troca de servidores\u00a0que permanecem no \u00f3rg\u00e3o desde o governo passado. Cappelli tamb\u00e9m informou que cerca de 35% dos servidores foram trocados desde o in\u00edcio do novo governo.<\/p>\n\n\n\n<p><em>Fonte: Ag\u00eancia Brasil<\/em><\/p>\n","protected":false},"excerpt":{"rendered":"<p>Funcion\u00e1rio do GSI no dia dos atos de 8\/1 dep\u00f4s \u00e0 Pol\u00edcia Federal<\/p>\n","protected":false},"author":2,"featured_media":46715,"comment_status":"open","ping_status":"open","sticky":false,"template":"","format":"standard","meta":{"om_disable_all_campaigns":false,"_monsterinsights_skip_tracking":false,"_monsterinsights_sitenote_active":false,"_monsterinsights_sitenote_note":"","_monsterinsights_sitenote_category":0,"footnotes":""},"categories":[34,70,69,21,22],"tags":[100,71,48,93,786,75,4178,4180,129,107,4181,132,230,475,106,203,120,51,109,88,47,111,171],"class_list":["post-48677","post","type-post","status-publish","format-standard","has-post-thumbnail","hentry","category-brasil","category-destaques","category-noticias2","category-politica","category-seguranca","tag-adustina","tag-antas","tag-araci","tag-brasil","tag-brasilia","tag-cicero-dantas","tag-cipo-2","tag-crisopolis-2","tag-euclides-da-cunha","tag-fatima","tag-heliopolis-2","tag-itapicuru","tag-jeremoabo","tag-manifestacao","tag-nova-soure","tag-novo-triunfo","tag-olindina","tag-paripiranga","tag-quijingue","tag-ribeira-do-amparo","tag-ribeira-do-pombal","tag-sitio-do-quinto","tag-vandalismo"],"aioseo_notices":[],"_links":{"self":[{"href":"https:\/\/www.portalalerta.com.br\/index.php\/wp-json\/wp\/v2\/posts\/48677","targetHints":{"allow":["GET"]}}],"collection":[{"href":"https:\/\/www.portalalerta.com.br\/index.php\/wp-json\/wp\/v2\/posts"}],"about":[{"href":"https:\/\/www.portalalerta.com.br\/index.php\/wp-json\/wp\/v2\/types\/post"}],"author":[{"embeddable":true,"href":"https:\/\/www.portalalerta.com.br\/index.php\/wp-json\/wp\/v2\/users\/2"}],"replies":[{"embeddable":true,"href":"https:\/\/www.portalalerta.com.br\/index.php\/wp-json\/wp\/v2\/comments?post=48677"}],"version-history":[{"count":1,"href":"https:\/\/www.portalalerta.com.br\/index.php\/wp-json\/wp\/v2\/posts\/48677\/revisions"}],"predecessor-version":[{"id":48678,"href":"https:\/\/www.portalalerta.com.br\/index.php\/wp-json\/wp\/v2\/posts\/48677\/revisions\/48678"}],"wp:featuredmedia":[{"embeddable":true,"href":"https:\/\/www.portalalerta.com.br\/index.php\/wp-json\/wp\/v2\/media\/46715"}],"wp:attachment":[{"href":"https:\/\/www.portalalerta.com.br\/index.php\/wp-json\/wp\/v2\/media?parent=48677"}],"wp:term":[{"taxonomy":"category","embeddable":true,"href":"https:\/\/www.portalalerta.com.br\/index.php\/wp-json\/wp\/v2\/categories?post=48677"},{"taxonomy":"post_tag","embeddable":true,"href":"https:\/\/www.portalalerta.com.br\/index.php\/wp-json\/wp\/v2\/tags?post=48677"}],"curies":[{"name":"wp","href":"https:\/\/api.w.org\/{rel}","templated":true}]}}