{"id":48749,"date":"2023-05-01T11:00:12","date_gmt":"2023-05-01T14:00:12","guid":{"rendered":"https:\/\/www.portalalerta.com.br\/?p=48749"},"modified":"2023-05-01T11:00:26","modified_gmt":"2023-05-01T14:00:26","slug":"queda-no-preco-do-gas-natural-entra-em-vigor-nesta-segunda-feira","status":"publish","type":"post","link":"https:\/\/www.portalalerta.com.br\/index.php\/2023\/05\/01\/queda-no-preco-do-gas-natural-entra-em-vigor-nesta-segunda-feira\/","title":{"rendered":"Queda no pre\u00e7o do g\u00e1s natural entra em vigor nesta segunda-feira"},"content":{"rendered":"\n<p><em>De acordo com a Petrobras, a redu\u00e7\u00e3o m\u00e9dia \u00e9 de 8,1%<\/em><\/p>\n\n\n\n<!--more-->\n\n\n\n<p>Come\u00e7a a valer, nesta segunda-feira (1\u00b0), a redu\u00e7\u00e3o m\u00e9dia de 8,1% no pre\u00e7o do g\u00e1s natural, conforme anunciado pela Petrobras no m\u00eas passado.<\/p>\n\n\n\n<p>De acordo com a empresa, os contratos com as distribuidoras preveem atualiza\u00e7\u00f5es trimestrais do pre\u00e7o do g\u00e1s e vinculam os reajustes \u00e0s oscila\u00e7\u00f5es do petr\u00f3leo Brent e da taxa de c\u00e2mbio.<\/p>\n\n\n<div class=\"wp-block-image\">\n<figure class=\"alignleft size-full is-resized\"><img fetchpriority=\"high\" decoding=\"async\" src=\"https:\/\/www.portalalerta.com.br\/wp-content\/uploads\/2021\/04\/ELAB.jpg\" alt=\"\" class=\"wp-image-34795\" width=\"392\" height=\"313\" srcset=\"https:\/\/www.portalalerta.com.br\/wp-content\/uploads\/2021\/04\/ELAB.jpg 1000w, https:\/\/www.portalalerta.com.br\/wp-content\/uploads\/2021\/04\/ELAB-300x240.jpg 300w, https:\/\/www.portalalerta.com.br\/wp-content\/uploads\/2021\/04\/ELAB-768x614.jpg 768w, https:\/\/www.portalalerta.com.br\/wp-content\/uploads\/2021\/04\/ELAB-183x146.jpg 183w, https:\/\/www.portalalerta.com.br\/wp-content\/uploads\/2021\/04\/ELAB-50x40.jpg 50w, https:\/\/www.portalalerta.com.br\/wp-content\/uploads\/2021\/04\/ELAB-94x75.jpg 94w\" sizes=\"(max-width: 392px) 100vw, 392px\" \/><\/figure><\/div>\n\n\n<p>No trimestre encerrado em abril, o pre\u00e7o do petr\u00f3leo recuou cerca de 8,7%. J\u00e1 o c\u00e2mbio teve aprecia\u00e7\u00e3o de aproximadamente 1,1%. \u201cA parcela do pre\u00e7o relacionada ao transporte do g\u00e1s \u00e9 atualizada anualmente no m\u00eas de maio, vinculada \u00e0 varia\u00e7\u00e3o do IGP-M, e sofrer\u00e1 atualiza\u00e7\u00e3o de aproximadamente 0,2% a partir de maio de 2023\u201d, informou a petrol\u00edfera.<\/p>\n\n\n\n<p>Desde o in\u00edcio do ano, o pre\u00e7o do g\u00e1s vendido pela Petrobras \u00e0s distribuidoras acumula queda de 19%.<\/p>\n\n\n\n<p><strong><em>\u201cA Petrobras ressalta que o pre\u00e7o final do g\u00e1s natural ao consumidor n\u00e3o \u00e9 determinado apenas pelo pre\u00e7o de venda da companhia, mas tamb\u00e9m pelo portf\u00f3lio de suprimento de cada distribuidora, assim como por suas margens (e, no caso do GNV- G\u00e1s Natural Veicular, dos postos de revenda) e pelos tributos federais e estaduais. Al\u00e9m disso, as tarifas ao consumidor s\u00e3o aprovadas pelas ag\u00eancias reguladoras estaduais, conforme legisla\u00e7\u00e3o e regula\u00e7\u00e3o espec\u00edficas\u201d<\/em><\/strong>, informa a estatal.<\/p>\n\n\n\n<p>Segundo a Petrobras, a atualiza\u00e7\u00e3o do pre\u00e7o do g\u00e1s natural n\u00e3o afeta o pre\u00e7o do g\u00e1s de cozinha (GLP), envasado em botij\u00f5es ou vendido a granel.<\/p>\n\n\n\n<p><em>Fonte: Ag\u00eancia Brasil<\/em><\/p>\n","protected":false},"excerpt":{"rendered":"<p>De acordo com a Petrobras, a redu\u00e7\u00e3o m\u00e9dia \u00e9 de 8,1%<\/p>\n","protected":false},"author":2,"featured_media":7169,"comment_status":"open","ping_status":"open","sticky":false,"template":"","format":"standard","meta":{"om_disable_all_campaigns":false,"_monsterinsights_skip_tracking":false,"_monsterinsights_sitenote_active":false,"_monsterinsights_sitenote_note":"","_monsterinsights_sitenote_category":0,"footnotes":""},"categories":[34,70,69],"tags":[100,71,48,93,75,4178,4180,129,107,6059,4181,132,230,106,203,120,51,329,274,109,401,88,47,111,190],"class_list":["post-48749","post","type-post","status-publish","format-standard","has-post-thumbnail","hentry","category-brasil","category-destaques","category-noticias2","tag-adustina","tag-antas","tag-araci","tag-brasil","tag-cicero-dantas","tag-cipo-2","tag-crisopolis-2","tag-euclides-da-cunha","tag-fatima","tag-gas-natural","tag-heliopolis-2","tag-itapicuru","tag-jeremoabo","tag-nova-soure","tag-novo-triunfo","tag-olindina","tag-paripiranga","tag-petrobras","tag-preco","tag-quijingue","tag-reajuste-de-precos","tag-ribeira-do-amparo","tag-ribeira-do-pombal","tag-sitio-do-quinto","tag-tucano"],"aioseo_notices":[],"_links":{"self":[{"href":"https:\/\/www.portalalerta.com.br\/index.php\/wp-json\/wp\/v2\/posts\/48749","targetHints":{"allow":["GET"]}}],"collection":[{"href":"https:\/\/www.portalalerta.com.br\/index.php\/wp-json\/wp\/v2\/posts"}],"about":[{"href":"https:\/\/www.portalalerta.com.br\/index.php\/wp-json\/wp\/v2\/types\/post"}],"author":[{"embeddable":true,"href":"https:\/\/www.portalalerta.com.br\/index.php\/wp-json\/wp\/v2\/users\/2"}],"replies":[{"embeddable":true,"href":"https:\/\/www.portalalerta.com.br\/index.php\/wp-json\/wp\/v2\/comments?post=48749"}],"version-history":[{"count":1,"href":"https:\/\/www.portalalerta.com.br\/index.php\/wp-json\/wp\/v2\/posts\/48749\/revisions"}],"predecessor-version":[{"id":48750,"href":"https:\/\/www.portalalerta.com.br\/index.php\/wp-json\/wp\/v2\/posts\/48749\/revisions\/48750"}],"wp:featuredmedia":[{"embeddable":true,"href":"https:\/\/www.portalalerta.com.br\/index.php\/wp-json\/wp\/v2\/media\/7169"}],"wp:attachment":[{"href":"https:\/\/www.portalalerta.com.br\/index.php\/wp-json\/wp\/v2\/media?parent=48749"}],"wp:term":[{"taxonomy":"category","embeddable":true,"href":"https:\/\/www.portalalerta.com.br\/index.php\/wp-json\/wp\/v2\/categories?post=48749"},{"taxonomy":"post_tag","embeddable":true,"href":"https:\/\/www.portalalerta.com.br\/index.php\/wp-json\/wp\/v2\/tags?post=48749"}],"curies":[{"name":"wp","href":"https:\/\/api.w.org\/{rel}","templated":true}]}}